{"id":366559,"date":"2025-09-04T20:47:10","date_gmt":"2025-09-04T20:47:10","guid":{"rendered":"https:\/\/www.europesays.com\/fr\/366559\/"},"modified":"2025-09-04T20:47:10","modified_gmt":"2025-09-04T20:47:10","slug":"combodo-celebre-ses-quinze-ans-et-revient-sur-son-parcours","status":"publish","type":"post","link":"https:\/\/www.europesays.com\/fr\/366559\/","title":{"rendered":"Combodo c\u00e9l\u00e8bre ses quinze ans et revient sur son parcours"},"content":{"rendered":"<p>                                                        <img loading=\"lazy\" decoding=\"async\" width=\"544\" height=\"363\" src=\"data:image\/svg+xml,%3Csvg%20xmlns=\" http:=\"\" class=\"thumb img-responsive m-x-auto block w-full\" alt=\"lyon entreprises grenoble technologie innovation\" caption=\"\" data-lazy-src=\"https:\/\/www.europesays.com\/fr\/wp-content\/uploads\/2025\/05\/lyon-entreprises-grenoble-technologie-innovation.jpg\"\/><\/p>\n<p class=\"ez-toc-title ez-toc-toggle\" style=\"cursor: pointer\">Sommaire &amp; acc\u00e8s rapide<\/p>\n<p><a href=\"#\" class=\"ez-toc-pull-right ez-toc-btn ez-toc-btn-xs ez-toc-btn-default ez-toc-toggle\" aria-label=\"Toggle Table of Content\">Toggle<\/a><\/p>\n<p><strong>L\u2019\u00e9diteur open source grenoblois, cr\u00e9ateur de la solution iTop, f\u00eate son quinzi\u00e8me anniversaire. De ses d\u00e9buts comme projet communautaire en 2009 \u00e0 son statut actuel d\u2019\u00e9diteur reconnu de solutions ITSM, Combodo retrace une aventure marqu\u00e9e par l\u2019innovation, la collaboration et la fid\u00e9lit\u00e9 de ses partenaires.<\/strong><\/p>\n<p>Aux origines d\u2019iTop<\/p>\n<p>Avant Combodo, il y a eu une id\u00e9e. D\u00e9but 2009, trois anciens coll\u00e8gues d\u2019HP \u2013 Erwan Taloc, Denis Flaven et Romain Quetiez \u2013 d\u00e9cident de cr\u00e9er un outil de gestion des services informatiques plus simple et plus accessible. En mai de la m\u00eame ann\u00e9e, ils publient la premi\u00e8re version d\u2019iTop, la 0.7, sur SourceForge. Les d\u00e9buts sont modestes avec 90 t\u00e9l\u00e9chargements en un mois, mais la dynamique s\u2019installe rapidement : 250 en juillet, 800 en ao\u00fbt. La communaut\u00e9 se structure, sans mod\u00e8le \u00e9conomique \u00e0 l\u2019\u00e9poque, mais avec une vision forte.<\/p>\n<p>La naissance de Combodo<\/p>\n<p>En mars 2010, lors du salon Linux Open-Source \u00e0 Paris, une rencontre d\u00e9cisive a lieu avec David Guembel, fondateur d\u2019ITOMIG, qui deviendra le premier partenaire fid\u00e8le. Le 26 mai 2010, Combodo est officiellement cr\u00e9\u00e9e pour soutenir et d\u00e9velopper l\u2019\u00e9cosyst\u00e8me iTop. Les premiers clients, parfois h\u00e9sitants sur la p\u00e9rennit\u00e9 de la jeune structure, sont encore aux c\u00f4t\u00e9s de l\u2019entreprise aujourd\u2019hui, t\u00e9moignant de sa solidit\u00e9.<\/p>\n<p>D\u2019un prestataire de services \u00e0 \u00e9diteur logiciel<\/p>\n<p>Dans un premier temps, Combodo se positionne comme soci\u00e9t\u00e9 de services, en lien \u00e9troit avec sa communaut\u00e9. Mais en 2014, l\u2019entreprise op\u00e8re un virage strat\u00e9gique : elle devient un \u00e9diteur de logiciel \u00e0 part enti\u00e8re. iTop \u00e9volue alors d\u2019une simple CMDB vers une plateforme ITSM compl\u00e8te, renforc\u00e9e par de nouvelles fonctionnalit\u00e9s et une ouverture vers des solutions SaaS.<\/p>\n<p>La force de la communaut\u00e9<\/p>\n<p>En 2016, les premi\u00e8res Rencontres iTop Communaut\u00e9 (RIC) sont organis\u00e9es, offrant un lieu d\u2019\u00e9changes entre utilisateurs, partenaires et contributeurs. Ces rendez-vous incarnent l\u2019esprit collaboratif qui anime Combodo depuis ses origines : un projet technique devenu une v\u00e9ritable communaut\u00e9.<\/p>\n<p>Un bilan en chiffres<\/p>\n<ul>\n<li>De 90 t\u00e9l\u00e9chargements mensuels en 2009 \u00e0 plus de 4 000 aujourd\u2019hui<\/li>\n<li>16 versions majeures publi\u00e9es en 15 ans<\/li>\n<li>De 3 fondateurs \u00e0 une \u00e9quipe de 40 collaborateurs<\/li>\n<li>Un chiffre d\u2019affaires d\u00e9passant 4 millions d\u2019euros<\/li>\n<li>Plus de 500 000 customisations r\u00e9alis\u00e9es via l\u2019ITSM Designer depuis 2014<\/li>\n<li>Un r\u00e9seau solide de clients, d\u2019utilisateurs et de partenaires<\/li>\n<li>30 % de l\u2019activit\u00e9 r\u00e9currente r\u00e9alis\u00e9e \u00e0 l\u2019international<\/li>\n<\/ul>\n<p>Une aventure qui continue<\/p>\n<p>De l\u2019id\u00e9e partag\u00e9e par trois d\u00e9veloppeurs \u00e0 Grenoble \u00e0 une entreprise internationale, Combodo illustre la r\u00e9ussite d\u2019un projet open source devenu une r\u00e9f\u00e9rence mondiale dans l\u2019ITSM. Quinze ans apr\u00e8s sa cr\u00e9ation, la soci\u00e9t\u00e9 confirme sa volont\u00e9 d\u2019innover et de rester au service de sa communaut\u00e9.<\/p>\n","protected":false},"excerpt":{"rendered":"Sommaire &amp; acc\u00e8s rapide Toggle L\u2019\u00e9diteur open source grenoblois, cr\u00e9ateur de la solution iTop, f\u00eate son quinzi\u00e8me anniversaire.&hellip;\n","protected":false},"author":2,"featured_media":112349,"comment_status":"","ping_status":"","sticky":false,"template":"","format":"standard","meta":{"footnotes":""},"categories":[9566],"tags":[1111,11,2430,1777,674,1011,27,2731,12,25],"class_list":{"0":"post-366559","1":"post","2":"type-post","3":"status-publish","4":"format-standard","5":"has-post-thumbnail","7":"category-grenoble","8":"tag-actu","9":"tag-actualites","10":"tag-auvergne-rhone-alpes","11":"tag-eu","12":"tag-europe","13":"tag-fr","14":"tag-france","15":"tag-grenoble","16":"tag-news","17":"tag-republique-francaise"},"share_on_mastodon":{"url":"https:\/\/pubeurope.com\/@fr\/115147993467550625","error":""},"_links":{"self":[{"href":"https:\/\/www.europesays.com\/fr\/wp-json\/wp\/v2\/posts\/366559","targetHints":{"allow":["GET"]}}],"collection":[{"href":"https:\/\/www.europesays.com\/fr\/wp-json\/wp\/v2\/posts"}],"about":[{"href":"https:\/\/www.europesays.com\/fr\/wp-json\/wp\/v2\/types\/post"}],"author":[{"embeddable":true,"href":"https:\/\/www.europesays.com\/fr\/wp-json\/wp\/v2\/users\/2"}],"replies":[{"embeddable":true,"href":"https:\/\/www.europesays.com\/fr\/wp-json\/wp\/v2\/comments?post=366559"}],"version-history":[{"count":0,"href":"https:\/\/www.europesays.com\/fr\/wp-json\/wp\/v2\/posts\/366559\/revisions"}],"wp:featuredmedia":[{"embeddable":true,"href":"https:\/\/www.europesays.com\/fr\/wp-json\/wp\/v2\/media\/112349"}],"wp:attachment":[{"href":"https:\/\/www.europesays.com\/fr\/wp-json\/wp\/v2\/media?parent=366559"}],"wp:term":[{"taxonomy":"category","embeddable":true,"href":"https:\/\/www.europesays.com\/fr\/wp-json\/wp\/v2\/categories?post=366559"},{"taxonomy":"post_tag","embeddable":true,"href":"https:\/\/www.europesays.com\/fr\/wp-json\/wp\/v2\/tags?post=366559"}],"curies":[{"name":"wp","href":"https:\/\/api.w.org\/{rel}","templated":true}]}}