{"id":366560,"date":"2025-09-04T20:48:11","date_gmt":"2025-09-04T20:48:11","guid":{"rendered":"https:\/\/www.europesays.com\/fr\/366560\/"},"modified":"2025-09-04T20:48:11","modified_gmt":"2025-09-04T20:48:11","slug":"portraits-de-fab-facilitateurs-a-la-casemate-echosciences","status":"publish","type":"post","link":"https:\/\/www.europesays.com\/fr\/366560\/","title":{"rendered":"Portraits de Fab facilitateurs \u00e0 La Casemate | ECHOSCIENCES"},"content":{"rendered":"<p>&#13;<br \/>\n    D\u00e9couvrez les portraits vid\u00e9o des Fab facilitateurs de La Casemate, le centre de sciences de Grenoble.<br \/>&#13;\n<\/p>\n<p>&#13;<br \/>\n    Judith Ayraud&#13;<\/p>\n<p>&#13;<br \/>\n    Judith vous ouvre les portes du Fab Lab et partage son quotidien : accompagner les publics, transmettre, exp\u00e9rimenter, cr\u00e9er\u2026 Judith revient sur ce qui la passionne dans son m\u00e9tier,  les qualit\u00e9s essentielles pour l\u2019exercer, et la diversit\u00e9 des personnes qu\u2019elle rencontre chaque jour.<br \/>&#13;\n<\/p>\n<\/p>\n<p>Ga\u00e9tan Bobichon<\/p>\n<p>Ga\u00e9tan nous partage ses motivations, un projet qui l&rsquo;a marqu\u00e9, et m\u00eame sa machine favorite. Cet \u00e9change met en lumi\u00e8re sa passion et son engagement pour favoriser l\u2019innovation et le partage de savoirs.  Un aper\u00e7u de son quotidien et de sa vision des Fab Labs !<\/p>\n<\/p>\n<p>Jenny Avila<\/p>\n<p>Jenny vous emm\u00e8ne dans les coulisses du Fab Lab, o\u00f9 elle accompagne petits et grands dans leurs projets : ateliers cr\u00e9atifs, d\u00e9couverte des machines, aide sur les logiciels, visites, permanences\u2026 et m\u00eame des animations hors les murs avec La Casemate Nomade.<\/p><\/p>\n","protected":false},"excerpt":{"rendered":"&#13; D\u00e9couvrez les portraits vid\u00e9o des Fab facilitateurs de La Casemate, le centre de sciences de Grenoble.&#13; &#13;&hellip;\n","protected":false},"author":2,"featured_media":366561,"comment_status":"","ping_status":"","sticky":false,"template":"","format":"standard","meta":{"footnotes":""},"categories":[9566],"tags":[1111,11,2430,1777,674,1011,27,2731,12,25],"class_list":{"0":"post-366560","1":"post","2":"type-post","3":"status-publish","4":"format-standard","5":"has-post-thumbnail","7":"category-grenoble","8":"tag-actu","9":"tag-actualites","10":"tag-auvergne-rhone-alpes","11":"tag-eu","12":"tag-europe","13":"tag-fr","14":"tag-france","15":"tag-grenoble","16":"tag-news","17":"tag-republique-francaise"},"share_on_mastodon":{"url":"https:\/\/pubeurope.com\/@fr\/115147997421835516","error":""},"_links":{"self":[{"href":"https:\/\/www.europesays.com\/fr\/wp-json\/wp\/v2\/posts\/366560","targetHints":{"allow":["GET"]}}],"collection":[{"href":"https:\/\/www.europesays.com\/fr\/wp-json\/wp\/v2\/posts"}],"about":[{"href":"https:\/\/www.europesays.com\/fr\/wp-json\/wp\/v2\/types\/post"}],"author":[{"embeddable":true,"href":"https:\/\/www.europesays.com\/fr\/wp-json\/wp\/v2\/users\/2"}],"replies":[{"embeddable":true,"href":"https:\/\/www.europesays.com\/fr\/wp-json\/wp\/v2\/comments?post=366560"}],"version-history":[{"count":0,"href":"https:\/\/www.europesays.com\/fr\/wp-json\/wp\/v2\/posts\/366560\/revisions"}],"wp:featuredmedia":[{"embeddable":true,"href":"https:\/\/www.europesays.com\/fr\/wp-json\/wp\/v2\/media\/366561"}],"wp:attachment":[{"href":"https:\/\/www.europesays.com\/fr\/wp-json\/wp\/v2\/media?parent=366560"}],"wp:term":[{"taxonomy":"category","embeddable":true,"href":"https:\/\/www.europesays.com\/fr\/wp-json\/wp\/v2\/categories?post=366560"},{"taxonomy":"post_tag","embeddable":true,"href":"https:\/\/www.europesays.com\/fr\/wp-json\/wp\/v2\/tags?post=366560"}],"curies":[{"name":"wp","href":"https:\/\/api.w.org\/{rel}","templated":true}]}}