{"id":366562,"date":"2025-09-04T20:49:12","date_gmt":"2025-09-04T20:49:12","guid":{"rendered":"https:\/\/www.europesays.com\/fr\/366562\/"},"modified":"2025-09-04T20:49:12","modified_gmt":"2025-09-04T20:49:12","slug":"bruno-retailleau-demande-aux-prefets-dentraver-toute-tentative-de-blocage-des-infrastructures-essentielles","status":"publish","type":"post","link":"https:\/\/www.europesays.com\/fr\/366562\/","title":{"rendered":"Bruno Retailleau demande aux pr\u00e9fets d&rsquo;entraver \u00ab\u00a0toute tentative de blocage des infrastructures essentielles\u00a0\u00bb"},"content":{"rendered":"\n<p class=\"c-chapo \">\n  \u00c0 l&rsquo;approche du 10 septembre, o\u00f9 les citoyens sont appel\u00e9s \u00e0 la mobilisation, notamment par les syndicats et une partie de la classe politique, le ministre de l&rsquo;Int\u00e9rieur anticipe et demande aux pr\u00e9fets de prot\u00e9ger toutes les infrastructures et de se pr\u00e9parer \u00e0 une gestion de crise.\n<\/p>\n<p>            lire plus tard<\/p>\n<p id=\"dialog__title\" class=\"dialog__title\">Pour sauvegarder cet article, connectez-vous ou cr\u00e9ez un compte franceinfo<\/p>\n<p class=\"dialog__description\">Sans paiement. Sans abonnement.<\/p>\n<p>        Fermer la fen\u00eatre d\u2019activation des notifications France Info<\/p>\n<p>            cr\u00e9er votre compte<\/p>\n<p>            se connecter<\/p>\n<p>        Fermer la fen\u00eatre de pr\u00e9sentation<\/p>\n<p>    <img loading=\"lazy\" decoding=\"async\" class=\"signature__image lazyload\" width=\"100\" height=\"100\" data- alt=\"\" src=\"https:\/\/www.europesays.com\/fr\/wp-content\/uploads\/2025\/05\/64a7df4c5fe71_placeholder-36b69ec8.png\"\/><\/p>\n<p>    Publi\u00e9 le 04\/09\/2025 21:56<\/p>\n<p>        Temps de lecture : 3min<\/p>\n<p>    <img decoding=\"async\"  alt=\"Des sympathisants du mouvement &quot;Bloquons tout le 10 septembre&quot; installent une banderole pr\u00e8s d'Angers (Maine-et-Loire) le 23 ao\u00fbt 2025 (JOSSELIN CLAIR \/ MAXPPP)\" width=\"432\" height=\"243\" src=\"https:\/\/www.europesays.com\/fr\/wp-content\/uploads\/2025\/09\/bloq-68aae3e7ebab8938534027.jpg\" fetchpriority=\"high\"\/><\/p>\n<p>      Des sympathisants du mouvement \u00ab\u00a0Bloquons tout le 10 septembre\u00a0\u00bb installent une banderole pr\u00e8s d&rsquo;Angers (Maine-et-Loire) le 23 ao\u00fbt 2025 (JOSSELIN CLAIR \/ MAXPPP)<\/p>\n<p>Bruno Retailleau demande aux pr\u00e9fets d&rsquo;entraver \u00ab\u00a0toute tentative de blocage des infrastructures essentielles\u00a0\u00bb lors de <a href=\"https:\/\/www.franceinfo.fr\/societe\/bloquons-tout-mouvement-du-10-septembre\/corteges-blocages-de-sites-strategiques-ou-actions-de-sabotage-une-note-des-renseignements-territoriaux-evalue-l-ampleur-du-mouvement-du-10-septembre_7470535.html\" rel=\"nofollow noopener\" target=\"_blank\">la mobilisation intitul\u00e9e \u00ab\u00a010-Septembre-Bloquons tout\u00a0\u00bb<\/a>, annonc\u00e9e pour le mercredi <a href=\"https:\/\/www.franceinfo.fr\/societe\/bloquons-tout-mouvement-du-10-septembre\/\" rel=\"nofollow noopener\" target=\"_blank\">10 septembre<\/a>. Dans un t\u00e9l\u00e9gramme adress\u00e9 jeudi 4 septembre \u00e0 tous les pr\u00e9fets et que franceinfo s\u2019est procur\u00e9, le ministre de l\u2019Int\u00e9rieur juge \u00ab\u00a0indispensable\u00a0\u00bb d\u2019indiquer la \u00ab\u00a0conduite \u00e0 tenir face \u00e0 de potentiels troubles \u00e0 l\u2019ordre public\u00a0\u00bb.<\/p>\n<p>\u00ab\u00a0Toute tentative de blocage des infrastructures essentielles \u00e0 la vie de la Nation devra \u00eatre entrav\u00e9e en amont et le cas \u00e9ch\u00e9ant faire syst\u00e9matiquement l&rsquo;objet d&rsquo;un d\u00e9blocage dans les d\u00e9lais les plus brefs\u00a0\u00bb, ordonne le ministre de l&rsquo;Int\u00e9rieur. Les forces de l&rsquo;ordre devront intervenir sur tous les fronts, \u00ab\u00a0gares, ports, a\u00e9roports, transports en commun, axes routiers structurants, les d\u00e9p\u00f4ts p\u00e9troliers, plateformes logistiques, les centrales \u00e9lectriques, les usines d&rsquo;incin\u00e9ration de d\u00e9chets ou les sites de traitement des eaux, ainsi que les principaux centres d&rsquo;approvisionnement du pays tels que le march\u00e9 d&rsquo;int\u00e9r\u00eat national de Rungis\u00a0\u00bb. Les instructions du ministre s&rsquo;appliquent aussi aux \u00ab\u00a0\u00e9tablissements d&rsquo;enseignement, notamment universitaires ou secondaires\u00a0\u00bb face \u00e0 \u00ab\u00a0d&rsquo;\u00e9ventuelles tentatives de blocage\u00a0\u00bb.<\/p>\n<p>Craignant des actes de vandalisme, Bruno Retailleau souligne qu'\u00a0\u00bbaucune d\u00e9gradation de b\u00e2timents publics en g\u00e9n\u00e9ral et embl\u00e9matiques \u00e0 plus forte raison, ne saurait \u00eatre tol\u00e9r\u00e9e\u00a0\u00bb. Il demande ainsi aux pr\u00e9fets de \u00ab\u00a0faire proc\u00e9der par les forces de s\u00e9curit\u00e9 int\u00e9rieure \u00e0 l&rsquo;interpellation syst\u00e9matique des auteurs afin de les pr\u00e9senter \u00e0 l&rsquo;autorit\u00e9 judiciaire\u00a0\u00bb.<\/p>\n<p>Le ministre tient \u00e9galement \u00e0 ce que les institutions de la R\u00e9publique, \u00ab\u00a0telles que les assembl\u00e9es parlementaires et les si\u00e8ges du pouvoir ex\u00e9cutif ou de l&rsquo;autorit\u00e9 judiciaire\u00a0\u00bb fassent l&rsquo;objet \u00ab\u00a0d&rsquo;une s\u00e9curisation statique\u00a0\u00bb d\u00e8s que les pr\u00e9fets estimeront \u00ab\u00a0que le niveau de la menace le justifie\u00a0\u00bb. L&rsquo;attention des forces de l&rsquo;ordre doit aussi se porter sur \u00ab\u00a0la dimension symbolique de certains \u00e9quipements publics, tels que les radars routiers, ou de certains sites susceptibles d\u2019incarner le capitalisme\u00a0\u00bb.<\/p>\n<p>Bruno Retailleau tient toutefois \u00e0 pr\u00e9server les \u00ab\u00a0manifestations et rassemblements d\u00e9clar\u00e9s dans les formes pr\u00e9vues par la loi\u00a0\u00bb, organis\u00e9es notamment par les organisations syndicales. Elles seront \u00ab\u00a0accompagn\u00e9es pour pouvoir s&rsquo;exercer dans les conditions de s\u00e9curit\u00e9 n\u00e9cessaires \u00e0 la l\u00e9gitime expression d\u00e9mocratique\u00a0\u00bb.<\/p>\n<p>Les pr\u00e9fets doivent donc veiller \u00e0 la \u00ab\u00a0pleine mobilisation des moyens humains et mat\u00e9riels n\u00e9cessaires \u00e0 la gestion de cette crise\u00a0\u00bb, \u00e9crit encore le ministre dans sa note. Il appelle \u00e0 un \u00ab\u00a0quadrillage de la voie publique et une ma\u00eetrise des points strat\u00e9giques identifi\u00e9s par les services de renseignement\u00a0\u00bb afin d&rsquo;intervenir rapidement. En lien avec l\u2019autorit\u00e9 judiciaire \u00ab\u00a0en amont, tout au long de cette journ\u00e9e de mobilisation\u00a0\u00bb, mais aussi avec les \u00ab\u00a0autorit\u00e9s acad\u00e9miques pour pr\u00e9venir les blocages des \u00e9tablissements scolaires et universitaires\u00a0\u00bb, les pr\u00e9fets devront rester sur le qui-vive, face aux possibles actions coups de poing de \u00ab\u00a0bloqueurs\u00a0\u00bb.<\/p>\n<p>\u00ab\u00a0Face \u00e0 la possibilit\u00e9 d&rsquo;actions ponctuelles et peu pr\u00e9visibles, la mobilit\u00e9 des forces plac\u00e9es sous votre autorit\u00e9 s&rsquo;impose comme une absolue n\u00e9cessit\u00e9\u00a0\u00bb, ajoute encore le ministre de l&rsquo;Int\u00e9rieur \u00e0 l&rsquo;adresse des pr\u00e9fets.\u00a0<\/p>\n","protected":false},"excerpt":{"rendered":"\u00c0 l&rsquo;approche du 10 septembre, o\u00f9 les citoyens sont appel\u00e9s \u00e0 la mobilisation, notamment par les syndicats et&hellip;\n","protected":false},"author":2,"featured_media":366563,"comment_status":"","ping_status":"","sticky":false,"template":"","format":"standard","meta":{"footnotes":""},"categories":[2821],"tags":[1111,11,829,1777,674,1011,27,12,584,25],"class_list":{"0":"post-366562","1":"post","2":"type-post","3":"status-publish","4":"format-standard","5":"has-post-thumbnail","7":"category-rennes","8":"tag-actu","9":"tag-actualites","10":"tag-bretagne","11":"tag-eu","12":"tag-europe","13":"tag-fr","14":"tag-france","15":"tag-news","16":"tag-rennes","17":"tag-republique-francaise"},"share_on_mastodon":{"url":"https:\/\/pubeurope.com\/@fr\/115148001747149515","error":""},"_links":{"self":[{"href":"https:\/\/www.europesays.com\/fr\/wp-json\/wp\/v2\/posts\/366562","targetHints":{"allow":["GET"]}}],"collection":[{"href":"https:\/\/www.europesays.com\/fr\/wp-json\/wp\/v2\/posts"}],"about":[{"href":"https:\/\/www.europesays.com\/fr\/wp-json\/wp\/v2\/types\/post"}],"author":[{"embeddable":true,"href":"https:\/\/www.europesays.com\/fr\/wp-json\/wp\/v2\/users\/2"}],"replies":[{"embeddable":true,"href":"https:\/\/www.europesays.com\/fr\/wp-json\/wp\/v2\/comments?post=366562"}],"version-history":[{"count":0,"href":"https:\/\/www.europesays.com\/fr\/wp-json\/wp\/v2\/posts\/366562\/revisions"}],"wp:featuredmedia":[{"embeddable":true,"href":"https:\/\/www.europesays.com\/fr\/wp-json\/wp\/v2\/media\/366563"}],"wp:attachment":[{"href":"https:\/\/www.europesays.com\/fr\/wp-json\/wp\/v2\/media?parent=366562"}],"wp:term":[{"taxonomy":"category","embeddable":true,"href":"https:\/\/www.europesays.com\/fr\/wp-json\/wp\/v2\/categories?post=366562"},{"taxonomy":"post_tag","embeddable":true,"href":"https:\/\/www.europesays.com\/fr\/wp-json\/wp\/v2\/tags?post=366562"}],"curies":[{"name":"wp","href":"https:\/\/api.w.org\/{rel}","templated":true}]}}