{"id":366568,"date":"2025-09-04T20:52:32","date_gmt":"2025-09-04T20:52:32","guid":{"rendered":"https:\/\/www.europesays.com\/fr\/366568\/"},"modified":"2025-09-04T20:52:32","modified_gmt":"2025-09-04T20:52:32","slug":"5-astuces-pour-payer-peu-quand-on-est-etudiante-a-strasbourg","status":"publish","type":"post","link":"https:\/\/www.europesays.com\/fr\/366568\/","title":{"rendered":"5 astuces pour payer peu quand on est \u00e9tudiant(e) \u00e0 Strasbourg"},"content":{"rendered":"<p><b>Avec plus de 600 km de pistes cyclables, Strasbourg est la capitale du v\u00e9lo. Mais pour circuler sans avoir \u00e0 p\u00e9daler, il existe aussi un tas d\u2019autres possibilit\u00e9s. Petit r\u00e9cap\u2019 des informations \u00e0 conna\u00eetre pour se d\u00e9placer dans la capitale alsacienne<\/b><\/p>\n<p>Au cours de ces derni\u00e8res ann\u00e9es, les municipalit\u00e9s strasbourgeoises ont entrepris de r\u00e9duire la place de la voiture dans toute la ville. Pour laisser <b>la priorit\u00e9 aux cyclistes<\/b>, pi\u00e9ton(ne)s et usagers\/\u00e8res des transports en commun, <a href=\"https:\/\/pokaa.fr\/2025\/03\/19\/budget-d128-million-de-a-strasbourg-les-travaux-de-la-rue-du-jeu-des-enfants-ont-debute\/\" target=\"_blank\" rel=\"noopener\"><b>plusieurs rues ont \u00e9t\u00e9 pi\u00e9tonnis\u00e9es<\/b><\/a><b>, <\/b><a href=\"https:\/\/pokaa.fr\/2022\/10\/06\/plus-de-verdure-moins-de-voitures-la-place-du-temple-neuf-devient-definitivement-pietonne\/\" target=\"_blank\" rel=\"noopener\"><b>des places qui permettaient de se garer ont \u00e9t\u00e9 transform\u00e9es<\/b><\/a> et <a href=\"https:\/\/pokaa.fr\/2023\/06\/08\/strasbourg-face-aux-galeres-dacces-au-centre-ville-on-a-teste-les-parkings-relais-stationnement\/\" target=\"_blank\" rel=\"noopener\">des parkings-relais<\/a> hors du centre-ville ont \u00e9t\u00e9 am\u00e9nag\u00e9s.\u00a0<\/p>\n<p><strong>Alors, pour savoir comment se d\u00e9placer, voici quelques astuces.\u00a0<\/strong><\/p>\n<p>    <img width=\"800\" height=\"600\" src=\"https:\/\/www.europesays.com\/fr\/wp-content\/uploads\/2025\/09\/img-6354-800x600.jpg\" class=\"attachment-image-size-L size-image-size-L\" alt=\"V\u00e9lo devant R\u00e9publique\" decoding=\"async\" loading=\"lazy\"  \/>         \u00a9 Baptiste Kocher \/ Pokaa <\/p>\n<p>Le v\u00e9lo, meilleur alli\u00e9 pour circuler<\/p>\n<p><b>\u00c9ternel destrier des Strasbourgeois(es)<\/b>, une fois adopt\u00e9, il deviendra ton meilleur ami. Un conseil ? Mieux vaut \u00e9viter de prendre un splendide nouveau mod\u00e8le \u00e0 1 500\u20ac. Parce que <b>Strasbourg, c\u2019est aussi <\/b><a href=\"https:\/\/pokaa.fr\/2019\/06\/21\/strasbourg-elue-ville-la-plus-attractive-pour-les-voleurs-de-velos\/\" target=\"_blank\" rel=\"noopener\"><b>la capitale du v\u00e9lo vol\u00e9.<\/b><\/a> Alors, s\u2019il faut d\u00e9penser,<b> mieux vaut s\u2019offrir un bon cadenas.<\/b><\/p>\n<p>Depuis janvier 2025, la Ville a entam\u00e9 de grands travaux pour <b>mettre en place <\/b><a href=\"https:\/\/pokaa.fr\/2025\/01\/12\/ring-cyclable-de-39-km-a-strasbourg-le-peripherique-pour-velos-demarre-des-travaux-xxl\/\" target=\"_blank\" rel=\"noopener\"><b>son Ring V\u00e9lo<\/b><\/a>. En tout,<b> 3,9 km de nouvelles pistes cyclables <\/b>sont en train de voir le jour pour permettre \u00e0 chacun(e) de contourner la Grande \u00cele par les quais int\u00e9rieurs. Le projet pr\u00e9voit aussi la cr\u00e9ation de <b>500 arceaux suppl\u00e9mentaires pour les v\u00e9los.<\/b> Pour Jeanne Barseghian, maire de Strasbourg, il s\u2019agit de cr\u00e9er<b> \u00ab <\/b><b>une sorte de p\u00e9riph\u00e9rique du v\u00e9lo<\/b><b> \u00bb.<br \/><\/b><\/p>\n<p>Pour prendre soin de son deux-roues et ne pas devoir en changer tous les quatre matins, il existe des structures qui permettent de le <b>r\u00e9parer soi-m\u00eame, gr\u00e2ce \u00e0 des outils et des pi\u00e8ces d\u00e9tach\u00e9es mis \u00e0 disposition.<\/b> En devenant adh\u00e9rent(e) \u00e0 l\u2019association <a href=\"https:\/\/info.bretzselle.org\/\" target=\"_blank\" rel=\"noopener\"><b>Bretz\u2019selle<\/b><\/a><b> pour 20\u20ac par an<\/b>, les b\u00e9n\u00e9voles se rendent disponibles pour prodiguer leurs meilleurs conseils. <a href=\"https:\/\/velostation-strasbourg.org\/tarifs-dadhesion\/\" target=\"_blank\" rel=\"noopener\"><b>V\u00e9loStation<\/b><\/a><b> propose le m\u00eame type de service avec une adh\u00e9sion \u00e0 17\u20ac<\/b> et trois lieux d\u2019auto-r\u00e9paration situ\u00e9s au Neudorf, \u00e0 Montagne Verte ainsi qu\u2019au Port du Rhin.<\/p>\n<p>                <img width=\"375\" height=\"500\" src=\"https:\/\/www.europesays.com\/fr\/wp-content\/uploads\/2025\/09\/img-3990-375x500.png\" class=\"attachment-gallery size-gallery\" alt=\"v\u00e9lo v\u00e9lhop\" data-full-url=\"https:\/\/pokaa.fr\/wp-content\/uploads\/2024\/10\/10\/img-3990.png\" decoding=\"async\" loading=\"lazy\"  \/>            <\/p>\n<p>                <img width=\"375\" height=\"500\" src=\"https:\/\/www.europesays.com\/fr\/wp-content\/uploads\/2025\/07\/tois-pays-saint-louis-bale-balade-a-velo-img-8463-2-375x500.jpeg\" class=\"attachment-gallery size-gallery\" alt=\"tois pays saint louis bale balade \u00e0 v\u00e9lo IMG_8463 2\" data-full-url=\"https:\/\/pokaa.fr\/wp-content\/uploads\/2025\/07\/16\/tois-pays-saint-louis-bale-balade-a-velo-img-8463-2.jpeg\" decoding=\"async\" loading=\"lazy\"  \/>            <\/p>\n<p>                    1. \u00a9 Nicolas Kaspar \/ Pokaa ; 2. \u00a9 Bastien Pietronave \/ Pokaa<\/p>\n<p>Pour d\u00e9goter celui qu\u2019il te faut, <a href=\"https:\/\/cadr67.fr\/les-bourses-aux-velos\/\" target=\"_blank\" rel=\"noopener\"><b>CADR 67<\/b><\/a><b> organise chaque ann\u00e9e des bourses aux v\u00e9los \u00e0 la Halle du March\u00e9,<\/b> dans le quartier du Neudorf. <a href=\"https:\/\/pokaa.fr\/2025\/02\/07\/festif-solidaire-et-engage-a-strasbourg-le-wagon-souk-est-devenu-un-lieu-incontournable\/\" target=\"_blank\" rel=\"noopener\"><b>Le CycloSouk du Wagon Souk<\/b><\/a> propose aussi des v\u00e9los tout au long de l\u2019ann\u00e9e \u00e0 des prix tout doux !<\/p>\n<p>Si tu ne veux pas risquer de le retrouver \u00e9charp\u00e9, tu peux aussi<b> p\u00e9daler avec un v\u00e9lo en libre-service.<\/b> \u00c0 Strasbourg, que tu en aies besoin juste une heure ou tout au long de l\u2019ann\u00e9e, tu peux louer un <a href=\"https:\/\/velhop.strasbourg.eu\/tarifs\/\" target=\"_blank\" rel=\"noopener\"><b>V\u00e9lhop<\/b><\/a><b> en boutique ou bien directement en station. <\/b>Plusieurs forfaits \u00e9tudiants sont propos\u00e9s cette ann\u00e9e. Une formule sur 12 mois \u00e0 <b>54\u20ac l\u2019ann\u00e9e en tarif plein \u00e9tudiant et \u00e0 27\u20ac en tarif solidaire \u00e9tudiant.<\/b> Mais aussi une formule 10 mois, pour celles et ceux qui quittent Strasbourg en \u00e9t\u00e9, <b>\u00e0 48\u20ac en tarif plein \u00e9tudiant et 24\u20ac en tarif solidaire \u00e9tudiant.<\/b><\/p>\n<p><b>Pour avoir droit aux tarifs solidaires, <\/b>il faut \u00eatre \u00e9tudiant(e) boursier\/\u00e8re \u00e9chelon 3 \u00e0 7, ou \u00eatre b\u00e9n\u00e9ficiaire de l\u2019ASAA du Crous, ou bien \u00eatre non boursier\/\u00e8re mais b\u00e9n\u00e9ficier des repas Crous \u00e0 1\u20ac.<\/p>\n<p>    <img width=\"800\" height=\"600\" src=\"https:\/\/www.europesays.com\/fr\/wp-content\/uploads\/2025\/09\/image00020-800x600.jpeg\" class=\"attachment-image-size-L size-image-size-L\" alt=\"aven bike caf\u00e9 r\u00e9paration de v\u00e9lo\" decoding=\"async\" loading=\"lazy\"  \/>         \u00a9 Bastien Pietronave \/ Pokaa <\/p>\n<p>Les transports en commun sur tout le r\u00e9seau urbain<\/p>\n<p>La ville de Strasbourg n\u2019a pas de m\u00e9tro, mais elle dispose d\u2019un r\u00e9seau de trams et de bus particuli\u00e8rement bien fourni. En plein c\u0153ur du centre-ville, <b>Homme-de-Fer fait office de hub central puisqu\u2019elle est la station la plus fr\u00e9quent\u00e9e. <\/b>Presque toutes les lignes de trams s\u2019y croisent tout au long de la journ\u00e9e.<\/p>\n<p>Et la mairie ne compte pas s\u2019arr\u00eater l\u00e0, puisque <a href=\"https:\/\/pokaa.fr\/2024\/08\/26\/tram-a-122-millions-de-a-strasbourg-le-premier-rail-de-lextension-de-la-ligne-f-a-ete-pose\/\" target=\"_blank\" rel=\"noopener\"><b>plusieurs lignes continuent d\u2019\u00eatre prolong\u00e9es.<\/b><\/a> Pour rappel, les Strasbourgeois(es) ont aussi l\u2019avantage de pouvoir traverser la fronti\u00e8re en seulement 25 minutes de tram depuis le centre-ville, car<strong> l<\/strong><b>a ligne D direction Kehl-Rathaus<\/b> permet \u00e0 de nombreux\/ses habitant(e)s <b>de se rendre en Allemagne.<\/b><\/p>\n<p>    <img width=\"800\" height=\"533\" src=\"https:\/\/www.europesays.com\/fr\/wp-content\/uploads\/2025\/09\/place-homme-de-fer-800x533.jpg\" class=\"attachment-image-size-L size-image-size-L\" alt=\"Place Homme de Fer\" decoding=\"async\" loading=\"lazy\"  \/>         \u00a9 David Lev\u00eaque \/ Pokaa <\/p>\n<p>\u00c0 Strasbourg, c\u2019est la Compagnie des transports strasbourgeois (CTS) qui g\u00e8re le r\u00e9seau urbain de trams et de bus.<b> Pour circuler facilement, mieux vaut se procurer <\/b><a href=\"https:\/\/www.cts-strasbourg.eu\/fr\/Titres-de-transport\/cartes-badgeo\/\" target=\"_blank\" rel=\"noopener\"><b>la carte Badg\u00e9o.<\/b> <\/a>Dessus, il est possible de charger un seul ou plusieurs allers ou bien de payer un abonnement au mois ou \u00e0 l\u2019ann\u00e9e. <b>De 18 \u00e0 25 ans, l\u2019abonnement co\u00fbtera 28\u20ac par mois. <\/b>Et si tu es un(e) utilisateur\/rice Android : depuis quelques semaines, la nouvelle fonctionnalit\u00e9 <a href=\"https:\/\/www.cts-strasbourg.eu\/fr\/Article\/LA-BADGEO-SUR-MOBILE-ARRIVE-SUR-LAPPLI-CTS\/\" target=\"_blank\" rel=\"noopener\">\u00ab Badg\u00e9o sur mobile \u00bb<\/a>, permet de tout regrouper directement sur ton t\u00e9l\u00e9phone !<\/p>\n<p>La CTS pr\u00e9voit aussi <b>une tarification solidaire, <\/b>autrement dit des r\u00e9ductions en fonction de la situation financi\u00e8re. Le prix varie <b>selon l\u2019\u00e9chelon de bourse ou bien selon le quotient familial attribu\u00e9 et peut baisser jusqu\u2019\u00e0 3,40\u20ac par mois. <\/b>Attention cependant, comme il peut y avoir des diff\u00e9rences entre le quotient familial attribu\u00e9 par la CAF et celui mis en place par l\u2019Eurom\u00e9tropole de Strasbourg, <a href=\"http:\/\/strasbourg.eu\/tarification-solidaire.\" target=\"_blank\" rel=\"noopener\"><b>il est vivement conseill\u00e9 de le calculer via le site de la Ville<\/b><\/a><b> (qui est plus avantageux).<\/b> Il suffit ensuite de fournir l\u2019attestation obtenue au moment de souscrire \u00e0 son abonnement.<\/p>\n<p>                <img width=\"750\" height=\"500\" src=\"https:\/\/www.europesays.com\/fr\/wp-content\/uploads\/2025\/09\/dsc00298.jpg\" class=\"attachment-gallery size-gallery\" alt=\"tram transport cts strasbourg\" data-full-url=\"https:\/\/www.europesays.com\/fr\/wp-content\/uploads\/2025\/09\/dsc00298.jpg\" decoding=\"async\" loading=\"lazy\"  \/>            <\/p>\n<p>                <img width=\"829\" height=\"500\" src=\"https:\/\/www.europesays.com\/fr\/wp-content\/uploads\/2025\/09\/tram-cts-strasbourg.jpg\" class=\"attachment-gallery size-gallery\" alt=\"tram-cts-strasbourg\" data-full-url=\"https:\/\/www.europesays.com\/fr\/wp-content\/uploads\/2025\/09\/tram-cts-strasbourg.jpg\" decoding=\"async\" loading=\"lazy\"  \/>            <\/p>\n<p>                    1. \u00a9 Hugo Favre &#8211; Napoli \/ Pokaa  ; 2. \u00a9 Caroline Alonso \/ Pokaa<\/p>\n<p><b>En tout, 37 lignes de bus <\/b>sillonnent \u00e9galement la ville tous les jours. Et pour les couche-tard,<b> trois lignes de bus de nuit circulent aussi tous les jeudis, vendredis et samedis<\/b>, y compris les jours f\u00e9ri\u00e9s. Toutes partent de la place du Corbeau de 23h30 \u00e0 5h30. Le N1 relie le secteur de la Robertsau, le N2 le sud de Strasbourg en passant par le Neudorf et Illkirch et le N3 relie Poteries, Hautepierre et Cronenbourg. <a href=\"https:\/\/pokaa.fr\/2025\/03\/27\/strasbourg-une-nouvelle-ligne-de-bus-de-nuit-rejoindra-kehl-des-2026\/\" target=\"_blank\" rel=\"noopener\"><b>Une toute nouvelle ligne devrait d\u2019ailleurs voir le jour en 2026,<\/b><\/a> reliant cette fois <b>Strasbourg \u00e0 Kehl.<\/b><\/p>\n<p>Autre sp\u00e9cificit\u00e9, <b>la CTS exp\u00e9rimente la descente \u00e0 la demande en soir\u00e9e, r\u00e9serv\u00e9e aux femmes. <\/b>Le service est propos\u00e9 sur la ligne C8, qui relie l\u2019arr\u00eat Ancienne-Douane \u00e0 Neuhof-Stockfeld. Tout le long de ce trajet et d\u00e8s 22h, les femmes peuvent demander au conducteur ou \u00e0 la conductrice de descendre <b>au plus pr\u00e8s de leur destination, entre les arr\u00eats.\u00a0 <\/b><\/p>\n<p>    <img width=\"800\" height=\"457\" src=\"https:\/\/www.europesays.com\/fr\/wp-content\/uploads\/2025\/09\/1234-800x457.png\" class=\"attachment-image-size-L size-image-size-L\" alt=\"bus remplacement gal\u00e8re CTS\" decoding=\"async\" loading=\"lazy\"  \/>         \u00a9 Anthony Jilli \/ Pokaa <\/p>\n<p>Louer une voiture<\/p>\n<p>Pour rejoindre des zones non desservies, pour une \u00e9vasion nature ou encore pour transporter des affaires, louer une voiture peut s\u2019av\u00e9rer n\u00e9cessaire. <a href=\"https:\/\/grand-est.citiz.coop\/particuliers\" target=\"_blank\" rel=\"noopener\"><b>La coop\u00e9rative Citiz<\/b><\/a><b> propose une flotte de 400 v\u00e9hicules disponibles en autopartage <\/b>dans tout le Grand Est. Monospaces, citadines ou minibus, diff\u00e9rents mod\u00e8les sont disponibles en bo\u00eete manuelle ou automatique. Des stations sont r\u00e9parties dans 42 villes de la r\u00e9gion et <a href=\"https:\/\/pokaa.fr\/2024\/06\/26\/dautotrement-a-citiz-a-strasbourg-les-voitures-en-libre-service-fetent-25-ans-de-success-story\/\" target=\"_blank\" rel=\"noopener\"><b>il est possible de louer une voiture pour une heure, une journ\u00e9e ou bien plus.<\/b><\/a><\/p>\n<p>Deux formules tarifaires existent selon les besoins. La premi\u00e8re avec abonnement, o\u00f9 il faudra d\u00e9bourser <b>3\u20ac de l\u2019heure, 22\u20ac pour la journ\u00e9e et 120\u20ac<\/b> pour la semaine (pour le plus petit mod\u00e8le). La seconde sans abonnement \u00e0 <b>5,50\u20ac l\u2019heure, 39\u20ac la journ\u00e9e et 180\u20ac <\/b>la semaine (pour le plus petit mod\u00e8le).<\/p>\n<p><a href=\"https:\/\/fr.getaround.com\/\" target=\"_blank\" rel=\"noopener\"><b>La plateforme Get a Round<\/b><\/a> permet, quant \u00e0 elle, de <b>louer une voiture \u00e0 un particulier. <\/b>La voiture s\u00e9lectionn\u00e9e est bien souvent accessible en libre-service 24h\/24, il suffit simplement de la d\u00e9verrouiller \u00e0 l\u2019aide de l\u2019application. <\/p>\n<p>                <a href=\"https:\/\/pokaa.fr\/2023\/07\/18\/on-a-teste-sevader-dans-les-vosges-avec-une-voiture-en-libre-service\/\" target=\"_blank\" rel=\"noopener\"><br \/>\n                    <img width=\"450\" height=\"270\" src=\"https:\/\/www.europesays.com\/fr\/wp-content\/uploads\/2025\/09\/dsc-9085-450x270.jpg\" class=\"attachment-card-horizontal--same-subject size-card-horizontal--same-subject wp-post-image\" alt=\"\" decoding=\"async\" loading=\"lazy\"\/>                <\/a><\/p>\n<p>    <img width=\"800\" height=\"600\" src=\"https:\/\/www.europesays.com\/fr\/wp-content\/uploads\/2025\/09\/img-9091-800x600.jpg\" class=\"attachment-image-size-L size-image-size-L\" alt=\"Citiz\" decoding=\"async\" loading=\"lazy\"  \/>         \u00a9 Nicolas Kaspar \/ Pokaa <\/p>\n<p>Le train pour d\u00e9couvrir la r\u00e9gion<\/p>\n<p><b>Avec son b\u00e2timent historique recouvert d\u2019une immense verri\u00e8re,<\/b> la gare de Strasbourg ne passe pas inaper\u00e7ue. De multiples destinations sont \u00e0 port\u00e9e de rames, une parfaite occasion pour d\u00e9couvrir la r\u00e9gion.<\/p>\n<p>Mais pour \u00e9viter d\u2019y mettre toutes ses \u00e9conomies, mieux vaut profiter un maximum des r\u00e9ductions. <a href=\"https:\/\/www.cts-strasbourg.eu\/fr\/Article\/CHARGEZ-VOTRE-CONTREMARQUE-TER-SUR-VOTRE-BADGEO-DEPUIS-LAPPLI-\/\" target=\"_blank\" rel=\"noopener\"><b>L\u2019abonnement CTS permet de circuler entre les 13 gares de l\u2019Eurom\u00e9tropole en TER<\/b><\/a><b>. <\/b>Une fois son abonnement r\u00e9gl\u00e9,<b> il faut activer la contremarque TER sur sa carte Badg\u00e9o<\/b> via l\u2019appli CTS ou la borne libre-service situ\u00e9e \u00e0 l\u2019agence commerciale. Attention, il faut refaire la d\u00e9marche <b>\u00e0 chaque renouvellement d\u2019abonnement. <\/b>S\u2019il s\u2019agit d\u2019un abonnement mensuel, il faut activer sa contremarque TER chaque mois. S\u2019il s\u2019agit d\u2019un abonnement annuel, il suffit de l\u2019activer une fois, pour que celle-ci soit valable toute l\u2019ann\u00e9e.<\/p>\n<p>    <img width=\"800\" height=\"533\" src=\"https:\/\/www.europesays.com\/fr\/wp-content\/uploads\/2025\/06\/gare-de-strasbourg2-800x533.jpg\" class=\"attachment-image-size-L size-image-size-L\" alt=\"Gare de Strasbourg2\" decoding=\"async\" loading=\"lazy\"  \/>         \u00a9 David Lev\u00eaque \/ Pokaa <\/p>\n<p><b>La carte Fluo SNCF permet d\u2019obtenir -50 % sur tous tes trajets en TER<\/b> dans le Grand Est, mais aussi pour un accompagnant les week-ends et jours f\u00e9ri\u00e9s. Elle co\u00fbte seulement<b> 1\u20ac pour les moins de 26 ans et 20\u20ac pour les plus de 26 ans.<\/b> Et est valable toute l\u2019ann\u00e9e et les week-ends et jours f\u00e9ri\u00e9s. <a href=\"https:\/\/www.sncf-connect.com\/app\/catalogue\/description\/grand-est-carte-fluo-jeune\" target=\"_blank\" rel=\"noopener\"><b>Toutes les infos par ici !<\/b><\/a><\/p>\n<p>La ligne TGV reliant Paris \u00e0 Berlin, et passant par Strasbourg <a href=\"https:\/\/pokaa.fr\/2024\/10\/16\/escapade-en-allemagne-les-reservations-pour-la-ligne-tgv-strasbourg-berlin-sont-ouvertes\/\" target=\"_blank\" rel=\"noopener\"><b>a aussi \u00e9t\u00e9 inaugur\u00e9e en d\u00e9cembre 2024.<\/b><\/a> Un d\u00e9part par jour est pr\u00e9vu vers la capitale allemande. D\u2019ailleurs, certains d\u00e9parts depuis les villes allemandes proches de Strasbourg peuvent offrir certains avantages. <b>Depuis les gares de Kehl, Rastatt ou Offenbourg, <\/b><b>la Deutsche Bahn propose parfois des trajets avec des prix r\u00e9duits.<\/b><\/p>\n<p>    <img width=\"800\" height=\"600\" src=\"https:\/\/www.europesays.com\/fr\/wp-content\/uploads\/2025\/09\/img-1955-800x600.jpg\" class=\"attachment-image-size-L size-image-size-L\" alt=\"ter train gare\" decoding=\"async\" loading=\"lazy\"  \/>         \u00a9 Nicolas Kaspar \/ Pokaa <\/p>\n<p> S\u2019\u00e9vader par les airs<\/p>\n<p>Pour celles et ceux qui ont soif d\u2019aventures,<b> Strasbourg a la chance d\u2019avoir un petit a\u00e9roport, qui op\u00e8re des liaisons r\u00e9guli\u00e8res vers une quarantaine de destinations <\/b>comme Amsterdam, Londres, Lisbonne, Marseille, Rennes, ou encore Bruxelles. <a href=\"https:\/\/pokaa.fr\/2024\/03\/13\/5-nouvelles-destinations-a-explorer-depuis-laeroport-de-strasbourg-cet-ete\/\" target=\"_blank\" rel=\"noopener\">Depuis avril 2025, cinq nouvelles destinations sont d\u2019ailleurs accessibles.<\/a><\/p>\n<p>    <img width=\"800\" height=\"600\" src=\"https:\/\/www.europesays.com\/fr\/wp-content\/uploads\/2025\/09\/simulateur-de-vol-flyghtadventures-by-skycenter-aeroport-dentzheim-bastien-pietronaveimage00043.jpeg\" class=\"attachment-image-size-L size-image-size-L\" alt=\"simulateur de vol Flyghtadventures by skycenter ae\u0301roport d\u2019Entzheim Bastien Pietronaveimage00043\" decoding=\"async\" loading=\"lazy\"  \/>         \u00a9 Bastien Pietronave \/ Pokaa <\/p>\n<p>Situ\u00e9 \u00e0 seulement 10 km du centre-ville, l\u2019a\u00e9roport Strasbourg-Entzheim est tr\u00e8s <b>facilement accessible en train depuis la gare <\/b>de Strasbourg.<\/p>\n<p>                <a href=\"https:\/\/pokaa.fr\/2025\/08\/31\/pres-de-15000-guides-a-strasbourg-pokaa-sort-son-3e-papier-destine-aux-etudiantes\/\" target=\"_blank\" rel=\"noopener\"><br \/>\n                    <img width=\"450\" height=\"270\" src=\"https:\/\/www.europesays.com\/fr\/wp-content\/uploads\/2025\/09\/packshotetudiant3-33-450x270.png\" class=\"attachment-card-horizontal--same-subject size-card-horizontal--same-subject wp-post-image\" alt=\"\" decoding=\"async\" loading=\"lazy\"  \/>                <\/a><\/p>\n","protected":false},"excerpt":{"rendered":"Avec plus de 600 km de pistes cyclables, Strasbourg est la capitale du v\u00e9lo. Mais pour circuler sans&hellip;\n","protected":false},"author":2,"featured_media":366569,"comment_status":"","ping_status":"","sticky":false,"template":"","format":"standard","meta":{"footnotes":""},"categories":[2820],"tags":[1111,11,677,6379,1777,674,1011,27,775,49264,12,25,640,2216,5768],"class_list":{"0":"post-366568","1":"post","2":"type-post","3":"status-publish","4":"format-standard","5":"has-post-thumbnail","7":"category-strasbourg","8":"tag-actu","9":"tag-actualites","10":"tag-bons-plans","11":"tag-etudiants","12":"tag-eu","13":"tag-europe","14":"tag-fr","15":"tag-france","16":"tag-grand-est","17":"tag-guide-etudiant","18":"tag-news","19":"tag-republique-francaise","20":"tag-strasbourg","21":"tag-transports-en-commun","22":"tag-universite"},"share_on_mastodon":{"url":"https:\/\/pubeurope.com\/@fr\/115148013561963590","error":""},"_links":{"self":[{"href":"https:\/\/www.europesays.com\/fr\/wp-json\/wp\/v2\/posts\/366568","targetHints":{"allow":["GET"]}}],"collection":[{"href":"https:\/\/www.europesays.com\/fr\/wp-json\/wp\/v2\/posts"}],"about":[{"href":"https:\/\/www.europesays.com\/fr\/wp-json\/wp\/v2\/types\/post"}],"author":[{"embeddable":true,"href":"https:\/\/www.europesays.com\/fr\/wp-json\/wp\/v2\/users\/2"}],"replies":[{"embeddable":true,"href":"https:\/\/www.europesays.com\/fr\/wp-json\/wp\/v2\/comments?post=366568"}],"version-history":[{"count":0,"href":"https:\/\/www.europesays.com\/fr\/wp-json\/wp\/v2\/posts\/366568\/revisions"}],"wp:featuredmedia":[{"embeddable":true,"href":"https:\/\/www.europesays.com\/fr\/wp-json\/wp\/v2\/media\/366569"}],"wp:attachment":[{"href":"https:\/\/www.europesays.com\/fr\/wp-json\/wp\/v2\/media?parent=366568"}],"wp:term":[{"taxonomy":"category","embeddable":true,"href":"https:\/\/www.europesays.com\/fr\/wp-json\/wp\/v2\/categories?post=366568"},{"taxonomy":"post_tag","embeddable":true,"href":"https:\/\/www.europesays.com\/fr\/wp-json\/wp\/v2\/tags?post=366568"}],"curies":[{"name":"wp","href":"https:\/\/api.w.org\/{rel}","templated":true}]}}