{"id":366570,"date":"2025-09-04T20:53:10","date_gmt":"2025-09-04T20:53:10","guid":{"rendered":"https:\/\/www.europesays.com\/fr\/366570\/"},"modified":"2025-09-04T20:53:10","modified_gmt":"2025-09-04T20:53:10","slug":"je-meclate-jai-ete-tres-bien-accueilli-le-nicois-bertrand-chameroy-rejoint-la-matinale-de-france-inter-avec-une-chronique-piquante-liee-a-lactu","status":"publish","type":"post","link":"https:\/\/www.europesays.com\/fr\/366570\/","title":{"rendered":"\u00ab\u00a0Je m\u2019\u00e9clate, j\u2019ai \u00e9t\u00e9 tr\u00e8s bien accueilli\u00a0\u00bb: le Ni\u00e7ois Bertrand Chameroy rejoint la matinale de France Inter avec une chronique piquante li\u00e9e \u00e0 l\u2019actu"},"content":{"rendered":"<p>Ce n\u2019est pas la premi\u00e8re fois que nous prenons langue avec Bertrand Chameroy, le r\u00e9gional de l\u2019\u00e9tape comme on dit dans le jargon cycliste. N\u00e9 \u00e0 Nice, o\u00f9 il a fait ses \u00e9tudes, l\u2019Azur\u00e9en est une figure locale que l\u2019on suit \u00e0 la trace depuis plusieurs ann\u00e9es.<\/p>\n<p>Voil\u00e0 cinq ans que le chroniqueur s\u2019est install\u00e9 dans la bande de C \u00e0 vous, l\u2019\u00e9mission phare de France 5 d\u2019acc\u00e8s prime time autour d\u2019Anne-Elisabeth Lemoine. En cette rentr\u00e9e 2025, le chroniqueur a rajout\u00e9 une corde \u00e0 son arc: une chronique quotidienne dans la matinale de France Inter de Nicolas Demorand, la case matinale la plus \u00e9cout\u00e9e de France, excusez du peu.<\/p>\n<p>Au printemps dernier, alors que le titulaire du poste Matthieu No\u00ebl est en cong\u00e9 paternit\u00e9, Bertrand Chameroy s\u2019essaie d\u00e9j\u00e0 \u00e0 l\u2019exercice pendant six semaines. Une franche r\u00e9ussite. Alors pour cette rentr\u00e9e, la radio d\u00e9cide de poursuivre l\u2019aventure avec le Ni\u00e7ois.<\/p>\n<p>\u00ab\u00a0Je m\u2019\u00e9clate, j\u2019ai \u00e9t\u00e9 tr\u00e8s bien accueilli, lance-t-il d\u2019entr\u00e9e. Je m\u2019\u00e9tais amus\u00e9 lors de mon int\u00e9rim au printemps et je n\u2019ai pas h\u00e9sit\u00e9 longtemps quand France Inter m\u2019a propos\u00e9 de faire la saison avec eux, il faut \u00eatre fou pour refuser la premi\u00e8re matinale de France.\u00a0\u00bb (rires) Chaque matin, il prend la suite de l\u2019interview de Benjamin Duhamel pour rebondir apr\u00e8s 7h50.<\/p>\n<p>Un exercice de style<\/p>\n<p>Un exercice de style pas facile mais que Chameroy ma\u00eetrise \u00e0 la perfection. \u00ab\u00a0J\u2019essaie de m\u2019adapter jusqu\u2019\u00e0 la derni\u00e8re minute, de rebondir sur l\u2019interview m\u00eame si ma chronique est \u00e9crite en amont. Je ne dois pas venir et glacer l\u2019ambiance en tombant \u00e0 c\u00f4t\u00e9, il faut trouver le ton\u00a0\u00bb, justifie-t-il. Pour \u00e7a, sa m\u00e9thode de travail est bien huil\u00e9e.<\/p>\n<p>\u00ab\u00a0Une fois que je connais le nom de l\u2019invit\u00e9, je commence mes recherches sur lui et je me couche avec l\u2019id\u00e9e, je n\u2019\u00e9cris jamais la veille mais j\u2019ai d\u00e9j\u00e0 r\u00e9dig\u00e9 mon papier dans ma t\u00eate. La nuit fait son effet et j\u2019\u00e9cris le jour m\u00eame, il est possible que je change plusieurs fois de version avant de prendre l\u2019antenne.\u00a0\u00bb Alors qu\u2019il avait fait ses d\u00e9buts sur Europe 1 avant de briller en t\u00e9l\u00e9vision, Bertrand Chameroy avait follement envie de retrouver les ondes.<\/p>\n<p>\u00ab\u00a0C\u2019est comme le v\u00e9lo, \u00e7a ne s\u2019oublie pas. En t\u00e9l\u00e9vision, je fais des lancements avec deux-trois vannes et je lance les images, \u00e0 la radio on est sur une \u00e9criture plus formelle, o\u00f9 les mots sont importants. J\u2019arrive toujours \u00e0 m\u2019en sortir par une pirouette \u00e0 la radio m\u00eame si le ton est solennel, il faut trouver le bon.\u00a0\u00bb<\/p>\n<p>Amen\u00e9 \u00e0 commenter l\u2019actualit\u00e9 matin et soir, Chameroy doit faire en sorte de ne pas \u00ab\u00a0recycler\u00a0\u00bb les blagues. \u00ab\u00a0J\u2019ai des gens qui \u00e9coutent France Inter et regardent C \u00e0 vous, et comme je commente l\u2019actualit\u00e9, je dois faire en sorte de traiter les sujets avec deux angles diff\u00e9rents. Malheureusement, actuellement, le monde politique est une source in\u00e9puisable d\u2019inspiration, on est parfois dans la parodie pure, comme si le monde r\u00e9el avait rejoint les articles parodiques du Gorafi\u00a0\u00bb, poursuit-il.<\/p>\n<p>\u00c0 l\u2019instar de nombreux confr\u00e8res, Bertrand Chameroy peine \u00e0 s\u2019\u00e9couter et\/ou se regarder. Et pour ne pas \u00eatre influenc\u00e9 inconsciemment, il n\u2019\u00e9coute pas ses confr\u00e8res et cons\u0153urs. \u00ab\u00a0Je le fais uniquement le week-end pour me tenir au courant de ce qui se fait, et je d\u00e9briefe parfois avec Philippe Caverivi\u00e8re nos chroniques respectives.\u00a0\u00bb<\/p>\n<p>L\u2019ancien timide et le pouvoir du rire<\/p>\n<p>Faire rire, c\u2019est une voie trac\u00e9e pour Bertrand Chameroy. \u00ab\u00a0J\u2019\u00e9tais assez timide plus jeune mais j\u2019aimais faire l\u2019idiot et je me suis rendu compte que les gens t\u2019\u00e9coutaient quand tu les faisais rire, c\u2019est une forme de pouvoir et on y prend go\u00fbt, rembobine-t-il. J\u2019aime l\u2019humour noir m\u00eame si ce n\u2019est pas celui que je pratique dans mes chroniques et j\u2019adore l\u2019absurde m\u00eame si c\u2019est de plus en plus compliqu\u00e9 de s\u2019en servir car il se confond avec la r\u00e9alit\u00e9.\u00a0\u00bb<\/p>\n<p>Pour ce bourreau de travail, qui se l\u00e8ve \u00e0 4h30 pour pr\u00e9parer la matinale avant d\u2019encha\u00eener par C \u00e0 Vous, les \u00e9missions de bande sont un vrai \u00e9panouissement. \u00ab\u00a0Ce sont deux \u00e9missions sans public alors le fait d\u2019\u00eatre en bande permet de cr\u00e9er une ambiance et on se doit d\u2019\u00eatre taquin avec ceux autour de nous\u00a0\u00bb, conclut-il. Nostalgique des \u00e9missions cultes de Canal + qui ont construit son univers dans sa jeunesse, Bertrand Chameroy savoure cette rentr\u00e9e sur tous les fronts.<\/p>\n<p>\u00ab\u00a0Je suis cens\u00e9 faire rire les gens en m\u2019inspirant d\u2019une actualit\u00e9 qui n\u2019est pas forc\u00e9ment dr\u00f4le, pour ne pas \u00eatre touch\u00e9, il faut observer une forme de recul, d\u2019autoprotection\u00a0\u00bb. Et il a bien raison.<\/p>\n","protected":false},"excerpt":{"rendered":"Ce n\u2019est pas la premi\u00e8re fois que nous prenons langue avec Bertrand Chameroy, le r\u00e9gional de l\u2019\u00e9tape comme&hellip;\n","protected":false},"author":2,"featured_media":366571,"comment_status":"","ping_status":"","sticky":false,"template":"","format":"standard","meta":{"footnotes":""},"categories":[2819],"tags":[1111,11,251,1777,674,1011,27,12,2401,882,1825,25],"class_list":{"0":"post-366570","1":"post","2":"type-post","3":"status-publish","4":"format-standard","5":"has-post-thumbnail","7":"category-nice","8":"tag-actu","9":"tag-actualites","10":"tag-culture","11":"tag-eu","12":"tag-europe","13":"tag-fr","14":"tag-france","15":"tag-news","16":"tag-nice","17":"tag-provence-alpes-cote-dazur","18":"tag-radio","19":"tag-republique-francaise"},"share_on_mastodon":{"url":"","error":""},"_links":{"self":[{"href":"https:\/\/www.europesays.com\/fr\/wp-json\/wp\/v2\/posts\/366570","targetHints":{"allow":["GET"]}}],"collection":[{"href":"https:\/\/www.europesays.com\/fr\/wp-json\/wp\/v2\/posts"}],"about":[{"href":"https:\/\/www.europesays.com\/fr\/wp-json\/wp\/v2\/types\/post"}],"author":[{"embeddable":true,"href":"https:\/\/www.europesays.com\/fr\/wp-json\/wp\/v2\/users\/2"}],"replies":[{"embeddable":true,"href":"https:\/\/www.europesays.com\/fr\/wp-json\/wp\/v2\/comments?post=366570"}],"version-history":[{"count":0,"href":"https:\/\/www.europesays.com\/fr\/wp-json\/wp\/v2\/posts\/366570\/revisions"}],"wp:featuredmedia":[{"embeddable":true,"href":"https:\/\/www.europesays.com\/fr\/wp-json\/wp\/v2\/media\/366571"}],"wp:attachment":[{"href":"https:\/\/www.europesays.com\/fr\/wp-json\/wp\/v2\/media?parent=366570"}],"wp:term":[{"taxonomy":"category","embeddable":true,"href":"https:\/\/www.europesays.com\/fr\/wp-json\/wp\/v2\/categories?post=366570"},{"taxonomy":"post_tag","embeddable":true,"href":"https:\/\/www.europesays.com\/fr\/wp-json\/wp\/v2\/tags?post=366570"}],"curies":[{"name":"wp","href":"https:\/\/api.w.org\/{rel}","templated":true}]}}