{"id":366574,"date":"2025-09-04T20:55:32","date_gmt":"2025-09-04T20:55:32","guid":{"rendered":"https:\/\/www.europesays.com\/fr\/366574\/"},"modified":"2025-09-04T20:55:32","modified_gmt":"2025-09-04T20:55:32","slug":"des-travaux-sur-la-rn-171-entre-nantes-et-saint-nazaire-quelles-consequences-sur-la","status":"publish","type":"post","link":"https:\/\/www.europesays.com\/fr\/366574\/","title":{"rendered":"Des travaux sur la RN 171\u00a0entre Nantes et Saint-Nazaire\u00a0: quelles cons\u00e9quences sur la"},"content":{"rendered":"<p>O\u00f9 auront lieu ces travaux\u00a0?<\/p>\n<p>Le chantier concernera deux sites\u00a0: le giratoire de La Mo\u00ebre \u00e0 Savenay et 4\u00a0km de route dans le sens Savenay vers Saint-Nazaire \u00e0 Prinquiau.<\/p>\n<p>\t<img decoding=\"async\" src=\"https:\/\/www.europesays.com\/fr\/wp-content\/uploads\/2025\/09\/P35441975D6960597G_px_640_.jpg\" alt=\"photo le giratoire de la mo\u00ebre sera enti\u00e8rement refait.  \u00a9  po\" width=\"640\" title=\" Le giratoire de La Mo\u00ebre sera enti\u00e8rement refait.   PO \"\/><\/p>\n<p class=\"elmt-legende\"> Le giratoire de La Mo\u00ebre sera enti\u00e8rement refait.   PO <\/p>\n<p>Quand\u00a0?<\/p>\n<p>Les travaux commenceront au rond-point de La Mo\u00ebre\u00a0du 8 au 12\u00a0septembre 2025, la nuit de 20\u00a0h \u00e0 6\u00a0h ce qui entra\u00eenera la fermeture de la RN2165 et de portions de la RN171. Du 15\u00a0septembre au 23\u00a0octobre, le chantier se d\u00e9placera sur le tron\u00e7on de la RN 171 \u00e0 Prinquiau. L\u00e0 encore, les travaux seront nocturnes, entre 20\u00a0h\u00a030 et 6\u00a0h sauf les week-ends.\u00a0Pendant ces cr\u00e9neaux, la RN 171\u00a0ainsi que certaines bretelles d\u2019acc\u00e8s seront ferm\u00e9es au droit du chantier et des d\u00e9viations seront mises en place. Ces modifications de circulation pourraient entra\u00eener un allongement des temps de trajet dans ce secteur. Il est conseill\u00e9 d\u2019anticiper ses d\u00e9placements pendant toute la dur\u00e9e du chantier.<\/p>\n<p>\t<img decoding=\"async\" src=\"https:\/\/www.europesays.com\/fr\/wp-content\/uploads\/2025\/09\/P35441976D6960597G_px_640_.jpg\" alt=\"photo une signal\u00e9tique pr\u00e9vient d\u00e9j\u00e0 des futurs travaux.  \u00a9  po\" width=\"640\" title=\" Une signal\u00e9tique pr\u00e9vient d\u00e9j\u00e0 des futurs travaux.   PO \"\/><\/p>\n<p class=\"elmt-legende\"> Une signal\u00e9tique pr\u00e9vient d\u00e9j\u00e0 des futurs travaux.   PO <\/p>\n<p>En quoi consistent les travaux\u00a0?<\/p>\n<p>Le rond-point de La Mo\u00ebre sera remis \u00e0 neuf. La deuxi\u00e8me phase du chantier consistera \u00e0 refaire 4\u00a0km de chauss\u00e9e, remplacer les glissi\u00e8res de s\u00e9curit\u00e9, refaire la signalisation verticale et le marquage au sol. Le calendrier des travaux pourra \u00eatre modifi\u00e9 en cas de conditions m\u00e9t\u00e9orologiques d\u00e9favorables.<\/p>\n<p>\u00a0<\/p>\n","protected":false},"excerpt":{"rendered":"O\u00f9 auront lieu ces travaux\u00a0? Le chantier concernera deux sites\u00a0: le giratoire de La Mo\u00ebre \u00e0 Savenay et&hellip;\n","protected":false},"author":2,"featured_media":366575,"comment_status":"","ping_status":"","sticky":false,"template":"","format":"standard","meta":{"footnotes":""},"categories":[2818],"tags":[50102,1111,11,3542,32564,1777,674,1011,27,766,12,2636,25,2848,3272,2086],"class_list":{"0":"post-366574","1":"post","2":"type-post","3":"status-publish","4":"format-standard","5":"has-post-thumbnail","7":"category-nantes","8":"tag-50102","9":"tag-actu","10":"tag-actualites","11":"tag-circulation","12":"tag-consequences","13":"tag-eu","14":"tag-europe","15":"tag-fr","16":"tag-france","17":"tag-nantes","18":"tag-news","19":"tag-pays-de-la-loire","20":"tag-republique-francaise","21":"tag-rn","22":"tag-saint-nazaire","23":"tag-travaux"},"share_on_mastodon":{"url":"https:\/\/pubeurope.com\/@fr\/115148025060584906","error":""},"_links":{"self":[{"href":"https:\/\/www.europesays.com\/fr\/wp-json\/wp\/v2\/posts\/366574","targetHints":{"allow":["GET"]}}],"collection":[{"href":"https:\/\/www.europesays.com\/fr\/wp-json\/wp\/v2\/posts"}],"about":[{"href":"https:\/\/www.europesays.com\/fr\/wp-json\/wp\/v2\/types\/post"}],"author":[{"embeddable":true,"href":"https:\/\/www.europesays.com\/fr\/wp-json\/wp\/v2\/users\/2"}],"replies":[{"embeddable":true,"href":"https:\/\/www.europesays.com\/fr\/wp-json\/wp\/v2\/comments?post=366574"}],"version-history":[{"count":0,"href":"https:\/\/www.europesays.com\/fr\/wp-json\/wp\/v2\/posts\/366574\/revisions"}],"wp:featuredmedia":[{"embeddable":true,"href":"https:\/\/www.europesays.com\/fr\/wp-json\/wp\/v2\/media\/366575"}],"wp:attachment":[{"href":"https:\/\/www.europesays.com\/fr\/wp-json\/wp\/v2\/media?parent=366574"}],"wp:term":[{"taxonomy":"category","embeddable":true,"href":"https:\/\/www.europesays.com\/fr\/wp-json\/wp\/v2\/categories?post=366574"},{"taxonomy":"post_tag","embeddable":true,"href":"https:\/\/www.europesays.com\/fr\/wp-json\/wp\/v2\/tags?post=366574"}],"curies":[{"name":"wp","href":"https:\/\/api.w.org\/{rel}","templated":true}]}}