{"id":366578,"date":"2025-09-04T20:57:16","date_gmt":"2025-09-04T20:57:16","guid":{"rendered":"https:\/\/www.europesays.com\/fr\/366578\/"},"modified":"2025-09-04T20:57:16","modified_gmt":"2025-09-04T20:57:16","slug":"quand-lart-urbain-rime-avec-solidarite","status":"publish","type":"post","link":"https:\/\/www.europesays.com\/fr\/366578\/","title":{"rendered":"quand l\u2019art urbain rime avec solidarit\u00e9 !"},"content":{"rendered":"<p>Couleurs \u00e9clatantes, cr\u00e9ativit\u00e9 d\u00e9bordante et ambiance conviviale : voil\u00e0 ce qui t\u2019attend \u00e0 <a href=\"https:\/\/www.mairie-bruges.fr\" target=\"_blank\" rel=\"noreferrer noopener nofollow\">Bruges<\/a> en septembre. Pendant tout un week-end, le street art prend ses quartiers dans le <a href=\"https:\/\/www.mairie-bruges.fr\/ma-ville\/parc-ausone\" target=\"_blank\" rel=\"noreferrer noopener nofollow\">parc Ausone<\/a> pour faire vibrer petits et grands autour d\u2019un rendez-vous artistique pas comme les autres.<\/p>\n<p style=\"font-size:16px\"><strong>Du vendredi 19 au dimanche 21 septembre 2025<\/strong>, pr\u00e9pare-toi \u00e0 en prendre plein les yeux. <strong>Plus de 400 m\u00b2 de murs<\/strong> vont \u00eatre investis par douze artistes internationaux, chacun avec son univers et son style. <strong>Tu pourras les voir \u00e0 l\u2019\u0153uvre, en direct<\/strong>, <strong>en train de cr\u00e9er des fresques monumentales<\/strong>. C\u2019est un moment rare, presque magique, <strong>qui s\u00e9duit aussi bien les passionn\u00e9s de street art que les simples curieux<\/strong>. Et si tu veux repartir avec un souvenir, sache que les \u0153uvres seront propos\u00e9es en s\u00e9rie limit\u00e9e, sous forme de photos.<\/p>\n<p><img fetchpriority=\"high\" decoding=\"async\" width=\"733\" height=\"1024\" src=\"https:\/\/www.europesays.com\/fr\/wp-content\/uploads\/2025\/09\/MUR-DU-SOUFFLE-Affiche-festival-2025-733x1024.jpeg\" alt=\"\" class=\"wp-image-83134\" style=\"width:571px;height:auto\"  \/>Familles, amis et curieux se retrouvent au parc Ausone pour partager un week-end haut en couleurs et d\u00e9couvrir l\u2019univers unique du graffiti en plein air.-\u00a9mairie de bruges <\/p>\n<p style=\"font-size:16px\"><strong>Ici, la f\u00eate ne s\u2019arr\u00eate pas \u00e0 la couleur des bombes de peinture.<\/strong> <strong>Le festival graffiti de Bruges<\/strong> est port\u00e9 par l\u2019association<a href=\"https:\/\/murdusouffle.com\" target=\"_blank\" rel=\"noreferrer noopener nofollow\">\u00a0<strong>Mur du Souffle<\/strong><\/a>,<strong> engag\u00e9e dans la lutte contre la mucoviscidose<\/strong>. R\u00e9sultat ? <strong>Tous les b\u00e9n\u00e9fices :<\/strong> restauration, ventes, dons, <strong>sont int\u00e9gralement revers\u00e9s \u00e0 la recherche m\u00e9dicale et au soutien des patients.<\/strong> En profitant des animations, tu contribues aussi \u00e0 une cause essentielle.<\/p>\n<p style=\"font-size:16px\">Ce rendez-vous, <strong>ce n\u2019est pas seulement des fresques spectaculaires. <\/strong>Sur place, tu trouveras un v\u00e9ritable petit village festif.<\/p>\n<ul class=\"wp-block-list\">\n<li style=\"font-size:16px\"><strong>Tu as envie d\u2019essayer ?<\/strong> Participe aux ateliers graffiti.<\/li>\n<li style=\"font-size:16px\"><strong>Plut\u00f4t \u00e9nergie d\u00e9bordante ?<\/strong> Les challenges de danse sont faits pour toi.<\/li>\n<li style=\"font-size:16px\"><strong>Et si tu pr\u00e9f\u00e8res l\u2019ambiance musicale<\/strong>, laisse-toi porter par les DJ sets.<\/li>\n<\/ul>\n<p style=\"font-size:16px\">Bref, chacun trouve son bonheur et \u00e7a devient un vrai moment de partage entre g\u00e9n\u00e9rations.<\/p>\n<p><img loading=\"lazy\" decoding=\"async\" width=\"1024\" height=\"768\" src=\"https:\/\/www.europesays.com\/fr\/wp-content\/uploads\/2025\/09\/487749319_1083150117180752_2273144317703476687_n-1024x768.jpeg\" alt=\"\" class=\"wp-image-83137\"  \/>Les ateliers graffiti du festival permettent aux plus jeunes de s\u2019initier au street art et d\u2019exprimer leur cr\u00e9ativit\u00e9 sur les murs, guid\u00e9s par des artistes.-\u00a9Facebook Mur du souffle <\/p>\n<p style=\"font-size:16px\">Tu te demandes peut-\u00eatre<strong> pourquoi aller jusqu\u2019\u00e0 Bruges ?<\/strong> Justement, c\u2019est ce qui fait le charme de l\u2019\u00e9v\u00e9nement.<strong> \u00c0 seulement quelques kilom\u00e8tres de Bordeaux, le parc Ausone<\/strong> t\u2019offre de grands <strong>espaces o\u00f9 tu peux profiter des fresques en plein air,<\/strong> loin de la foule des galeries classiques. Et <strong>voir un graffiti na\u00eetre sous tes yeux<\/strong>, c\u2019est une exp\u00e9rience qui reste grav\u00e9e.<\/p>\n<p class=\"has-text-align-center\" style=\"font-size:16px\"><strong>On y va ? <\/strong><br \/>\ud83d\udccdParc Ausone : Rue Beyerman, 33520 Bruges<br \/>\ud83d\udcc5\u00a0Du 19 au 21 septembre 2025, de 12h \u00e0 20h<br \/>\ud83d\ude8b\u00a0Acc\u00e8s ?\u00a0Tram C ou bus 70 : arr\u00eat Ausone<br \/>\ud83d\udc9bOuvert \u00e0 tous.tes \u2022 Entr\u00e9e libre et gratuite<br \/>\u27a1\ufe0f<a href=\"https:\/\/www.mairie-bruges.fr\/sorties-et-loisirs\/agenda\/festival-graffiti-mur-du-souffle\" target=\"_blank\" rel=\"noreferrer noopener nofollow\">Pour plus d\u2019informations<\/a> <\/p>\n<p style=\"font-size:16px\">Alors, pr\u00eat \u00e0 venir d\u00e9couvrir le street art en direct, soutenir une cause solidaire et passer un week-end haut en couleurs ?<\/p>\n<p style=\"font-size:16px\">\u00c0 lire aussi : <a href=\"https:\/\/www.bougerabordeaux.com\/actu\/bordeaux-une-nouvelle-porte-pour-la-mairie-installee-fin-novembre\/\" target=\"_blank\" rel=\"noreferrer noopener nofollow\">Bordeaux : une nouvelle porte pour la mairie install\u00e9e fin novembre<\/a><\/p>\n","protected":false},"excerpt":{"rendered":"Couleurs \u00e9clatantes, cr\u00e9ativit\u00e9 d\u00e9bordante et ambiance conviviale : voil\u00e0 ce qui t\u2019attend \u00e0 Bruges en septembre. Pendant tout&hellip;\n","protected":false},"author":2,"featured_media":366579,"comment_status":"","ping_status":"","sticky":false,"template":"","format":"standard","meta":{"footnotes":""},"categories":[2817],"tags":[1111,11,1997,1777,674,1011,27,12,2219,25],"class_list":{"0":"post-366578","1":"post","2":"type-post","3":"status-publish","4":"format-standard","5":"has-post-thumbnail","7":"category-bordeaux","8":"tag-actu","9":"tag-actualites","10":"tag-bordeaux","11":"tag-eu","12":"tag-europe","13":"tag-fr","14":"tag-france","15":"tag-news","16":"tag-nouvelle-aquitaine","17":"tag-republique-francaise"},"share_on_mastodon":{"url":"https:\/\/pubeurope.com\/@fr\/115148032821119960","error":""},"_links":{"self":[{"href":"https:\/\/www.europesays.com\/fr\/wp-json\/wp\/v2\/posts\/366578","targetHints":{"allow":["GET"]}}],"collection":[{"href":"https:\/\/www.europesays.com\/fr\/wp-json\/wp\/v2\/posts"}],"about":[{"href":"https:\/\/www.europesays.com\/fr\/wp-json\/wp\/v2\/types\/post"}],"author":[{"embeddable":true,"href":"https:\/\/www.europesays.com\/fr\/wp-json\/wp\/v2\/users\/2"}],"replies":[{"embeddable":true,"href":"https:\/\/www.europesays.com\/fr\/wp-json\/wp\/v2\/comments?post=366578"}],"version-history":[{"count":0,"href":"https:\/\/www.europesays.com\/fr\/wp-json\/wp\/v2\/posts\/366578\/revisions"}],"wp:featuredmedia":[{"embeddable":true,"href":"https:\/\/www.europesays.com\/fr\/wp-json\/wp\/v2\/media\/366579"}],"wp:attachment":[{"href":"https:\/\/www.europesays.com\/fr\/wp-json\/wp\/v2\/media?parent=366578"}],"wp:term":[{"taxonomy":"category","embeddable":true,"href":"https:\/\/www.europesays.com\/fr\/wp-json\/wp\/v2\/categories?post=366578"},{"taxonomy":"post_tag","embeddable":true,"href":"https:\/\/www.europesays.com\/fr\/wp-json\/wp\/v2\/tags?post=366578"}],"curies":[{"name":"wp","href":"https:\/\/api.w.org\/{rel}","templated":true}]}}