{"id":366580,"date":"2025-09-04T20:58:10","date_gmt":"2025-09-04T20:58:10","guid":{"rendered":"https:\/\/www.europesays.com\/fr\/366580\/"},"modified":"2025-09-04T20:58:10","modified_gmt":"2025-09-04T20:58:10","slug":"comparution-immediate-ce-vendredi-a-bordeaux-un-vol-de-jante-au-coeur-dun-guet-apens-dans-le-medoc","status":"publish","type":"post","link":"https:\/\/www.europesays.com\/fr\/366580\/","title":{"rendered":"Comparution imm\u00e9diate ce vendredi \u00e0 Bordeaux\u00a0: un vol de jante au c\u0153ur d&rsquo;un guet-apens dans le M\u00e9doc"},"content":{"rendered":"<p>Un habitant de Lesparre-M\u00e9doc de 22 ans sera jug\u00e9 ce vendredi pour violence volontaire avec arme, avec pr\u00e9m\u00e9ditation. Il est accus\u00e9 d&rsquo;avoir attendu une connaissance de longue date, sur la route ce mardi, et d&rsquo;avoir tir\u00e9 sur son v\u00e9hicule au fusil de chasse. La victime n&rsquo;a \u00e9t\u00e9 que l\u00e9g\u00e8rement bless\u00e9e.<\/p>\n<p>C&rsquo;est le milieu d&rsquo;apr\u00e8s-midi mardi quand, dans le Nord-M\u00e9doc, sur la <strong>d\u00e9partementale entre Lesparre \u00e0 B\u00e9gadan<\/strong>, un jeune homme de 25 ans roule tranquillement avec sa compagne assise \u00e0 cot\u00e9 de lui. D&rsquo;un coup, une voiture lui coupe la route et tire sur son v\u00e9hicule, au niveau de la porti\u00e8re, avec un <strong>fusil de chasse<\/strong>, d&rsquo;un calibre utilis\u00e9 normalement pour les sangliers ou les cerfs. Il est l\u00e9g\u00e8rement touch\u00e9 \u00e0 la jambe mais <strong>r\u00e9ussit \u00e0 red\u00e9marrer pour s&rsquo;enfuir<\/strong>. L&rsquo;agresseur, lui, se pr\u00e9sente de lui m\u00eame \u00e0 la gendarmerie, il reconnait les faits et explique qu&rsquo;il connait la victime de longue date, et que, ce r\u00e8glement de comptes orchestr\u00e9, vient donc d&rsquo;une vieille embrouille autour histoire de jante vol\u00e9e. Il sera jug\u00e9 ce vendredi en comparution imm\u00e9diate pour violences volontaires avec arme avec pr\u00e9m\u00e9ditation. L&rsquo;agresseur, et la victime, tous deux originaires de Lesparre, sont connus de la justice.<\/p>\n","protected":false},"excerpt":{"rendered":"Un habitant de Lesparre-M\u00e9doc de 22 ans sera jug\u00e9 ce vendredi pour violence volontaire avec arme, avec pr\u00e9m\u00e9ditation.&hellip;\n","protected":false},"author":2,"featured_media":366581,"comment_status":"","ping_status":"","sticky":false,"template":"","format":"standard","meta":{"footnotes":""},"categories":[2817],"tags":[1111,11,1997,1777,674,1011,27,12,2219,25],"class_list":{"0":"post-366580","1":"post","2":"type-post","3":"status-publish","4":"format-standard","5":"has-post-thumbnail","7":"category-bordeaux","8":"tag-actu","9":"tag-actualites","10":"tag-bordeaux","11":"tag-eu","12":"tag-europe","13":"tag-fr","14":"tag-france","15":"tag-news","16":"tag-nouvelle-aquitaine","17":"tag-republique-francaise"},"share_on_mastodon":{"url":"https:\/\/pubeurope.com\/@fr\/115148036737521038","error":""},"_links":{"self":[{"href":"https:\/\/www.europesays.com\/fr\/wp-json\/wp\/v2\/posts\/366580","targetHints":{"allow":["GET"]}}],"collection":[{"href":"https:\/\/www.europesays.com\/fr\/wp-json\/wp\/v2\/posts"}],"about":[{"href":"https:\/\/www.europesays.com\/fr\/wp-json\/wp\/v2\/types\/post"}],"author":[{"embeddable":true,"href":"https:\/\/www.europesays.com\/fr\/wp-json\/wp\/v2\/users\/2"}],"replies":[{"embeddable":true,"href":"https:\/\/www.europesays.com\/fr\/wp-json\/wp\/v2\/comments?post=366580"}],"version-history":[{"count":0,"href":"https:\/\/www.europesays.com\/fr\/wp-json\/wp\/v2\/posts\/366580\/revisions"}],"wp:featuredmedia":[{"embeddable":true,"href":"https:\/\/www.europesays.com\/fr\/wp-json\/wp\/v2\/media\/366581"}],"wp:attachment":[{"href":"https:\/\/www.europesays.com\/fr\/wp-json\/wp\/v2\/media?parent=366580"}],"wp:term":[{"taxonomy":"category","embeddable":true,"href":"https:\/\/www.europesays.com\/fr\/wp-json\/wp\/v2\/categories?post=366580"},{"taxonomy":"post_tag","embeddable":true,"href":"https:\/\/www.europesays.com\/fr\/wp-json\/wp\/v2\/tags?post=366580"}],"curies":[{"name":"wp","href":"https:\/\/api.w.org\/{rel}","templated":true}]}}