{"id":366585,"date":"2025-09-04T21:01:17","date_gmt":"2025-09-04T21:01:17","guid":{"rendered":"https:\/\/www.europesays.com\/fr\/366585\/"},"modified":"2025-09-04T21:01:17","modified_gmt":"2025-09-04T21:01:17","slug":"lancien-bowling-de-roubaix-reste-un-spot-de-street-artistes-plus-longtemps-que-prevu-04-09-2025","status":"publish","type":"post","link":"https:\/\/www.europesays.com\/fr\/366585\/","title":{"rendered":"L\u2019ancien bowling de Roubaix reste un spot de street-artistes plus longtemps que pr\u00e9vu &#8211; 04\/09\/2025"},"content":{"rendered":"<p>\n        Le collectif Plateau 112, qui avait investi l\u2019ancien bowling Cosmos \u00e0 Roubaix avec ses \u0153uvres en juin, prolonge l\u2019aventure. Et pour f\u00eater \u00e7a, il organise un gros \u00e9v\u00e9nement le 20 septembre prochain pour la Journ\u00e9e du Patrimoine. On vous en dit plus.<\/p>\n<p>En juin dernier, on vous parlait de cette reconversion inattendue : l\u2019ancien bowling Cosmos, \u00e0 Roubaix, repris par une bande d\u2019artistes et de graveur\u00b7ses regroup\u00e9\u00b7ses sous le nom de Plateau 112. \u00c0 l\u2019\u00e9poque, leur expo devait durer seulement jusqu\u2019au 15 juillet. Mais d\u00e9j\u00e0, les membres du collectif laissaient entendre qu\u2019ils ne voulaient pas s\u2019arr\u00eater l\u00e0.\u00a0On vous laisse (re)mater <a target=\"_blank\" href=\"https:\/\/www.instagram.com\/reel\/DLNRbLVP5V9\/\" rel=\"nofollow noopener\">la vid\u00e9o<\/a> qu\u2019on avait faite pour l\u2019occasion :<\/p>\n<p>Si l\u2019aventure continue, c\u2019est parce que la dynamique \u00e9tait trop belle pour s\u2019arr\u00eater. \u00ab\u00a0On kiffe \u00e0 fond ce qu\u2019on fait ici, il y a une bonne ambiance, on continue\u00a0\u00bb, raconte Gilles, alias <a target=\"_blank\" href=\"https:\/\/www.instagram.com\/mr.voul\/\" rel=\"nofollow noopener\">Monsieur Voul<\/a>, pr\u00e9sident du collectif, qui est bien d\u00e9cid\u00e9 avec la vingtaine d&rsquo;autres artistes, \u00e0 faire vivre ce lieu autrement. \u00ab\u00a0On est une bande de d\u00e9termin\u00e9s. \u00c7a rend possible les choses\u00a0\u00bb, poursuit-il.<\/p>\n<p>Le 20 septembre : une journ\u00e9e \u00e9lectro et artistique<\/p>\n<p>Premi\u00e8re \u00e9tape de ce prolongement : un \u00e9v\u00e9nement sp\u00e9cial Journ\u00e9e du Patrimoine le\u00a0vendredi 20 septembre, de\u00a0<b>14h \u00e0 22h<\/b>\u00a0:<\/p>\n<ul>&#13;<\/p>\n<li>une apr\u00e8s-midi \u00e9lectro avec\u00a06 DJs orchestr\u00e9e par <a target=\"_blank\" href=\"https:\/\/www.instagram.com\/galaxieradio\/\" rel=\"nofollow noopener\">Radio Galaxie<\/a>, avec principalement des artistes locaux mais pas que : <a target=\"_blank\" href=\"https:\/\/www.instagram.com\/kg_lek\/\" rel=\"nofollow noopener\">KG-Lek<\/a>, Geriselune, <a target=\"_blank\" href=\"https:\/\/www.instagram.com\/manonmmiroir_music\/\" rel=\"nofollow noopener\">Manonmmiroir<\/a>, Justine, Ever-L, et <a target=\"_blank\" href=\"https:\/\/www.instagram.com\/gregdenbosa\/\" rel=\"nofollow noopener\">Greg Denbosa<\/a>.<\/li>\n<p>&#13;<\/p>\n<li>les membres du collectif ainsi que d&rsquo;autres artistes pr\u00e9senteront leurs cr\u00e9ations au c\u0153ur de l\u2019ancien bowling, on vous laisse checker l&rsquo;affiche pour les d\u00e9couvrir.<\/li>\n<p>&#13;<\/ul>\n<p>      <a data-fslightbox=\"lightbox-73231\" data-caption=\"\" href=\"https:\/\/vozer.s3.eu-west-3.amazonaws.com\/production\/1757000903\/qglugt8fhjrkzvo8jex1cygrggjt\/539464612_10238604378227598_3761259578192566657_n.jpg\" rel=\"nofollow noopener\" target=\"_blank\"><br \/>\n        <img decoding=\"async\" class=\"mw-100 lazy\" alt=\"\" lazy=\"true\" src=\"https:\/\/www.europesays.com\/fr\/wp-content\/uploads\/2025\/09\/539464612_10238604378227598_3761259578192566657_n.webp.webp\"\/><br \/>\n      <\/a><\/p>\n<p>L&rsquo;entr\u00e9e se fait \u00e0 prix libre, et on vous a mis le lien de la billetterie dans les infos pratiques.<\/p>\n<p>&#13;Et apr\u00e8s ?<br \/>&#13;<\/p>\n<p>Si tout se passe bien, le lieu restera ouvert tous les premiers dimanches du mois. Rien n\u2019est encore grav\u00e9 dans le marbre, mais l\u2019\u00e9quipe vous conseille de garder un \u0153il sur ses r\u00e9seaux sociaux pour ne pas louper la suite. On vous les file dans les infos pratiques.<\/p>\n<p>    <script async src=\"\/\/www.instagram.com\/embed.js\"><\/script><\/p>\n","protected":false},"excerpt":{"rendered":"Le collectif Plateau 112, qui avait investi l\u2019ancien bowling Cosmos \u00e0 Roubaix avec ses \u0153uvres en juin, prolonge&hellip;\n","protected":false},"author":2,"featured_media":366586,"comment_status":"","ping_status":"","sticky":false,"template":"","format":"standard","meta":{"footnotes":""},"categories":[2815],"tags":[1111,11,1777,674,1011,27,811,1307,12,25],"class_list":{"0":"post-366585","1":"post","2":"type-post","3":"status-publish","4":"format-standard","5":"has-post-thumbnail","7":"category-lille","8":"tag-actu","9":"tag-actualites","10":"tag-eu","11":"tag-europe","12":"tag-fr","13":"tag-france","14":"tag-hauts-de-france","15":"tag-lille","16":"tag-news","17":"tag-republique-francaise"},"share_on_mastodon":{"url":"https:\/\/pubeurope.com\/@fr\/115148048843172991","error":""},"_links":{"self":[{"href":"https:\/\/www.europesays.com\/fr\/wp-json\/wp\/v2\/posts\/366585","targetHints":{"allow":["GET"]}}],"collection":[{"href":"https:\/\/www.europesays.com\/fr\/wp-json\/wp\/v2\/posts"}],"about":[{"href":"https:\/\/www.europesays.com\/fr\/wp-json\/wp\/v2\/types\/post"}],"author":[{"embeddable":true,"href":"https:\/\/www.europesays.com\/fr\/wp-json\/wp\/v2\/users\/2"}],"replies":[{"embeddable":true,"href":"https:\/\/www.europesays.com\/fr\/wp-json\/wp\/v2\/comments?post=366585"}],"version-history":[{"count":0,"href":"https:\/\/www.europesays.com\/fr\/wp-json\/wp\/v2\/posts\/366585\/revisions"}],"wp:featuredmedia":[{"embeddable":true,"href":"https:\/\/www.europesays.com\/fr\/wp-json\/wp\/v2\/media\/366586"}],"wp:attachment":[{"href":"https:\/\/www.europesays.com\/fr\/wp-json\/wp\/v2\/media?parent=366585"}],"wp:term":[{"taxonomy":"category","embeddable":true,"href":"https:\/\/www.europesays.com\/fr\/wp-json\/wp\/v2\/categories?post=366585"},{"taxonomy":"post_tag","embeddable":true,"href":"https:\/\/www.europesays.com\/fr\/wp-json\/wp\/v2\/tags?post=366585"}],"curies":[{"name":"wp","href":"https:\/\/api.w.org\/{rel}","templated":true}]}}