{"id":366593,"date":"2025-09-04T21:05:10","date_gmt":"2025-09-04T21:05:10","guid":{"rendered":"https:\/\/www.europesays.com\/fr\/366593\/"},"modified":"2025-09-04T21:05:10","modified_gmt":"2025-09-04T21:05:10","slug":"le-groupe-apicil-partenaire-accessibilite-de-la-21e-biennale-de-la-danse-de-lyon","status":"publish","type":"post","link":"https:\/\/www.europesays.com\/fr\/366593\/","title":{"rendered":"Le Groupe APICIL, partenaire accessibilit\u00e9 de la 21e Biennale de la danse de Lyon"},"content":{"rendered":"<p>                                                        <img loading=\"lazy\" decoding=\"async\" width=\"1024\" height=\"680\" src=\"data:image\/svg+xml,%3Csvg%20xmlns=\" http:=\"\" class=\"thumb img-responsive m-x-auto block w-full\" alt=\"lyon entreprises apicil entreprise\" caption=\"\" data-lazy-src=\"https:\/\/www.europesays.com\/fr\/wp-content\/uploads\/2025\/09\/68a87b3172612-pexels-scottwebb-27406-1024x680.jpg\"\/><\/p>\n<p class=\"ez-toc-title ez-toc-toggle\" style=\"cursor: pointer\">Sommaire &amp; acc\u00e8s rapide<\/p>\n<p><a href=\"#\" class=\"ez-toc-pull-right ez-toc-btn ez-toc-btn-xs ez-toc-btn-default ez-toc-toggle\" aria-label=\"Toggle Table of Content\">Toggle<\/a><\/p>\n<p><strong>Le Groupe APICIL s\u2019associe \u00e0 la 21e Biennale de la danse de Lyon, qui se d\u00e9roulera du 6 septembre au 17 octobre 2025, pour promouvoir une culture accessible \u00e0 toutes et \u00e0 tous. Ce partenariat illustre l\u2019engagement du groupe en faveur de l\u2019inclusion et du partage au sein de la m\u00e9tropole lyonnaise et de la r\u00e9gion Auvergne-Rh\u00f4ne-Alpes.<\/strong><\/p>\n<p>Un engagement concret en faveur de l\u2019accessibilit\u00e9<\/p>\n<p>En tant que partenaire de l\u2019accessibilit\u00e9, le Groupe APICIL soutient la mise en place de dispositifs inclusifs permettant \u00e0 chacun\u00b7e de profiter des spectacles. Parmi eux :<\/p>\n<ul>\n<li>Une billetterie adapt\u00e9e aux personnes en situation de handicap et \u00e0 mobilit\u00e9 r\u00e9duite, incluant un service de r\u00e9servation sp\u00e9cifique et des tarifs r\u00e9duits ;<\/li>\n<li>Des lieux de repr\u00e9sentation accessibles avec emplacements d\u00e9di\u00e9s et informations pratiques fournies en amont ;<\/li>\n<li>Des gilets vibrants immersifs pour les personnes sourdes ou malentendantes ;<\/li>\n<li>Le dispositif \u00ab Chuchotines \u00bb destin\u00e9 aux spectateurs malvoyants ;<\/li>\n<li>Un atelier sensoriel le 14 septembre \u00e0 la Cit\u00e9 Internationale de la Gastronomie, suivi d\u2019un spectacle ;<\/li>\n<li>Des spectacles adapt\u00e9s aux spectateurs aveugles et malvoyants ;<\/li>\n<li>Une tribune r\u00e9serv\u00e9e aux PSH et PMR lors du D\u00e9fil\u00e9 d\u2019ouverture ;<\/li>\n<li>Des agents d\u2019accueil mobilis\u00e9s sur les \u00e9v\u00e9nements en ext\u00e9rieur ;<\/li>\n<li>Des supports de communication en version simplifi\u00e9e pour une meilleure accessibilit\u00e9.<\/li>\n<\/ul>\n<p>L\u2019implication des collaborateurs<\/p>\n<p>Au-del\u00e0 de l\u2019appui financier, les collaborateurs du Groupe APICIL participeront activement \u00e0 plusieurs \u00e9v\u00e9nements :<\/p>\n<ul>\n<li>Le 7 septembre, lors du D\u00e9fil\u00e9 d\u2019ouverture, ils accueilleront des personnes en situation de handicap et \u00e0 mobilit\u00e9 r\u00e9duite dans une tribune d\u00e9di\u00e9e ;<\/li>\n<li>Ils accompagneront des personnes \u00e2g\u00e9es du centre social de Saint-Priest \u00e0 deux repr\u00e9sentations \u00e0 la Maison de la danse : Borda de Lia Rodrigues (8 septembre) et Entre-temps de Philippe Decoufl\u00e9 (28 septembre) ;<\/li>\n<li>Le groupe offrira 14 places de spectacles \u00e0 l\u2019association Dialogue et Solidarit\u00e9.<\/li>\n<\/ul>\n<p>Des valeurs partag\u00e9es<\/p>\n<p>Philippe Barret, Directeur G\u00e9n\u00e9ral du Groupe APICIL, souligne : \u00ab En soutenant la 21e Biennale de la danse de Lyon, \u00e9v\u00e9nement majeur de la sc\u00e8ne chor\u00e9graphique internationale, nous sommes fiers d\u2019agir en faveur d\u2019une culture accessible \u00e0 toutes et tous. L\u2019acc\u00e8s \u00e0 la culture est un droit fondamental. \u00bb<\/p>\n<p>Pour Tiago Guedes, Directeur artistique de la Biennale, \u00ab le soutien du Groupe APICIL va permettre de proposer une Biennale encore plus ouverte, solidaire et humaine, qui fera rayonner la danse bien au-del\u00e0 des sc\u00e8nes traditionnelles \u00bb.<\/p>\n<p>\u00c0 propos du Groupe APICIL<\/p>\n<p>Avec un chiffre d\u2019affaires de 3,9 Md\u20ac, le Groupe APICIL est l\u2019un des principaux acteurs fran\u00e7ais de la protection sociale et patrimoniale. Ses 2 649 collaborateurs accompagnent 53 000 entreprises et 1,9 million d\u2019assur\u00e9s. Paritaire et mutualiste, le Groupe APICIL s\u2019engage en mati\u00e8re de responsabilit\u00e9 sociale, notamment autour de trois axes : inclusion, protection sociale durable et transition environnementale.<\/p>\n","protected":false},"excerpt":{"rendered":"Sommaire &amp; acc\u00e8s rapide Toggle Le Groupe APICIL s\u2019associe \u00e0 la 21e Biennale de la danse de Lyon,&hellip;\n","protected":false},"author":2,"featured_media":366594,"comment_status":"","ping_status":"","sticky":false,"template":"","format":"standard","meta":{"footnotes":""},"categories":[1889],"tags":[1111,11,2430,1777,674,1011,27,2428,12,25],"class_list":{"0":"post-366593","1":"post","2":"type-post","3":"status-publish","4":"format-standard","5":"has-post-thumbnail","7":"category-lyon","8":"tag-actu","9":"tag-actualites","10":"tag-auvergne-rhone-alpes","11":"tag-eu","12":"tag-europe","13":"tag-fr","14":"tag-france","15":"tag-lyon","16":"tag-news","17":"tag-republique-francaise"},"share_on_mastodon":{"url":"https:\/\/pubeurope.com\/@fr\/115148064296565950","error":""},"_links":{"self":[{"href":"https:\/\/www.europesays.com\/fr\/wp-json\/wp\/v2\/posts\/366593","targetHints":{"allow":["GET"]}}],"collection":[{"href":"https:\/\/www.europesays.com\/fr\/wp-json\/wp\/v2\/posts"}],"about":[{"href":"https:\/\/www.europesays.com\/fr\/wp-json\/wp\/v2\/types\/post"}],"author":[{"embeddable":true,"href":"https:\/\/www.europesays.com\/fr\/wp-json\/wp\/v2\/users\/2"}],"replies":[{"embeddable":true,"href":"https:\/\/www.europesays.com\/fr\/wp-json\/wp\/v2\/comments?post=366593"}],"version-history":[{"count":0,"href":"https:\/\/www.europesays.com\/fr\/wp-json\/wp\/v2\/posts\/366593\/revisions"}],"wp:featuredmedia":[{"embeddable":true,"href":"https:\/\/www.europesays.com\/fr\/wp-json\/wp\/v2\/media\/366594"}],"wp:attachment":[{"href":"https:\/\/www.europesays.com\/fr\/wp-json\/wp\/v2\/media?parent=366593"}],"wp:term":[{"taxonomy":"category","embeddable":true,"href":"https:\/\/www.europesays.com\/fr\/wp-json\/wp\/v2\/categories?post=366593"},{"taxonomy":"post_tag","embeddable":true,"href":"https:\/\/www.europesays.com\/fr\/wp-json\/wp\/v2\/tags?post=366593"}],"curies":[{"name":"wp","href":"https:\/\/api.w.org\/{rel}","templated":true}]}}