{"id":366595,"date":"2025-09-04T21:06:11","date_gmt":"2025-09-04T21:06:11","guid":{"rendered":"https:\/\/www.europesays.com\/fr\/366595\/"},"modified":"2025-09-04T21:06:11","modified_gmt":"2025-09-04T21:06:11","slug":"comment-jean-michel-aulas-a-annonce-sa-candidature-presque-par-inadvertance","status":"publish","type":"post","link":"https:\/\/www.europesays.com\/fr\/366595\/","title":{"rendered":"comment Jean-Michel Aulas a annonc\u00e9 sa candidature presque par inadvertance"},"content":{"rendered":"<p class=\"article-p mdl\">On pourrait appeler \u00e7a une pr\u00e9-annonce. L\u2019ancien patron de l\u2019Olympique lyonnais, Jean-Michel Aulas, a affirm\u00e9 ce jeudi 4 septembre qu\u2019il se d\u00e9clarerait officiellement candidat \u00e0 la mairie de Lyon \u00ab\u00a0dans quelques jours\u00a0\u00bb.<br \/>.<br \/>\n<br \/>Mais cette d\u00e9cision ne sort pas de nulle part. En f\u00e9vrier dernier, celui qui <strong>a dirig\u00e9 l\u2019OL pendant 36 ans<\/strong> avait confi\u00e9 au Figaro envisager une candidature face au maire \u00e9cologiste sortant, Gr\u00e9gory Doucet.<\/p>\n<p>Il op\u00e8re donc une v\u00e9ritable bascule :\u00a0<a class=\"link\" href=\"https:\/\/www.rtl.fr\/actu\/politique\/municipales-a-lyon-jean-michel-aulas-veut-se-lancer-dans-l-aventure-7900537563\" target=\"_blank\" rel=\"noopener\">du football \u00e0 la politique<\/a>. Un terrain autrement plus complexe. Car s\u2019il est unanimement reconnu comme un strat\u00e8ge du ballon rond, avec <strong>sept titres de champion de France<\/strong> \u00e0 la t\u00eate de l\u2019Olympique lyonnais, Aulas reste novice en politique. En t\u00e9moigne cette d\u00e9claration faite dans un petit caf\u00e9 lyonnais\u2026 d\u00e9cor\u00e9 de maillots de sport au mur.\u00a0<\/p>\n<p>            En attendant les R\u00e9publicains<\/p>\n<p class=\"article-p mdl\">L\u2019ancien pr\u00e9sident de l\u2019OL, qui devrait recevoir<strong> l\u2019appui des R\u00e9publicains<\/strong>, a fini par annoncer presque malgr\u00e9 lui sa candidature, assis aux c\u00f4t\u00e9s de Laurent Wauquiez : \u00ab\u00a0Je prends la responsabilit\u00e9 d\u2019ici quelques jours de me lancer dans l\u2019aventure, sans \u00e9tiquette, mais avec le soutien des gens les plus dynamiques. Je vais continuer pendant quelques jours encore \u00e0 faire <strong>en sorte que l\u2019union soit totale<\/strong>\u00ab\u00a0, a-t-il affirm\u00e9.<\/p>\n<p>Jean-Michel Aulas se positionne donc comme candidat, avec la volont\u00e9 de rassembler du centre-gauche jusqu\u2019\u00e0 la droite. Mais si des discussions<strong> existent avec le parti pr\u00e9sidentiel Renaissance<\/strong>, aucun accord n\u2019est en vue pour l\u2019instant. \u00c0 gauche non plus, aucun ralliement n\u2019a \u00e9t\u00e9 annonc\u00e9. Bref, si elle se veut \u00ab\u00a0sans \u00e9tiquette\u00a0\u00bb, la candidature de Jean-Michel Aulas appara\u00eet pour l\u2019heure comme celle, <strong>surtout, de la droite lyonnaise.<\/strong><\/p>\n<p>    La r\u00e9daction vous recommande<\/p>\n<p class=\"s-newsletter__title\">\n                L\u2019actualit\u00e9 par la r\u00e9daction de RTL dans votre bo\u00eete mail.\n            <\/p>\n<p class=\"s-newsletter__subtitle\">\n                Gr\u00e2ce \u00e0 votre compte RTL abonnez-vous \u00e0 la newsletter RTL info pour suivre toute l&rsquo;actualit\u00e9 au quotidien\n            <\/p>\n<p>\n                                    Lire la suite\n                                <\/p>\n","protected":false},"excerpt":{"rendered":"On pourrait appeler \u00e7a une pr\u00e9-annonce. L\u2019ancien patron de l\u2019Olympique lyonnais, Jean-Michel Aulas, a affirm\u00e9 ce jeudi 4&hellip;\n","protected":false},"author":2,"featured_media":366596,"comment_status":"","ping_status":"","sticky":false,"template":"","format":"standard","meta":{"footnotes":""},"categories":[1889],"tags":[1111,11,2430,50108,1777,674,107,1011,27,5227,2428,12,978,25],"class_list":{"0":"post-366595","1":"post","2":"type-post","3":"status-publish","4":"format-standard","5":"has-post-thumbnail","7":"category-lyon","8":"tag-actu","9":"tag-actualites","10":"tag-auvergne-rhone-alpes","11":"tag-elections-municipales-a-lyon","12":"tag-eu","13":"tag-europe","14":"tag-fil-info","15":"tag-fr","16":"tag-france","17":"tag-jean-michel-aulas","18":"tag-lyon","19":"tag-news","20":"tag-olympique-lyonnais","21":"tag-republique-francaise"},"share_on_mastodon":{"url":"https:\/\/pubeurope.com\/@fr\/115148068146446668","error":""},"_links":{"self":[{"href":"https:\/\/www.europesays.com\/fr\/wp-json\/wp\/v2\/posts\/366595","targetHints":{"allow":["GET"]}}],"collection":[{"href":"https:\/\/www.europesays.com\/fr\/wp-json\/wp\/v2\/posts"}],"about":[{"href":"https:\/\/www.europesays.com\/fr\/wp-json\/wp\/v2\/types\/post"}],"author":[{"embeddable":true,"href":"https:\/\/www.europesays.com\/fr\/wp-json\/wp\/v2\/users\/2"}],"replies":[{"embeddable":true,"href":"https:\/\/www.europesays.com\/fr\/wp-json\/wp\/v2\/comments?post=366595"}],"version-history":[{"count":0,"href":"https:\/\/www.europesays.com\/fr\/wp-json\/wp\/v2\/posts\/366595\/revisions"}],"wp:featuredmedia":[{"embeddable":true,"href":"https:\/\/www.europesays.com\/fr\/wp-json\/wp\/v2\/media\/366596"}],"wp:attachment":[{"href":"https:\/\/www.europesays.com\/fr\/wp-json\/wp\/v2\/media?parent=366595"}],"wp:term":[{"taxonomy":"category","embeddable":true,"href":"https:\/\/www.europesays.com\/fr\/wp-json\/wp\/v2\/categories?post=366595"},{"taxonomy":"post_tag","embeddable":true,"href":"https:\/\/www.europesays.com\/fr\/wp-json\/wp\/v2\/tags?post=366595"}],"curies":[{"name":"wp","href":"https:\/\/api.w.org\/{rel}","templated":true}]}}