{"id":366601,"date":"2025-09-04T21:10:12","date_gmt":"2025-09-04T21:10:12","guid":{"rendered":"https:\/\/www.europesays.com\/fr\/366601\/"},"modified":"2025-09-04T21:10:12","modified_gmt":"2025-09-04T21:10:12","slug":"juge-pour-feminicide-lex-policier-arnaud-bonnefoy-confie-un-regret-qui-me-hante","status":"publish","type":"post","link":"https:\/\/www.europesays.com\/fr\/366601\/","title":{"rendered":"Jug\u00e9 pour f\u00e9minicide, l\u2019ex-policier Arnaud Bonnefoy confie un \u00ab regret qui me hante \u00bb"},"content":{"rendered":"<p class=\"mb-4 text-lg md:leading-8 break-words\"><strong>VERDICT \u00c0 VENIR &#8211; Devant la cour d\u2019assises, l\u2019avocate g\u00e9n\u00e9rale a requis 28 ans de r\u00e9clusion criminelle contre Arnaud Bonnefoy, ex-policier jug\u00e9 pour avoir \u00e9trangl\u00e9 sa compagne en janvier\u00a02022<\/strong><\/p>\n<p class=\"mb-4 text-lg md:leading-8 break-words\">La <a href=\"https:\/\/www.20minutes.fr\/societe\/cour_d_assises-1\/?at_medium=RSS%20feed&amp;at_campaign=ynews&amp;utm_source=yahoo&amp;utm_medium=rss&amp;utm_campaign=news_feed&amp;utm_content=in_article_link\" rel=\"nofollow noopener\" target=\"_blank\" data-ylk=\"slk:cour d\u2019assises;elm:context_link;itc:0;sec:content-canvas\" class=\"link \">cour d\u2019assises<\/a> de Paris a entendu jeudi les r\u00e9quisitions contre <a href=\"https:\/\/www.20minutes.fr\/justice\/4170586-20250902-paris-moment-perds-completement-pedales-derive-sanglante-policier-jaloux-impulsif-assises?at_medium=RSS%20feed&amp;at_campaign=ynews&amp;utm_source=yahoo&amp;utm_medium=rss&amp;utm_campaign=news_feed&amp;utm_content=in_article_link\" rel=\"nofollow noopener\" target=\"_blank\" data-ylk=\"slk:Arnaud Bonnefoy, ex-policier;elm:context_link;itc:0;sec:content-canvas\" class=\"link \">Arnaud Bonnefoy, ex-policier<\/a> accus\u00e9 d\u2019avoir \u00e9trangl\u00e9 sa compagne Amanda Glain en janvier\u00a02022. L\u2019avocate g\u00e9n\u00e9rale In\u00e8s Bordet a requis 28 ans de r\u00e9clusion criminelle, assortis d\u2019une p\u00e9riode de s\u00fbret\u00e9 des deux tiers, \u00e9voquant la \u00ab\u00a0chronique d\u2019un <a href=\"https:\/\/www.20minutes.fr\/societe\/feminicide\/?at_medium=RSS%20feed&amp;at_campaign=ynews&amp;utm_source=yahoo&amp;utm_medium=rss&amp;utm_campaign=news_feed&amp;utm_content=in_article_link\" rel=\"nofollow noopener\" target=\"_blank\" data-ylk=\"slk:f\u00e9minicide;elm:context_link;itc:0;sec:content-canvas\" class=\"link \">f\u00e9minicide<\/a> annonc\u00e9\u00a0\u00bb. Elle a mis en garde les jur\u00e9s contre les \u00ab\u00a0regrets\u00a0\u00bb de l\u2019accus\u00e9, \u00e0 prendre selon elle \u00ab\u00a0avec beaucoup de recul et beaucoup de r\u00e9serves\u00a0\u00bb.<\/p>\n<p class=\"mb-4 text-lg md:leading-8 break-words\">Amanda Glain, 28 ans, cr\u00e9atrice de contenus digitaux, avait \u00e9t\u00e9 retrouv\u00e9e morte dans l\u2019appartement qu\u2019elle partageait avec Arnaud Bonnefoy dans le nord-est de Paris. Celui-ci, <a href=\"https:\/\/www.20minutes.fr\/dossier\/policier?at_medium=RSS%20feed&amp;at_campaign=ynews&amp;utm_source=yahoo&amp;utm_medium=rss&amp;utm_campaign=news_feed&amp;utm_content=in_article_link\" rel=\"nofollow noopener\" target=\"_blank\" data-ylk=\"slk:gardien de la paix;elm:context_link;itc:0;sec:content-canvas\" class=\"link \">gardien de la paix<\/a> de 33 ans originaire de Marseille, \u00e9tait alors en poste en Seine-Saint-Denis. Apr\u00e8s trois semaines de cavale, il s\u2019\u00e9tait livr\u00e9 aux autorit\u00e9s.<\/p>\n<p>La d\u00e9fense et la partie civile face \u00e0 face<\/p>\n<p class=\"mb-4 text-lg md:leading-8 break-words\">Devant les jur\u00e9s, il a r\u00e9p\u00e9t\u00e9 avoir tu\u00e9 sa compagne au moment o\u00f9 elle confirmait sa volont\u00e9 de le quitter, apr\u00e8s deux ans d\u2019une relation marqu\u00e9e par la jalousie, les menaces et les violences. \u00ab\u00a0J\u2019aimerais exprimer le regret qui me hante pour cet acte horrible, monstrueux\u00a0\u00bb, a-t-il d\u00e9clar\u00e9, d\u00e9crivant Amanda Glain comme une \u00ab\u00a0femme parfaitement \u00e9quilibr\u00e9e\u00a0\u00bb.<\/p>\n<p class=\"mb-4 text-lg md:leading-8 break-words\">Me Fr\u00e9d\u00e9ric Delam\u00e9a, avocat de la famille de la victime, a exhort\u00e9 les jur\u00e9s \u00e0 ne pas se \u00ab\u00a0laisser prendre aux apparences\u00a0\u00bb de l\u2019accus\u00e9. \u00ab\u00a0Ce n\u2019est pas le petit agneau, tout calme, tout lisse, que vous voyez dans le box. Il suffisait d\u2019un rien pour que la b\u00eate sorte de cet homme\u00a0\u00bb, a-t(&#8230;)<\/p>\n<p class=\"mb-4 text-lg md:leading-8 break-words\"><a href=\"https:\/\/www.20minutes.fr\/justice\/4171340-20250904-paris-juge-feminicide-ex-policier-arnaud-bonnefoy-confie-regret-hante?at_medium=RSS%20feed&amp;at_campaign=ynews&amp;utm_source=yahoo&amp;utm_medium=rss&amp;utm_campaign=news_feed&amp;utm_content=read_more_link&quot;\" rel=\"nofollow noopener\" target=\"_blank\" data-ylk=\"slk:Lire la suite sur 20minutes;elm:context_link;itc:0;sec:content-canvas\" class=\"link \">Lire la suite sur 20minutes<\/a><\/p>\n<p>\u00c0 lire aussi :<br \/><a href=\"https:\/\/www.20minutes.fr\/justice\/4170531-20250901-marseille-reconnais-coupable-dit-ex-policier-juge-viols-mineurs-philippines?at_medium=RSS%20feed&amp;at_campaign=ynews&amp;utm_source=yahoo&amp;utm_medium=rss&amp;utm_campaign=news_feed&amp;utm_content=related_content_link\" rel=\"nofollow noopener\" target=\"_blank\" data-ylk=\"slk:Marseille\u00a0: \u00ab\u00a0Je me reconnais coupable\u00a0\u00bb, dit l\u2019ex-policier jug\u00e9 pour viols de mineurs aux Philippines;elm:context_link;itc:0;sec:content-canvas\" class=\"link \">Marseille\u00a0: \u00ab\u00a0Je me reconnais coupable\u00a0\u00bb, dit l\u2019ex-policier jug\u00e9 pour viols de mineurs aux Philippines<\/a><br \/><a href=\"https:\/\/www.20minutes.fr\/justice\/4115690-20241015-paris-ex-policier-cavale-arnaud-bonnefoy-juge-assises-meurtre-compagne?at_medium=RSS%20feed&amp;at_campaign=ynews&amp;utm_source=yahoo&amp;utm_medium=rss&amp;utm_campaign=news_feed&amp;utm_content=related_content_link\" rel=\"nofollow noopener\" target=\"_blank\" data-ylk=\"slk:Paris\u00a0: L\u2019ex-policier en cavale Arnaud Bonnefoy sera jug\u00e9 aux assises pour le meurtre de sa compagne;elm:context_link;itc:0;sec:content-canvas\" class=\"link \">Paris\u00a0: L\u2019ex-policier en cavale Arnaud Bonnefoy sera jug\u00e9 aux assises pour le meurtre de sa compagne<\/a><\/p>\n","protected":false},"excerpt":{"rendered":"VERDICT \u00c0 VENIR &#8211; Devant la cour d\u2019assises, l\u2019avocate g\u00e9n\u00e9rale a requis 28 ans de r\u00e9clusion criminelle contre&hellip;\n","protected":false},"author":2,"featured_media":366602,"comment_status":"","ping_status":"","sticky":false,"template":"","format":"standard","meta":{"footnotes":""},"categories":[1888],"tags":[1111,1928,11,1927,49554,49553,20851,1777,674,1011,27,12,1926,626,1925,22183,25],"class_list":{"0":"post-366601","1":"post","2":"type-post","3":"status-publish","4":"format-standard","5":"has-post-thumbnail","7":"category-paris","8":"tag-actu","9":"tag-actu-paris","10":"tag-actualites","11":"tag-actualites-paris","12":"tag-amanda-glain","13":"tag-arnaud-bonnefoy","14":"tag-cour-dassises","15":"tag-eu","16":"tag-europe","17":"tag-fr","18":"tag-france","19":"tag-news","20":"tag-news-paris","21":"tag-paris","22":"tag-paris-news","23":"tag-reclusion-criminelle","24":"tag-republique-francaise"},"share_on_mastodon":{"url":"https:\/\/pubeurope.com\/@fr\/115148083934539373","error":""},"_links":{"self":[{"href":"https:\/\/www.europesays.com\/fr\/wp-json\/wp\/v2\/posts\/366601","targetHints":{"allow":["GET"]}}],"collection":[{"href":"https:\/\/www.europesays.com\/fr\/wp-json\/wp\/v2\/posts"}],"about":[{"href":"https:\/\/www.europesays.com\/fr\/wp-json\/wp\/v2\/types\/post"}],"author":[{"embeddable":true,"href":"https:\/\/www.europesays.com\/fr\/wp-json\/wp\/v2\/users\/2"}],"replies":[{"embeddable":true,"href":"https:\/\/www.europesays.com\/fr\/wp-json\/wp\/v2\/comments?post=366601"}],"version-history":[{"count":0,"href":"https:\/\/www.europesays.com\/fr\/wp-json\/wp\/v2\/posts\/366601\/revisions"}],"wp:featuredmedia":[{"embeddable":true,"href":"https:\/\/www.europesays.com\/fr\/wp-json\/wp\/v2\/media\/366602"}],"wp:attachment":[{"href":"https:\/\/www.europesays.com\/fr\/wp-json\/wp\/v2\/media?parent=366601"}],"wp:term":[{"taxonomy":"category","embeddable":true,"href":"https:\/\/www.europesays.com\/fr\/wp-json\/wp\/v2\/categories?post=366601"},{"taxonomy":"post_tag","embeddable":true,"href":"https:\/\/www.europesays.com\/fr\/wp-json\/wp\/v2\/tags?post=366601"}],"curies":[{"name":"wp","href":"https:\/\/api.w.org\/{rel}","templated":true}]}}