{"id":366605,"date":"2025-09-04T21:12:14","date_gmt":"2025-09-04T21:12:14","guid":{"rendered":"https:\/\/www.europesays.com\/fr\/366605\/"},"modified":"2025-09-04T21:12:14","modified_gmt":"2025-09-04T21:12:14","slug":"a-paris-la-verbalisation-dans-la-zone-a-trafic-limite-de-lhypercentre-reportee-a-2026","status":"publish","type":"post","link":"https:\/\/www.europesays.com\/fr\/366605\/","title":{"rendered":"A Paris, la verbalisation dans la zone \u00e0 trafic limit\u00e9 de l\u2019hypercentre report\u00e9e \u00e0 2026"},"content":{"rendered":"<p>                          <img loading=\"lazy\" decoding=\"async\" src=\"https:\/\/www.europesays.com\/fr\/wp-content\/uploads\/2025\/09\/90fcca1_1730790365355-496933.jpg\" alt=\"Des tracts sur la ZTL, \u00e0 Paris, le 4\u00a0novembre\u00a02024.\"   width=\"664\" height=\"443\"\/>    Des tracts sur la ZTL, \u00e0 Paris, le 4\u00a0novembre\u00a02024.  GREGOIRE CAMPIONE \/ AFP                            <\/p>\n<p class=\"article__paragraph  \">La verbalisation des conducteurs dans la zone \u00e0 trafic limit\u00e9 (ZTL) de l\u2019hypercentre de Paris ne commencera pas avant 2026, a annonc\u00e9 la mairie, jeudi 4\u00a0septembre, dix mois apr\u00e8s le lancement, sur un mode \u00ab\u00a0p\u00e9dagogique\u00a0\u00bb, de ce dispositif de restriction de la circulation.<\/p>\n<p class=\"article__paragraph  \">\u00ab\u00a0La Ville de Paris a d\u00e9cid\u00e9 de prolonger la phase p\u00e9dagogique jusqu\u2019en\u00a02026 afin de permettre \u00e0 tous les usagers de bien prendre en compte ce nouveau dispositif\u00a0\u00bb, a d\u00e9clar\u00e9 \u00e0 l\u2019Agence France-Presse (AFP) la municipalit\u00e9, confirmant une information du Parisien.<\/p>\n<p class=\"article__paragraph  \">La mairie avait initialement pr\u00e9vu de ne pas mettre d\u2019amendes pendant les six mois suivant la mise en place de cette mesure, en novembre\u00a02024. Elle a \u00e9galement signal\u00e9 que ces \u00ab\u00a0mois d\u2019exp\u00e9rimentation\u00a0\u00bb avaient \u00ab\u00a0vu une baisse de 8\u00a0% du trafic routier dans la ZTL\u00a0\u00bb regroupant les quatre premiers arrondissements parisiens.<\/p>\n<p class=\"article__paragraph  \">\u00ab\u00a0Notre groupe l\u2019avait annonc\u00e9\u00a0: cette usine \u00e0 gaz kafka\u00efenne est inapplicable\u00a0\u00bb, a r\u00e9agi, jeudi, sur le r\u00e9seau social\u00a0X le groupe d\u2019opposition Changer Paris regroupant R\u00e9publicains, centristes et ind\u00e9pendants, fermement oppos\u00e9s \u00e0 la mesure.<\/p>\n<p>                                         Lire aussi |  Article r\u00e9serv\u00e9 \u00e0 nos abonn\u00e9s  <a href=\"https:\/\/www.lemonde.fr\/idees\/article\/2025\/03\/27\/circulation-automobile-a-paris-une-politique-restricive-mais-pas-toujours-repressive_6586744_3232.html\" class=\"js-article-read-also catcher--favoris__link\" data-premium=\"1\" id=\"article-title-3415707\" rel=\"nofollow noopener\" target=\"_blank\">Circulation automobile \u00e0 Paris\u00a0: une politique restrictive, mais pas toujours r\u00e9pressive<\/a>    <\/p>\n<p>   Lire plus tard  <\/p>\n<p>                            Un dispositif qui se multiplie en France                      <\/p>\n<p class=\"article__paragraph  \">Depuis fin 2024, les voitures et scooters ne sont plus autoris\u00e9s \u00e0 traverser le c\u0153ur de Paris sans s\u2019y arr\u00eater, sauf motif valable. En dehors des bus, des taxis et des v\u00e9hicules de secours, toujours autoris\u00e9s, seuls les conducteurs travaillant ou r\u00e9sidant dans la zone, et ceux qui y font une halte peuvent donc y rouler.<\/p>\n<p class=\"article__paragraph  \">Au moment de la mise en \u0153uvre de la ZTL, l\u2019adjoint (Les Ecologistes) charg\u00e9 des transports, David Belliard, avait pr\u00e9cis\u00e9 que les policiers municipaux seraient d\u2019abord mobilis\u00e9s pour \u00ab\u00a0faire de la p\u00e9dagogie\u00a0\u00bb. Dans la continuit\u00e9 de cette politique, le candidat (Parti socialiste) \u00e0 la mairie de Paris, Emmanuel Gr\u00e9goire, a promis la g\u00e9n\u00e9ralisation de la ZTL \u00e0 l\u2019ensemble de la capitale.<\/p>\n<p class=\"article__paragraph  \">Selon un d\u00e9compte de l\u2019Agence de la transition \u00e9cologique en\u00a02019, 238\u00a0zones \u00e0 trafic limit\u00e9 \u00e9taient en service dans huit pays europ\u00e9ens. En France, elles se multiplient, depuis la premi\u00e8re \u00e0 Nantes en\u00a02012, suivie notamment d\u2019autres ZTL \u00e0 Grenoble, Rennes, Paris et <a target=\"_blank\" href=\"https:\/\/www.lemonde.fr\/economie\/article\/2025\/02\/06\/a-lyon-les-ecologistes-instaurent-une-zone-a-trafic-limitee-dans-un-contexte-sensible_6534656_3234.html\" rel=\"nofollow noopener\">Lyon<\/a>.<\/p>\n<p>                                         Lire aussi |  Article r\u00e9serv\u00e9 \u00e0 nos abonn\u00e9s  <a href=\"https:\/\/www.lemonde.fr\/planete\/article\/2025\/01\/01\/zfe-pourquoi-les-renforcements-qui-entrent-en-vigueur-le-1-janvier-ne-vont-presque-rien-changer_6476536_3244.html\" class=\"js-article-read-also catcher--favoris__link\" data-premium=\"1\" id=\"article-title-3403749\" rel=\"nofollow noopener\" target=\"_blank\">ZFE\u00a0: pourquoi les renforcements qui entrent en vigueur le 1\u1d49\u02b3 janvier ne vont presque rien changer<\/a>    <\/p>\n<p>   Lire plus tard  <\/p>\n<p class=\"author__detail\">  Le Monde avec AFP  <\/p>\n<p>                  <a href=\"https:\/\/www.lemonde.fr\/syndication\/\" class=\"reuse__content\" title=\"R\u00e9utiliser ce contenu\" target=\"_blank\" rel=\"nofollow noopener\">R\u00e9utiliser ce contenu<\/a>      <\/p>\n","protected":false},"excerpt":{"rendered":"Des tracts sur la ZTL, \u00e0 Paris, le 4\u00a0novembre\u00a02024. GREGOIRE CAMPIONE \/ AFP La verbalisation des conducteurs dans&hellip;\n","protected":false},"author":2,"featured_media":366606,"comment_status":"","ping_status":"","sticky":false,"template":"","format":"standard","meta":{"footnotes":""},"categories":[1888],"tags":[11,1777,674,1011,27,12,626,25],"class_list":{"0":"post-366605","1":"post","2":"type-post","3":"status-publish","4":"format-standard","5":"has-post-thumbnail","7":"category-paris","8":"tag-actualites","9":"tag-eu","10":"tag-europe","11":"tag-fr","12":"tag-france","13":"tag-news","14":"tag-paris","15":"tag-republique-francaise"},"share_on_mastodon":{"url":"https:\/\/pubeurope.com\/@fr\/115148091837130215","error":""},"_links":{"self":[{"href":"https:\/\/www.europesays.com\/fr\/wp-json\/wp\/v2\/posts\/366605","targetHints":{"allow":["GET"]}}],"collection":[{"href":"https:\/\/www.europesays.com\/fr\/wp-json\/wp\/v2\/posts"}],"about":[{"href":"https:\/\/www.europesays.com\/fr\/wp-json\/wp\/v2\/types\/post"}],"author":[{"embeddable":true,"href":"https:\/\/www.europesays.com\/fr\/wp-json\/wp\/v2\/users\/2"}],"replies":[{"embeddable":true,"href":"https:\/\/www.europesays.com\/fr\/wp-json\/wp\/v2\/comments?post=366605"}],"version-history":[{"count":0,"href":"https:\/\/www.europesays.com\/fr\/wp-json\/wp\/v2\/posts\/366605\/revisions"}],"wp:featuredmedia":[{"embeddable":true,"href":"https:\/\/www.europesays.com\/fr\/wp-json\/wp\/v2\/media\/366606"}],"wp:attachment":[{"href":"https:\/\/www.europesays.com\/fr\/wp-json\/wp\/v2\/media?parent=366605"}],"wp:term":[{"taxonomy":"category","embeddable":true,"href":"https:\/\/www.europesays.com\/fr\/wp-json\/wp\/v2\/categories?post=366605"},{"taxonomy":"post_tag","embeddable":true,"href":"https:\/\/www.europesays.com\/fr\/wp-json\/wp\/v2\/tags?post=366605"}],"curies":[{"name":"wp","href":"https:\/\/api.w.org\/{rel}","templated":true}]}}