{"id":366611,"date":"2025-09-04T21:15:19","date_gmt":"2025-09-04T21:15:19","guid":{"rendered":"https:\/\/www.europesays.com\/fr\/366611\/"},"modified":"2025-09-04T21:15:19","modified_gmt":"2025-09-04T21:15:19","slug":"les-etats-unis-envisagent-de-commercialiser-un-medicament-anti-vih-de-gilead-dans-les-pays-a-forte-prevalence-du-vih-actualites-tradingview","status":"publish","type":"post","link":"https:\/\/www.europesays.com\/fr\/366611\/","title":{"rendered":"Les \u00c9tats-Unis envisagent de commercialiser un m\u00e9dicament anti-VIH de Gilead dans les pays \u00e0 forte pr\u00e9valence du VIH \u2014 Actualit\u00e9s TradingView"},"content":{"rendered":"<p class=\"\">    Le D\u00e9partement d&rsquo;\u00c9tat am\u00e9ricain a annonc\u00e9 jeudi un plan visant \u00e0 commercialiser le lenacapavir de Gilead Sciences Inc. <a href=\"https:\/\/fr.tradingview.com\/symbols\/NASDAQ-GILD\/\" class=\"container-ekXxv5Y5 symbolTag-cwMMKgmm tag-zVPYJd3B xsmall-zVPYJd3B interactive-zVPYJd3B apply-overflow-tooltip apply-overflow-tooltip--allow-text apply-overflow-tooltip--check-children\" rel=\"nofollow noopener\" target=\"_blank\"><img decoding=\"async\" class=\"logo-PsAlMQQF xxxsmall-PsAlMQQF wrapper-TJ9ObuLF skeleton-PsAlMQQF\" crossorigin=\"\" src=\"https:\/\/s3-symbol-logo.tradingview.com\/gilead.svg\" alt=\"\"\/>GILD<\/a> \u00ab\u00a0\u00e0 prix co\u00fbtant\u00a0\u00bb dans les pays \u00e0 forte pr\u00e9valence du VIH, afin d&rsquo;atteindredeux millions de personnes sur trois ans. <\/p>\n<p class=\"\">La soci\u00e9t\u00e9 proposera le m\u00e9dicament de pr\u00e9vention du VIH \u00e0 longue dur\u00e9e d&rsquo;action au Fonds mondial et au programme PEPFAR du gouvernement am\u00e9ricain sans faire de b\u00e9n\u00e9fices, ont d\u00e9clar\u00e9 des repr\u00e9sentants du gouvernement et de la soci\u00e9t\u00e9 lors d&rsquo;une conf\u00e9rence de presse.<\/p>\n<p class=\"\">Gilead Sciences et le Fonds mondial de lutte contre le sida, la tuberculose et le paludisme  ont d\u00e9clar\u00e9   en juillet qu&rsquo; ils avaient finalis\u00e9 des plans pour fournir le m\u00e9dicament aux pays \u00e0 faible revenu, malgr\u00e9 l&rsquo;absence de financement du Plan d&rsquo;urgence du pr\u00e9sident des \u00c9tats-Unis pour la lutte contre le sida, ou PEPFAR, une initiative visant \u00e0 lutter contre l&rsquo;\u00e9pid\u00e9mie mondiale de VIH\/sida.<\/p>\n<p class=\"\">     Jeremy Lewin, haut fonctionnaire du d\u00e9partement d&rsquo;\u00c9tat charg\u00e9 de l&rsquo;aide \u00e9trang\u00e8re, des affaires humanitaires et de la libert\u00e9 religieuse, n&rsquo;a pas voulu pr\u00e9ciser le montant de la contribution du gouvernement am\u00e9ricain.  <\/p>\n<p class=\"\">     \u00ab\u00a0Gilead nous offre tr\u00e8s g\u00e9n\u00e9reusement un produit \u00e0 titre gracieux. Nous n&rsquo;allons donc pas donner le montant exact du co\u00fbt par dose, mais nous lui sommes reconnaissants d&rsquo;offrir ce produit \u00e0 un prix qui rend la chose possible. L&rsquo;engagement des \u00c9tats-Unis est important\u00a0\u00bb, a-t-il d\u00e9clar\u00e9.  <\/p>\n<p class=\"\">     Le m\u00e9dicament, qui est administr\u00e9 sous forme d&rsquo;injection deux fois par an, pr\u00e9sente des avantages significatifs pour les femmes qui allaitent et les femmes enceintes, a-t-il ajout\u00e9.  <\/p>\n<p class=\"\">     Le d\u00e9partement d&rsquo;\u00c9tat a conclu des accords avec 12 pays qui recevront des doses de ces m\u00e9dicaments, mais il ne les a pas encore identifi\u00e9s, a pr\u00e9cis\u00e9 M. Lewin.  <\/p>\n","protected":false},"excerpt":{"rendered":"Le D\u00e9partement d&rsquo;\u00c9tat am\u00e9ricain a annonc\u00e9 jeudi un plan visant \u00e0 commercialiser le lenacapavir de Gilead Sciences Inc.&hellip;\n","protected":false},"author":2,"featured_media":320220,"comment_status":"","ping_status":"","sticky":false,"template":"","format":"standard","meta":{"footnotes":""},"categories":[1589],"tags":[11,73,1866,12,1864,1865,1863,308],"class_list":{"0":"post-366611","1":"post","2":"type-post","3":"status-publish","4":"format-standard","5":"has-post-thumbnail","7":"category-etats-unis","8":"tag-actualites","9":"tag-etats-unis","10":"tag-etats-unis-damerique","11":"tag-news","12":"tag-united-states","13":"tag-united-states-of-america","14":"tag-us","15":"tag-usa"},"share_on_mastodon":{"url":"https:\/\/pubeurope.com\/@fr\/115148104191786636","error":""},"_links":{"self":[{"href":"https:\/\/www.europesays.com\/fr\/wp-json\/wp\/v2\/posts\/366611","targetHints":{"allow":["GET"]}}],"collection":[{"href":"https:\/\/www.europesays.com\/fr\/wp-json\/wp\/v2\/posts"}],"about":[{"href":"https:\/\/www.europesays.com\/fr\/wp-json\/wp\/v2\/types\/post"}],"author":[{"embeddable":true,"href":"https:\/\/www.europesays.com\/fr\/wp-json\/wp\/v2\/users\/2"}],"replies":[{"embeddable":true,"href":"https:\/\/www.europesays.com\/fr\/wp-json\/wp\/v2\/comments?post=366611"}],"version-history":[{"count":0,"href":"https:\/\/www.europesays.com\/fr\/wp-json\/wp\/v2\/posts\/366611\/revisions"}],"wp:featuredmedia":[{"embeddable":true,"href":"https:\/\/www.europesays.com\/fr\/wp-json\/wp\/v2\/media\/320220"}],"wp:attachment":[{"href":"https:\/\/www.europesays.com\/fr\/wp-json\/wp\/v2\/media?parent=366611"}],"wp:term":[{"taxonomy":"category","embeddable":true,"href":"https:\/\/www.europesays.com\/fr\/wp-json\/wp\/v2\/categories?post=366611"},{"taxonomy":"post_tag","embeddable":true,"href":"https:\/\/www.europesays.com\/fr\/wp-json\/wp\/v2\/tags?post=366611"}],"curies":[{"name":"wp","href":"https:\/\/api.w.org\/{rel}","templated":true}]}}