{"id":366614,"date":"2025-09-04T21:17:10","date_gmt":"2025-09-04T21:17:10","guid":{"rendered":"https:\/\/www.europesays.com\/fr\/366614\/"},"modified":"2025-09-04T21:17:10","modified_gmt":"2025-09-04T21:17:10","slug":"qualifications-coupe-du-monde-2026-la-slovaquie-realise-lexploit-contre-lallemagne-lespagne-et-la-belgique-deroulent-foot-mercato","status":"publish","type":"post","link":"https:\/\/www.europesays.com\/fr\/366614\/","title":{"rendered":"Qualifications Coupe du Monde 2026 : la Slovaquie r\u00e9alise l&#039;exploit contre l&#039;Allemagne, l&#039;Espagne et la Belgique d\u00e9roulent &#8211; Foot Mercato"},"content":{"rendered":"<ol>\n<li><a href=\"https:\/\/news.google.com\/rss\/articles\/CBMi-AFBVV95cUxQcGdHQzVtbFhxN1hya2o4T29LeE0wOTNKQkVWVm43bFVjSXh1X2F6bnNPbTJibThOb1RtMTY3TDhPLUZtekpXcEJCLXdMOENVNWo5TnZGSzFhRXZEQUJRcTdHNVJ2SGdacnNKVnllNWQzSWl2SngyMWNRN2xXTXozVUk4RXN2R09mSXlpU3NJbXZLWVNKc1l1b05oM0JmS0ZOZ3Rnb3kyN0NuUlQ3SWtHLUxoMjQwUmdlVi1hcXNfNVJpVHpLT3cwWjRDR2w5VndOcUFySEVTck53QWxfbEhwYjJUczliTGE3b1lUbVRVQ0s3bUR5X0NqVQ?oc=5\" target=\"_blank\" rel=\"nofollow noopener\">Qualifications Coupe du Monde 2026 : la Slovaquie r\u00e9alise l&rsquo;exploit contre l&rsquo;Allemagne, l&rsquo;Espagne et la Belgique d\u00e9roulent<\/a>&nbsp;&nbsp;Foot Mercato<\/li>\n<li><a href=\"https:\/\/news.google.com\/rss\/articles\/CBMi_wFBVV95cUxPRllWQmsyR2tuUjYxZFdhVE8wV1RsVmxGZ1RwSFc4NmwyS3hOUkFBSGFsNnM0WWxWMFRGVVM4RW54dmdvV2JpRy1jbTBrbmVsVUZmQmhOTTVKYjB1b3UtclZwUUxBTWdxdXlSRFFUcFJxUVZyQXBlbFpKWXZsS2k3VktfTmNEeXQ4Um9FSkZEeGxCTTVEM2R5b1hkZ2xKdUo5cnlfcTBtazR3cDE0Umo0R3B4S21La3FEWkxFcGxvVUhJY1Izc2ZuTTU3YUpiZnpLRXNsSUpDeEZQUGd1MEswc25nUXNRRkh6QVJ1YmhHX21QdzRVbm5zbW1LcnhuYW8?oc=5\" target=\"_blank\" rel=\"nofollow noopener\">Sensation : l&rsquo;Allemagne croqu\u00e9e par la Slovaquie (2-0)<\/a>&nbsp;&nbsp;Eurosport<\/li>\n<li><a href=\"https:\/\/news.google.com\/rss\/articles\/CBMi1AFBVV95cUxPZWJIU2lqaHFmT1YzVlBIelNYOE1FUmpPMkJ0UngtWXVHTFN5VzljQUFVQ3VROU5Dd1BOdWl2SG4yQkVKVUtyWlJCbGpmbnVPQXVaakRiX1pJRkRmRHE2bHJLRFNyeFlwQXA2VFRlU2tfMFlLREctZkRfa3JraFF2VDVxWTJyOTVYOXlLTXhOTlc5VUtHYUdUR1g1RjU2OGU3MVBkYklRUTAxcGpvejlmMEFhNWdxa3B6blVrMDJjNlV6TWpJWFF0MGhCbTBxRVRiNDhTVdIB0wFBVV95cUxNMmtEZDdNNHpjcFNNbmtxWloyTzlabXpNRHZIZEstVlU0ZUFPSHptSF9NM25vd2dTdDF3OVc3X3lwT3MtTXBPWTR0aFI5ODl2S01GLVh1Xy1sMlpVdnROZEJKXzlHczlrQmh1YzBKZ0l0N080emtzcVBzZWVNdmZoa1NydVFYam94YTFLVWVyM2VMS0MycmtWZVRHNS1fbkJCUVpJMUY0UHZxenZnWEdIYy1wNUFvczRDQ2ZzZlZ5TVhSSzRwdjZJc2h3OFdQMnNKQlNn?oc=5\" target=\"_blank\" rel=\"nofollow noopener\">CDM 2026 (qualifs) : L&rsquo;Espagne en promenade, l&rsquo;Allemagne s&rsquo;incline<\/a>&nbsp;&nbsp;Orange Actualit\u00e9s | Sports<\/li>\n<li><a href=\"https:\/\/news.google.com\/rss\/articles\/CBMizgFBVV95cUxNXzJxT3JRRkNzd0NnUTFHUjVfZXpuRWZ2SEVnWkV4VlZFYk41Z1pVZ19McHRIQURDeGgtRnp6VGtFMmZWbnJfdm1CdXBkN0lVUV9mUE9fQl85YVlneWgwNVZKMy0zQmV5dVZaQU1iNlhtVkU1WUxUNlVNbzdwaDFpb1IxT0NfZDhTaDdPT00zX0pjTnlLajhONGg4OGlIc3otbzNyU2RoTG5fTmJIaDNjMFRyZi1PWmdHamV6ZVNhdjBNVXFKSnNSUnphNTc0UQ?oc=5\" target=\"_blank\" rel=\"nofollow noopener\">Direct Slovaquie &#8211; Allemagne, Qualifications Coupe du Monde UEFA, 5\u00e8me journ\u00e9e, match du jeudi 04 septembre 2025 : compo et r\u00e9sultat<\/a>&nbsp;&nbsp;RMC Sport<\/li>\n<li><a href=\"https:\/\/news.google.com\/rss\/articles\/CBMi2wFBVV95cUxPcF83T1R2RXJlamJEMEpDN0xXV3RhWjdFSG1XMjBXSzc2LTR3OGhkbkFXUmxNOXhXLWhuWlUyZXJQck9rYjR5eDl1TXpXcDZRVkFEWXhqZ0FGejB4RmoySXZ6WVg1QmdZRFQtdEh2dEgtYThiX2tYWFZaVUJBTFpwOTVFc3lidTdnRUFGTVBWZnh6b0EtSjlNa1JEVkRjZFJUY0lveWphbVNleHBBUUZkZ2M3UnFPSkhUcUZ5bEtKMW13VjYwSzRJLVl5R2JwY3dlSzZ5bGpPN0dQZG8?oc=5\" target=\"_blank\" rel=\"nofollow noopener\">Battue en Slovaquie, l&rsquo;Allemande inqui\u00e8te et commence \u00e0 l&rsquo;envers son parcours vers le Mondial<\/a>&nbsp;&nbsp;L&rsquo;\u00c9quipe<\/li>\n<\/ol>\n","protected":false},"excerpt":{"rendered":"Qualifications Coupe du Monde 2026 : la Slovaquie r\u00e9alise l&rsquo;exploit contre l&rsquo;Allemagne, l&rsquo;Espagne et la Belgique d\u00e9roulent&nbsp;&nbsp;Foot Mercato&hellip;\n","protected":false},"author":2,"featured_media":1445,"comment_status":"","ping_status":"","sticky":false,"template":"","format":"standard","meta":{"footnotes":""},"categories":[1587],"tags":[11,672,1804,1805,1803,1777,674,1801,12,1802],"class_list":{"0":"post-366614","1":"post","2":"type-post","3":"status-publish","4":"format-standard","5":"has-post-thumbnail","7":"category-allemagne","8":"tag-actualites","9":"tag-allemagne","10":"tag-bundesrepublik-deutschland","11":"tag-de","12":"tag-deutschland","13":"tag-eu","14":"tag-europe","15":"tag-germany","16":"tag-news","17":"tag-republique-federale-dallemagne"},"share_on_mastodon":{"url":"https:\/\/pubeurope.com\/@fr\/115148111468580207","error":""},"_links":{"self":[{"href":"https:\/\/www.europesays.com\/fr\/wp-json\/wp\/v2\/posts\/366614","targetHints":{"allow":["GET"]}}],"collection":[{"href":"https:\/\/www.europesays.com\/fr\/wp-json\/wp\/v2\/posts"}],"about":[{"href":"https:\/\/www.europesays.com\/fr\/wp-json\/wp\/v2\/types\/post"}],"author":[{"embeddable":true,"href":"https:\/\/www.europesays.com\/fr\/wp-json\/wp\/v2\/users\/2"}],"replies":[{"embeddable":true,"href":"https:\/\/www.europesays.com\/fr\/wp-json\/wp\/v2\/comments?post=366614"}],"version-history":[{"count":0,"href":"https:\/\/www.europesays.com\/fr\/wp-json\/wp\/v2\/posts\/366614\/revisions"}],"wp:featuredmedia":[{"embeddable":true,"href":"https:\/\/www.europesays.com\/fr\/wp-json\/wp\/v2\/media\/1445"}],"wp:attachment":[{"href":"https:\/\/www.europesays.com\/fr\/wp-json\/wp\/v2\/media?parent=366614"}],"wp:term":[{"taxonomy":"category","embeddable":true,"href":"https:\/\/www.europesays.com\/fr\/wp-json\/wp\/v2\/categories?post=366614"},{"taxonomy":"post_tag","embeddable":true,"href":"https:\/\/www.europesays.com\/fr\/wp-json\/wp\/v2\/tags?post=366614"}],"curies":[{"name":"wp","href":"https:\/\/api.w.org\/{rel}","templated":true}]}}