{"id":366617,"date":"2025-09-04T21:19:18","date_gmt":"2025-09-04T21:19:18","guid":{"rendered":"https:\/\/www.europesays.com\/fr\/366617\/"},"modified":"2025-09-04T21:19:18","modified_gmt":"2025-09-04T21:19:18","slug":"maros-sefcovic-lillusionniste-de-bruxelles-qui-vend-les-defaites-comme-des-victoires","status":"publish","type":"post","link":"https:\/\/www.europesays.com\/fr\/366617\/","title":{"rendered":"Maros Sefcovic, l\u2019illusionniste de Bruxelles qui vend les d\u00e9faites comme des victoires"},"content":{"rendered":"<p>Maros Sefcovic poss\u00e8de un talent rare \u00e0 Bruxelles\u00a0: transformer les revers en triomphes, les capitulations en partenariats \u00e9quilibr\u00e9s. Le commissaire europ\u00e9en au Commerce a encore d\u00e9montr\u00e9 cette virtuosit\u00e9 ce mercredi 3\u00a0septembre, pr\u00e9sentant avec un sourire radieux <a class=\"Link\" href=\"https:\/\/www.lepoint.fr\/monde\/les-10-points-cles-de-l-accord-ue-mercosur-07-12-2024-2577375_24.php\" title=\"\" data-gtm=\"click:capsule\" data-capsule=\"Lien\" rel=\"nofollow noopener\" target=\"_blank\">l&rsquo;accord UE-Mercosur<\/a> comme \u00ab\u00a0le plus grand accord de libre-\u00e9change jamais conclu par l&rsquo;Union europ\u00e9enne\u00a0\u00bb. Le m\u00eame homme qui, quelques semaines plus t\u00f4t, qualifiait d&rsquo;\u00ab\u00a0\u00e9quitable et \u00e9quilibr\u00e9\u00a0\u00bb l&rsquo;accord commercial avec les \u00c9tats-Unis \u2013 un texte qui engage l&rsquo;Europe sur 1\u00a0200\u00a0milliards d&rsquo;euros contre des miettes tarifaires am\u00e9ricaines.<\/p>\n<p>Cette constance dans l&rsquo;optimisme affich\u00e9 interroge. Comment le commissaire slovaque parvient-il \u00e0 maintenir cette posture triomphaliste face \u00e0 <a class=\"Link\" href=\"https:\/\/www.lepoint.fr\/economie\/accord-ue-mercosur-une-legitime-crispation-13-11-2024-2575210_28.php\" title=\"\" data-gtm=\"click:capsule\" data-capsule=\"Lien\" rel=\"nofollow noopener\" target=\"_blank\">des accords qui r\u00e9v\u00e8lent, chacun \u00e0 leur mani\u00e8re, l&rsquo;af&#8230;<\/a><\/p>\n<p>Toute l\u2019actualit\u00e9 \u00e0 1\u20ac le premier mois<\/p>\n<p><a href=\"https:\/\/abo.lepoint.fr\/?provenance=21EDI020098\" class=\"btn\" title=\"S&#039;abonner\" data-gtm=\"click:abo|display:abo\" data-campaign=\"paywall_maison\" rel=\"nofollow noopener\" target=\"_blank\">S&rsquo;abonner<\/a><\/p>\n<p>ou<\/p>\n","protected":false},"excerpt":{"rendered":"Maros Sefcovic poss\u00e8de un talent rare \u00e0 Bruxelles\u00a0: transformer les revers en triomphes, les capitulations en partenariats \u00e9quilibr\u00e9s.&hellip;\n","protected":false},"author":2,"featured_media":366618,"comment_status":"","ping_status":"","sticky":false,"template":"","format":"standard","meta":{"footnotes":""},"categories":[1586],"tags":[11,2160,1777,674,1779,1011,27,50114,10359,12,25,50115,1778,364],"class_list":{"0":"post-366617","1":"post","2":"type-post","3":"status-publish","4":"format-standard","5":"has-post-thumbnail","7":"category-europe","8":"tag-actualites","9":"tag-commerce-international","10":"tag-eu","11":"tag-europe","12":"tag-european-union","13":"tag-fr","14":"tag-france","15":"tag-lettre-de-bruxelles","16":"tag-maros-sefcovic","17":"tag-news","18":"tag-republique-francaise","19":"tag-souverainete-economique","20":"tag-ue","21":"tag-union-europeenne"},"share_on_mastodon":{"url":"https:\/\/pubeurope.com\/@fr\/115148119329732179","error":""},"_links":{"self":[{"href":"https:\/\/www.europesays.com\/fr\/wp-json\/wp\/v2\/posts\/366617","targetHints":{"allow":["GET"]}}],"collection":[{"href":"https:\/\/www.europesays.com\/fr\/wp-json\/wp\/v2\/posts"}],"about":[{"href":"https:\/\/www.europesays.com\/fr\/wp-json\/wp\/v2\/types\/post"}],"author":[{"embeddable":true,"href":"https:\/\/www.europesays.com\/fr\/wp-json\/wp\/v2\/users\/2"}],"replies":[{"embeddable":true,"href":"https:\/\/www.europesays.com\/fr\/wp-json\/wp\/v2\/comments?post=366617"}],"version-history":[{"count":0,"href":"https:\/\/www.europesays.com\/fr\/wp-json\/wp\/v2\/posts\/366617\/revisions"}],"wp:featuredmedia":[{"embeddable":true,"href":"https:\/\/www.europesays.com\/fr\/wp-json\/wp\/v2\/media\/366618"}],"wp:attachment":[{"href":"https:\/\/www.europesays.com\/fr\/wp-json\/wp\/v2\/media?parent=366617"}],"wp:term":[{"taxonomy":"category","embeddable":true,"href":"https:\/\/www.europesays.com\/fr\/wp-json\/wp\/v2\/categories?post=366617"},{"taxonomy":"post_tag","embeddable":true,"href":"https:\/\/www.europesays.com\/fr\/wp-json\/wp\/v2\/tags?post=366617"}],"curies":[{"name":"wp","href":"https:\/\/api.w.org\/{rel}","templated":true}]}}