{"id":366619,"date":"2025-09-04T21:20:11","date_gmt":"2025-09-04T21:20:11","guid":{"rendered":"https:\/\/www.europesays.com\/fr\/366619\/"},"modified":"2025-09-04T21:20:11","modified_gmt":"2025-09-04T21:20:11","slug":"a-lyon-jean-michel-aulas-scelle-un-accord-avec-laurent-wauquiez-pour-les-municipales","status":"publish","type":"post","link":"https:\/\/www.europesays.com\/fr\/366619\/","title":{"rendered":"A Lyon, Jean-Michel Aulas scelle un accord avec Laurent Wauquiez pour les municipales"},"content":{"rendered":"<p>                         <img loading=\"lazy\" decoding=\"async\" src=\"https:\/\/www.europesays.com\/fr\/wp-content\/uploads\/2025\/09\/c8906c8_ftp-import-images-1-g4lg6cqcsjhy-5792460-01-06.jpg\" alt=\"L\u2019ancien pr\u00e9sident de l\u2019Olympique lyonnais Jean-Michel Aulas et l\u2019actuel pr\u00e9sident des d\u00e9put\u00e9s Les R\u00e9publicains, Laurent Wauquiez, \u00e0 Lyon, le 4\u00a0septembre\u00a02025.\"   width=\"664\" height=\"443\"\/>    L\u2019ancien pr\u00e9sident de l\u2019Olympique lyonnais Jean-Michel Aulas et l\u2019actuel pr\u00e9sident des d\u00e9put\u00e9s Les R\u00e9publicains, Laurent Wauquiez, \u00e0 Lyon, le 4\u00a0septembre\u00a02025.  OLIVIER CHASSIGNOLE\/AFP                 <\/p>\n<p class=\"article__paragraph  \">La situation est baroque. Sans \u00eatre officiellement d\u00e9clar\u00e9 candidat, et tout en se disant repr\u00e9sentant apolitique de la soci\u00e9t\u00e9 civile, Jean-Michel Aulas a publiquement affich\u00e9 son alliance avec la droite r\u00e9publicaine, en vue des \u00e9lections municipales de 2026 \u00e0 Lyon.<\/p>\n<p class=\"article__paragraph  \">La sc\u00e8ne s\u2019est d\u00e9roul\u00e9e jeudi 4\u00a0septembre dans la salle du caf\u00e9 Le R\u00e9publique, tapiss\u00e9e de maillots de sport. \u00ab\u00a0On avait dit que nous serions dans l\u2019intimit\u00e9, c\u2019est gagn\u00e9\u00a0\u00bb, s\u2019est amus\u00e9 l\u2019entrepreneur, cravate noire et pochette blanche, face \u00e0 la cohue des journalistes pr\u00e9venus au dernier moment. Assis \u00e0 un coin de table, M.\u00a0Aulas a \u00e9chang\u00e9 une poign\u00e9e de main en forme de bras de fer avec Pierre Oliver, maire (Les R\u00e9publicains, LR) du 2e\u00a0arrondissement de Lyon et chef de file de la droite municipale, sous le regard approbateur de Laurent Wauquiez, plac\u00e9 au centre.<\/p>\n<p class=\"article__paragraph  \">L\u2019ancien pr\u00e9sident (LR) de la r\u00e9gion Auvergne-Rh\u00f4ne-Alpes a pris la parole en premier pour dire tout le bien qu\u2019il pense de l\u2019ancien pr\u00e9sident de l\u2019Olympique lyonnais. Selon le pr\u00e9sident du groupe LR \u00e0 l\u2019Assembl\u00e9e nationale, M.\u00a0Aulas \u00ab\u00a0incarne la fiert\u00e9 lyonnaise\u00a0\u00bb et il est capable de \u00ab\u00a0remettre notre ville dans la bonne direction\u00a0\u00bb. \u00ab\u00a0On est en train de cr\u00e9er les conditions de l\u2019alternance\u00a0\u00bb, s\u2019est ensuite f\u00e9licit\u00e9 Pierre Oliver, farouche opposant du maire (Les Ecologistes) Gr\u00e9gory Doucet.<\/p>\n<p class=\"reading-mode-only \"><strong>Il vous reste 71.67% de cet article \u00e0 lire. La suite est r\u00e9serv\u00e9e aux abonn\u00e9s.<\/strong><\/p>\n","protected":false},"excerpt":{"rendered":"L\u2019ancien pr\u00e9sident de l\u2019Olympique lyonnais Jean-Michel Aulas et l\u2019actuel pr\u00e9sident des d\u00e9put\u00e9s Les R\u00e9publicains, Laurent Wauquiez, \u00e0 Lyon,&hellip;\n","protected":false},"author":2,"featured_media":366620,"comment_status":"","ping_status":"","sticky":false,"template":"","format":"standard","meta":{"footnotes":""},"categories":[2],"tags":[11,1011,27,12,25],"class_list":{"0":"post-366619","1":"post","2":"type-post","3":"status-publish","4":"format-standard","5":"has-post-thumbnail","7":"category-actualites","8":"tag-actualites","9":"tag-fr","10":"tag-france","11":"tag-news","12":"tag-republique-francaise"},"share_on_mastodon":{"url":"https:\/\/pubeurope.com\/@fr\/115148123352865441","error":""},"_links":{"self":[{"href":"https:\/\/www.europesays.com\/fr\/wp-json\/wp\/v2\/posts\/366619","targetHints":{"allow":["GET"]}}],"collection":[{"href":"https:\/\/www.europesays.com\/fr\/wp-json\/wp\/v2\/posts"}],"about":[{"href":"https:\/\/www.europesays.com\/fr\/wp-json\/wp\/v2\/types\/post"}],"author":[{"embeddable":true,"href":"https:\/\/www.europesays.com\/fr\/wp-json\/wp\/v2\/users\/2"}],"replies":[{"embeddable":true,"href":"https:\/\/www.europesays.com\/fr\/wp-json\/wp\/v2\/comments?post=366619"}],"version-history":[{"count":0,"href":"https:\/\/www.europesays.com\/fr\/wp-json\/wp\/v2\/posts\/366619\/revisions"}],"wp:featuredmedia":[{"embeddable":true,"href":"https:\/\/www.europesays.com\/fr\/wp-json\/wp\/v2\/media\/366620"}],"wp:attachment":[{"href":"https:\/\/www.europesays.com\/fr\/wp-json\/wp\/v2\/media?parent=366619"}],"wp:term":[{"taxonomy":"category","embeddable":true,"href":"https:\/\/www.europesays.com\/fr\/wp-json\/wp\/v2\/categories?post=366619"},{"taxonomy":"post_tag","embeddable":true,"href":"https:\/\/www.europesays.com\/fr\/wp-json\/wp\/v2\/tags?post=366619"}],"curies":[{"name":"wp","href":"https:\/\/api.w.org\/{rel}","templated":true}]}}