{"id":366621,"date":"2025-09-04T21:21:14","date_gmt":"2025-09-04T21:21:14","guid":{"rendered":"https:\/\/www.europesays.com\/fr\/366621\/"},"modified":"2025-09-04T21:21:14","modified_gmt":"2025-09-04T21:21:14","slug":"mercato-marcus-coco-entre-cluj-et-lhapoel-tel-aviv-lequipe","status":"publish","type":"post","link":"https:\/\/www.europesays.com\/fr\/366621\/","title":{"rendered":"Mercato : Marcus Coco entre Cluj et l&#039;Hapo\u00ebl Tel Aviv &#8211; L&#039;\u00c9quipe"},"content":{"rendered":"<ol>\n<li><a href=\"https:\/\/news.google.com\/rss\/articles\/CBMipAFBVV95cUxQMXFfTzJLMGRwNWs1M2FUYjNid014T0E1MzZHbDNweTlwZjRBY1Y2VGVXQXhSMHhnb3NoZWZHRG9PVTduRlZLOVJnWUdxMENkSko4WEZkVDJ4STdUY3d0WnF3MmJwNnJWQTV4YWhGcnhnQ1hCNGlySDJuZWpINmxnTzZwa2xTWmswZ0xHTmhHVXFnNklMNHFwNEF0STJrUHNKSDFhcA?oc=5\" target=\"_blank\" rel=\"nofollow noopener\">Mercato : Marcus Coco entre Cluj et l&rsquo;Hapo\u00ebl Tel Aviv<\/a>&nbsp;&nbsp;L&rsquo;\u00c9quipe<\/li>\n<li><a href=\"https:\/\/news.google.com\/rss\/articles\/CBMi2gFBVV95cUxNQWF4bFBfMjZhN1V0azNuby1UcnpUZWdfNk5seGZOb1Q1c3ZpcWpZaWFBMVpPMkY5bFNrdXdMWm5kd1JoSFZFaGZxWmluY093eHZvdXV4UW53Vy1NUHZaMGVLTFpMdU8yZTZid1FnVmo1OHYyOWNqcll5VVZJZS05WU82QVRTWnVFRHRnUUxxRS01VlJKelBCRmgtMW1vQm1JNkROb2V6Vmo3TTU4ZVV4RUJLQVJ1RDRla2pmcWxZNzd2Y0tuRHE5MTkzdDhVM2twVldENDQtSmlTZw?oc=5\" target=\"_blank\" rel=\"nofollow noopener\">Marcus Coco : \u00ab Mes parents ne voulaient pas que je signe en Russie \u00bb &#8211; Foot &#8211; Documentaire<\/a>&nbsp;&nbsp;Orange Actualit\u00e9s | Sports<\/li>\n<li><a href=\"https:\/\/news.google.com\/rss\/articles\/CBMivAFBVV95cUxQNllkWVB6ZDl2LVNNWHk5R0tkWmNiUTJTdm5kQXZCQ2RyRkowSnJ6YW9qVUxOOC12N1hNRU9GWXJlVVpSRkVtUjJmSUFWMERJNVFtNUlKWS0tUXMzYkFsNkpkNVBnZ0NwMG4zajlYeVpNXzNSenk1dUxrTHZsZzN4YjBwbjVDeGNVOTFrWkFybXdzbVdsQi1IVHhjdVlia1BVM3NGYkRfbEdWa21OaDl1cFI4eDB4SVRQTWRzTg?oc=5\" target=\"_blank\" rel=\"nofollow noopener\">Mercato : Marcus Coco vers l&rsquo;Hapo\u00ebl Tel-Aviv, une d\u00e9cision risqu\u00e9e<\/a>&nbsp;&nbsp;But! Football Club<\/li>\n<li><a href=\"https:\/\/news.google.com\/rss\/articles\/CBMimwJBVV95cUxNVnhMQ2o1ZzlPNDFNMW9faURrWVVEUnZiZ2htMUZzTEVsZF9jTnVhZGpibnVwaEprUnN6RWwzaEkyN01zOFlvNXVMYTdIcmp5MVF4VG5CUkdpOENXbUhFa3N1OUc5MEJ3V2ZBS2dvSG9kY2lUUlVTdWF4TWJMOEZpVnN2NWRXeVY4MEtTQ19VRHNPN3ZxWGc3QUVQcjZjdGh0aXc5ajlZWUViUTZGNUZZZkRNWWpaOEZaWUEzZEtfVm5tRGR3eDF5aHJURlFjRTc2ZnVIVFNrTUNZaU5fYlJ3UzVucGtzOThuU2lmNmJhbGppNGk0dVJiMXVHMWdnZ1JOWnlITDA4SFcxYmxXTUpxQnFFRjBkcWlESVBV?oc=5\" target=\"_blank\" rel=\"nofollow noopener\">\u00ab\u00a0Trouver quelque chose qui ressemble \u00e0 l&rsquo;offre de la Russie mais qui fait moins peur \u00e0 ma famille.\u00a0\u00bb &#8211; Marcus Coco toujours \u00e0 la recherche d&rsquo;un nouveau club<\/a>&nbsp;&nbsp;Tribune Nantaise<\/li>\n<li><a href=\"https:\/\/news.google.com\/rss\/articles\/CBMiiAFBVV95cUxPMTU2WTUzSjVvOXQ3S1l6NGhZdzA2U3lzZ0lwQ005VmhxUlZJQ2NmSHBSbmtnMjhZRkZLU2VBTlI5WFNEVjV1WE1yRUd3aGhRNndpa2ZCTEtYUkstSXNuMS0tZkx2dVo1MEwzSnhIakNiLVVWMU5wa05TaGhRRlhLM05xVVBxMVk2?oc=5\" target=\"_blank\" rel=\"nofollow noopener\">Mercato choc : un ex-joueur de Nantes bient\u00f4t en pleine zone de guerre ?<\/a>&nbsp;&nbsp;FCNhisto.fr<\/li>\n<\/ol>\n","protected":false},"excerpt":{"rendered":"Mercato : Marcus Coco entre Cluj et l&rsquo;Hapo\u00ebl Tel Aviv&nbsp;&nbsp;L&rsquo;\u00c9quipe Marcus Coco : \u00ab Mes parents ne voulaient&hellip;\n","protected":false},"author":2,"featured_media":366622,"comment_status":"","ping_status":"","sticky":false,"template":"","format":"standard","meta":{"footnotes":""},"categories":[2],"tags":[11,1011,27,12,25],"class_list":{"0":"post-366621","1":"post","2":"type-post","3":"status-publish","4":"format-standard","5":"has-post-thumbnail","7":"category-actualites","8":"tag-actualites","9":"tag-fr","10":"tag-france","11":"tag-news","12":"tag-republique-francaise"},"share_on_mastodon":{"url":"https:\/\/pubeurope.com\/@fr\/115148127254020155","error":""},"_links":{"self":[{"href":"https:\/\/www.europesays.com\/fr\/wp-json\/wp\/v2\/posts\/366621","targetHints":{"allow":["GET"]}}],"collection":[{"href":"https:\/\/www.europesays.com\/fr\/wp-json\/wp\/v2\/posts"}],"about":[{"href":"https:\/\/www.europesays.com\/fr\/wp-json\/wp\/v2\/types\/post"}],"author":[{"embeddable":true,"href":"https:\/\/www.europesays.com\/fr\/wp-json\/wp\/v2\/users\/2"}],"replies":[{"embeddable":true,"href":"https:\/\/www.europesays.com\/fr\/wp-json\/wp\/v2\/comments?post=366621"}],"version-history":[{"count":0,"href":"https:\/\/www.europesays.com\/fr\/wp-json\/wp\/v2\/posts\/366621\/revisions"}],"wp:featuredmedia":[{"embeddable":true,"href":"https:\/\/www.europesays.com\/fr\/wp-json\/wp\/v2\/media\/366622"}],"wp:attachment":[{"href":"https:\/\/www.europesays.com\/fr\/wp-json\/wp\/v2\/media?parent=366621"}],"wp:term":[{"taxonomy":"category","embeddable":true,"href":"https:\/\/www.europesays.com\/fr\/wp-json\/wp\/v2\/categories?post=366621"},{"taxonomy":"post_tag","embeddable":true,"href":"https:\/\/www.europesays.com\/fr\/wp-json\/wp\/v2\/tags?post=366621"}],"curies":[{"name":"wp","href":"https:\/\/api.w.org\/{rel}","templated":true}]}}