{"id":366623,"date":"2025-09-04T21:22:12","date_gmt":"2025-09-04T21:22:12","guid":{"rendered":"https:\/\/www.europesays.com\/fr\/366623\/"},"modified":"2025-09-04T21:22:12","modified_gmt":"2025-09-04T21:22:12","slug":"lequipe-de-france-va-affronter-la-georgie-en-huitiemes-de-finale","status":"publish","type":"post","link":"https:\/\/www.europesays.com\/fr\/366623\/","title":{"rendered":"L\u2019Equipe de France va affronter la G\u00e9orgie en huiti\u00e8mes de finale"},"content":{"rendered":"<p><img fetchpriority=\"high\" decoding=\"async\" class=\"aligncenter size-full wp-image-769666\" src=\"https:\/\/www.europesays.com\/fr\/wp-content\/uploads\/2025\/09\/https:\/\/www.basketusa.com\/app\/uploads\/2025\/09\/hifi-france.webp.webp\" alt=\"L'Equipe de France face \u00e0 la G\u00e9orgie\" width=\"1200\" height=\"798\"  \/>Les deux derniers matchs des groupes C et D ont \u00e9t\u00e9 \u00e0 l&rsquo;image de cette phase de groupes : intenses ! Sur le fil, les victoires de la <strong>Belgique<\/strong> face \u00e0 la <strong>Pologne<\/strong> (70-69) et surtout de la <strong>Gr\u00e8ce<\/strong> face \u00e0 l&rsquo;<strong>Espagne<\/strong> (90-86) ont permis de compl\u00e9ter le tableau des huiti\u00e8mes de finale de cet EuroBasket 2025.\n<\/p>\n<p>Malgr\u00e9 son revers, la Pologne termine \u00e0 la deuxi\u00e8me place du groupe D et affrontera donc la <strong>Bosnie-Her\u00e9govine<\/strong> en huiti\u00e8mes de finale. La Gr\u00e8ce r\u00e9alise quant \u00e0 elle le bon coup de la soir\u00e9e en terminant \u00e0 la premi\u00e8re place du groupe C. Les portes des demi-finales s&rsquo;ouvrent potentiellement pour la s\u00e9lection de Giannis Antetokounmpo qui devra d&rsquo;abord venir \u00e0 bout d&rsquo;<strong>Isra\u00ebl<\/strong> afin d&rsquo;esp\u00e9rer d\u00e9fier le vainqueur de <strong>Lettonie \u2013 Lituanie<\/strong> en quarts de finale.\n<\/p>\n<p>Place au programme qui s&rsquo;annonce charg\u00e9 ce week-end avec quatre matchs samedi, et quatre dimanche.\n<\/p>\n<p>SAMEDI 6 SEPTEMBRE<\/p>\n<p style=\"text-align: center;\">11h00 |\u00a0Turquie \u2013 Su\u00e8de<br \/>14h15 | Allemagne \u2013 Portugal<br \/>17h30 | Lituanie \u2013 Lettonie<br \/>20h45 | Serbie \u2013 Finlande\n<\/p>\n<p>DIMANCHE 7 SEPTEMBRE<\/p>\n<p style=\"text-align: center;\">11h00 | Pologne \u2013 Bosnie-Herz\u00e9govine<br \/><strong>14h15 |\u00a0France \u2013 G\u00e9orgie <\/strong><br \/>17h30 | Italie \u2013 Slov\u00e9nie<br \/>20h45 | Gr\u00e8ce \u2013 Isra\u00ebl\n    <\/p>\n","protected":false},"excerpt":{"rendered":"Les deux derniers matchs des groupes C et D ont \u00e9t\u00e9 \u00e0 l&rsquo;image de cette phase de groupes&hellip;\n","protected":false},"author":2,"featured_media":366624,"comment_status":"","ping_status":"","sticky":false,"template":"","format":"standard","meta":{"footnotes":""},"categories":[4],"tags":[11,1011,27,12,25],"class_list":{"0":"post-366623","1":"post","2":"type-post","3":"status-publish","4":"format-standard","5":"has-post-thumbnail","7":"category-france","8":"tag-actualites","9":"tag-fr","10":"tag-france","11":"tag-news","12":"tag-republique-francaise"},"share_on_mastodon":{"url":"https:\/\/pubeurope.com\/@fr\/115148131839090943","error":""},"_links":{"self":[{"href":"https:\/\/www.europesays.com\/fr\/wp-json\/wp\/v2\/posts\/366623","targetHints":{"allow":["GET"]}}],"collection":[{"href":"https:\/\/www.europesays.com\/fr\/wp-json\/wp\/v2\/posts"}],"about":[{"href":"https:\/\/www.europesays.com\/fr\/wp-json\/wp\/v2\/types\/post"}],"author":[{"embeddable":true,"href":"https:\/\/www.europesays.com\/fr\/wp-json\/wp\/v2\/users\/2"}],"replies":[{"embeddable":true,"href":"https:\/\/www.europesays.com\/fr\/wp-json\/wp\/v2\/comments?post=366623"}],"version-history":[{"count":0,"href":"https:\/\/www.europesays.com\/fr\/wp-json\/wp\/v2\/posts\/366623\/revisions"}],"wp:featuredmedia":[{"embeddable":true,"href":"https:\/\/www.europesays.com\/fr\/wp-json\/wp\/v2\/media\/366624"}],"wp:attachment":[{"href":"https:\/\/www.europesays.com\/fr\/wp-json\/wp\/v2\/media?parent=366623"}],"wp:term":[{"taxonomy":"category","embeddable":true,"href":"https:\/\/www.europesays.com\/fr\/wp-json\/wp\/v2\/categories?post=366623"},{"taxonomy":"post_tag","embeddable":true,"href":"https:\/\/www.europesays.com\/fr\/wp-json\/wp\/v2\/tags?post=366623"}],"curies":[{"name":"wp","href":"https:\/\/api.w.org\/{rel}","templated":true}]}}