{"id":366625,"date":"2025-09-04T21:23:23","date_gmt":"2025-09-04T21:23:23","guid":{"rendered":"https:\/\/www.europesays.com\/fr\/366625\/"},"modified":"2025-09-04T21:23:23","modified_gmt":"2025-09-04T21:23:23","slug":"langasque-co-leader-au-k-club-les-francais-aux-avant-postes","status":"publish","type":"post","link":"https:\/\/www.europesays.com\/fr\/366625\/","title":{"rendered":"Langasque co-leader au K-Club. Les Fran\u00e7ais aux avant-postes"},"content":{"rendered":"<p>\t\t\t\t\t\t<img width=\"770\" height=\"556\" src=\"https:\/\/www.europesays.com\/fr\/wp-content\/uploads\/2025\/09\/golf-classement-mondial-dp-world-tour-romain-langasque-matthieu-pavon-victor-perez-robertmacintyre-o.jpeg\" class=\"img-responsive wp-post-image\" alt=\"Romain Langasque Photo by Andrew Redington \/ GETTY IMAGES EUROPE \/ Getty Images via AFP\" decoding=\"async\" fetchpriority=\"high\"  \/>\t\t\t\t\t<\/p>\n<p>\t\t\t\t\t\t Partager cet article <\/p>\n<p class=\"screen-reader-text juiz_sps_maybe_hidden_text\">Partager la publication \u00ab\u00a0Langasque co-leader au K-Club. Les Fran\u00e7ais aux avant-postes\u00a0\u00bb<\/p>\n<p><strong>Gr\u00e2ce \u00e0 une belle carte de 66 (-6) sign\u00e9e juste avant l\u2019interruption du jeu en raison de la tomb\u00e9e de la nuit, Romain Langasque (photo) partage les commandes de l\u2019Amgen Irish Open avec l\u2019Espagnol Nacho Elvira et le Danois Thorbj\u00f8rn Olesen. En t\u00eate \u00e0 mi-journ\u00e9e, Adrien Saddier pointe au 4e rang \u00e0 -5 (67) devant David Ravetto, 8e \u00e0 -4 (68). Rory McIlroy, la grande star de la semaine chez lui en Irlande, s\u2019est content\u00e9 d\u2019un 71 (-1). Le n\u00b02 mondial occupe la 50e place, avec notamment l\u2019Am\u00e9ricain Brooks Koepka.\u00a0<\/strong><\/p>\n<p>\t\t\t\t\t<a id=\"183961\" href=\"https:\/\/www.wilson.com\/fr-fr\/product\/duo-soft-golf-ball-wg20091?optionsUIDs=Y29uZmlndXJhYmxlLzQ5NzAvMTE4OTIx \" target=\"_blank\" rel=\"sponsorised nofollow noopener\"><img decoding=\"async\" src=\"data:image\/svg+xml,%3Csvg%20xmlns=\" http:=\"\" class=\"img-responsive\" alt=\"\" data-lazy-src=\"https:\/\/www.europesays.com\/fr\/wp-content\/uploads\/2025\/09\/wilson-e02-duo-soft-trk360-1170x275-1.jpg\"\/><\/a><\/p>\n<p><strong>L.V.<\/strong><\/p>\n<p>Les Fran\u00e7ais ont visiblement pris cette \u00e9dition 2025 de l\u2019<strong>Amgen Irish Open<\/strong> par le bon bout. Sur un <strong>K-Club<\/strong>, h\u00f4te de la <strong>Ryder Cup 2006<\/strong>, toujours aussi coriace et chahut\u00e9 par les \u00e9l\u00e9ments (interruption du jeu durant une heure pour cause de menaces d\u2019orages), les Tricolores se sont en effet montr\u00e9s \u00e0 leur avantage. A l\u2019image de <strong>Romain Langasque<\/strong>, auteur d\u2019un tr\u00e8s solide 66 (-6) avec sept birdies pour un seul bogey.<\/p>\n<p><a href=\"https:\/\/www.europeantour.com\/dpworld-tour\/amgen-irish-open-2025\/leaderboard?round=1\" target=\"_blank\" rel=\"noopener nofollow\">Retrouvez le classement provisoire<\/a><\/p>\n<p>A la recherche d\u2019un premier top 10 sur le <strong>DP World Tour<\/strong> depuis fin mai au <strong>Soudal Open<\/strong> (9e), l\u2019Azur\u00e9en partage les commandes du tournoi avec l\u2019Espagnol <strong>Nacho Elvira<\/strong>, longtemps seul en t\u00eate, et le Danois <strong>Thorbj\u00f8rn Olesen<\/strong>, qui avait pourtant lanc\u00e9 sa journ\u00e9e avec un double bogey d\u00e8s le par 3 du trou n\u00b03.\u00a0<\/p>\n<p>Ce trio devance d\u2019une longueur un groupe de quatre hommes compos\u00e9 de l\u2019Autrichien <strong>Bernd Wiesberger<\/strong>, de l\u2019Anglais<strong> Daniel Brown<\/strong>, du Sud-Africain <strong>Zander Lombard<\/strong>, stopp\u00e9 par l\u2019obscurit\u00e9 sur le fairway du 18 et en mesure de rejoindre les leaders vendredi matin \u00e0 partir de 8h50 locale (9h50 en France), et de\u2026 <strong>Adrien Saddier<\/strong>.\u00a0<\/p>\n<blockquote><p>&#13;<br \/>\nLa victoire en Italie m\u2019a beaucoup aid\u00e9 \u00e0 franchir quelques paliers, notamment au niveau mental. J\u2019essaie chaque semaine de r\u00e9p\u00e9ter mes routines et \u00e7a se passe plut\u00f4t pas mal.&#13;<br \/>\n&#13;<br \/>\nAdrien Saddier<\/p><\/blockquote>\n<p>Le Haut-Savoyard a propos\u00e9 une fois encore un golf de tr\u00e8s haut niveau, s\u2019offrant \u00e0 plusieurs reprises la t\u00eate de l\u2019\u00e9preuve (seul ou en double commandes avec Daniel Brown) avant de conc\u00e9der son unique bogey sur le par 4 du 7.\u00a0<\/p>\n<p>\u00ab C\u2019\u00e9tait une bonne journ\u00e9e, surtout en compagnie de Padraig (<strong>Harrington<\/strong>), r\u00e9sume l\u2019actuel 14e de la Race. Le public irlandais a \u00e9t\u00e9 top. Derri\u00e8re nous, il y avait Shane (Lowry) et juste apr\u00e8s Rory (McIlroy). C\u2019\u00e9tait vraiment une atmosph\u00e8re sympa \u00e0 jouer. Et puis le jeu a suivi, donc je suis tr\u00e8s content de mon -5 aujourd\u2019hui. \u00bb<\/p>\n<p>\u00ab La victoire en Italie (fin juin) m\u2019a beaucoup aid\u00e9 \u00e0 franchir quelques paliers, notamment au niveau mental, encha\u00eene celui qui \u00e9tait en t\u00eate \u00e0 <strong>Crans-Montana<\/strong> la semaine pass\u00e9e apr\u00e8s 36 trous. J\u2019essaie chaque semaine de r\u00e9p\u00e9ter mes routines et \u00e7a se passe plut\u00f4t pas mal. \u00bb<\/p>\n<p>\t\t\t\t\t<a id=\"180479\" href=\"https:\/\/www.swing.fr\/voyage\/35-14eme-edition-des-doubles-gosset-by-beachcomber\" target=\"_blank\" rel=\"sponsorised nofollow noopener\"><img decoding=\"async\" src=\"data:image\/svg+xml,%3Csvg%20xmlns=\" http:=\"\" class=\"img-responsive\" alt=\"\" data-lazy-src=\"https:\/\/www.europesays.com\/fr\/wp-content\/uploads\/2025\/07\/beachcomber-e01-doubles-gosset-26-1170x275-1.jpg\"\/><\/a><\/p>\n<blockquote class=\"twitter-tweet\"><p>&#13;<\/p>\n<p dir=\"ltr\" lang=\"en\">Home favourite <a href=\"https:\/\/twitter.com\/ShaneLowryGolf?ref_src=twsrc%5Etfw\" rel=\"nofollow noopener\" target=\"_blank\">@ShaneLowryGolf<\/a> moves into the Top 10 \u2618\ufe0f<a href=\"https:\/\/twitter.com\/hashtag\/AmgenIrishOpen?src=hash&amp;ref_src=twsrc%5Etfw\" rel=\"nofollow noopener\" target=\"_blank\">#AmgenIrishOpen<\/a> <a href=\"https:\/\/t.co\/ZbiTIsRJdg\" rel=\"nofollow\">pic.twitter.com\/ZbiTIsRJdg<\/a><\/p>\n<p>&#13;<br \/>\n&#13;<br \/>\n\u2014 DP World Tour (@DPWorldTour) <a href=\"https:\/\/twitter.com\/DPWorldTour\/status\/1963556746976260380?ref_src=twsrc%5Etfw\" rel=\"nofollow noopener\" target=\"_blank\">September 4, 2025<\/a><\/p><\/blockquote>\n<p>Belle entame \u00e9galement pour <strong>David Ravetto<\/strong>, en qu\u00eate d\u2019un second souffle apr\u00e8s sa victoire il y a un an en R\u00e9publique tch\u00e8que. Le Racingman n\u2019est parti qu\u2019une seule fois \u00e0 la faute dans ce premier tour. A -4 (68), il devance d\u2019un coup l\u2019une des grandes attractions de cet Irish Open 2025, \u00e0 savoir <strong>Shane Lowry<\/strong>. L\u2019Irlandais occupe la 12e place \u00e0 -3 (69) et se place d\u2019ores et d\u00e9j\u00e0 comme l\u2019un des grands favoris \u00e0 la victoire.\u00a0<\/p>\n<p>\t\t\t\t\t<a id=\"182585\" href=\"https:\/\/www.golfcapdagde.com\/\" target=\"_blank\" rel=\"sponsorised nofollow noopener\"><img decoding=\"async\" src=\"data:image\/svg+xml,%3Csvg%20xmlns=\" http:=\"\" class=\"img-responsive\" alt=\"\" data-lazy-src=\"https:\/\/www.europesays.com\/fr\/wp-content\/uploads\/2025\/06\/capdagdegolf-e01-experience-golf-1170x275-1.gif\"\/><\/a><\/p>\n<blockquote class=\"twitter-tweet\"><p>&#13;<\/p>\n<p dir=\"ltr\" lang=\"en\">Rory McIlroy treated us to an exhibition of how to get out of a bunker \ud83e\udd2f<a href=\"https:\/\/twitter.com\/hashtag\/AmgenIrishOpen?src=hash&amp;ref_src=twsrc%5Etfw\" rel=\"nofollow noopener\" target=\"_blank\">#AmgenIrishOpen<\/a> <a href=\"https:\/\/t.co\/ltM9sCKDqr\" rel=\"nofollow\">pic.twitter.com\/ltM9sCKDqr<\/a><\/p>\n<p>&#13;<br \/>\n&#13;<br \/>\n\u2014 DP World Tour (@DPWorldTour) <a href=\"https:\/\/twitter.com\/DPWorldTour\/status\/1963676416064573715?ref_src=twsrc%5Etfw\" rel=\"nofollow noopener\" target=\"_blank\">September 4, 2025<\/a><\/p><\/blockquote>\n<p>L\u2019autre grande star de ce tournoi \u00e0 6 millions de dollars de dotation n\u2019est autre que <strong>Rory McIlroy<\/strong>. Le Nord-Irlandais, port\u00e9 par tout un peuple ce jeudi, malgr\u00e9 une m\u00e9t\u00e9o pas toujours favorable, a toutefois d\u00fb se contenter d\u2019une carte de 71 (-1) avec notamment une fin de partie (il s\u2019est \u00e9lanc\u00e9 du 10) chaotique avec deux ultimes bogeys aux trous 7 et 8. Il apparait au 50e rang, en compagnie de <strong>Brooks Koepka<\/strong> et de son jeune \u00ab\u00a0prot\u00e9g\u00e9\u00a0\u00bb <strong>Tom McKibbin<\/strong>, pass\u00e9 sur le <strong>LIV Golf<\/strong> \u00e0 la fin du mois de janvier dernier !\u00a0<\/p>\n<p>\t\t\t\t\t<a id=\"183955\" href=\"https:\/\/bmwgolfcup.fr\/fr\/partenaires\" target=\"_blank\" rel=\"sponsorised nofollow noopener\"><img decoding=\"async\" src=\"data:image\/svg+xml,%3Csvg%20xmlns=\" http:=\"\" class=\"img-responsive\" alt=\"\" data-lazy-src=\"https:\/\/www.europesays.com\/fr\/wp-content\/uploads\/2025\/09\/oris-e01-bmw-cup-25-1170x275-1.jpg\"\/><\/a><br \/>\nLe leaderboard provisoire<\/p>\n<p><img loading=\"lazy\" decoding=\"async\" class=\"alignnone wp-image-184503 size-large\" src=\"data:image\/svg+xml,%3Csvg%20xmlns=\" http:=\"\" alt=\"\" width=\"770\" height=\"509\" data-lazy- data-lazy- data-lazy-src=\"https:\/\/www.europesays.com\/fr\/wp-content\/uploads\/2025\/09\/capture1-770x509.jpg\"\/><\/p>\n<p><img loading=\"lazy\" decoding=\"async\" class=\"alignnone wp-image-184504 size-large\" src=\"data:image\/svg+xml,%3Csvg%20xmlns=\" http:=\"\" alt=\"\" width=\"770\" height=\"40\" data-lazy- data-lazy- data-lazy-src=\"https:\/\/www.europesays.com\/fr\/wp-content\/uploads\/2025\/09\/capture2-770x40.jpg\"\/><\/p>\n<p>\t\t\t\t\t<a id=\"179394\" href=\"https:\/\/eu.ping.com\/fr-fr\/clubs\/irons\/i240\" target=\"_blank\" rel=\"sponsorised nofollow noopener\"><img decoding=\"async\" src=\"data:image\/svg+xml,%3Csvg%20xmlns=\" http:=\"\" class=\"img-responsive\" alt=\"\" data-lazy-src=\"https:\/\/www.europesays.com\/fr\/wp-content\/uploads\/2025\/07\/ping-e06-fers-i240-1170x275-1.jpg\"\/><\/a><br \/>\nLe leaderboard des autres fran\u00e7ais<\/p>\n<p><img loading=\"lazy\" decoding=\"async\" class=\"alignnone wp-image-184505 size-large\" src=\"data:image\/svg+xml,%3Csvg%20xmlns=\" http:=\"\" alt=\"\" width=\"770\" height=\"606\" data-lazy- data-lazy- data-lazy-src=\"https:\/\/www.europesays.com\/fr\/wp-content\/uploads\/2025\/09\/capture3-770x606.jpg\"\/><\/p>\n<p>\t\t\t\t\t<a id=\"183938\" href=\"https:\/\/golfplus.fr\/garmin-c134\" target=\"_blank\" rel=\"sponsorised nofollow noopener\"><img decoding=\"async\" src=\"data:image\/svg+xml,%3Csvg%20xmlns=\" http:=\"\" class=\"img-responsive\" alt=\"\" data-lazy-src=\"https:\/\/www.europesays.com\/fr\/wp-content\/uploads\/2025\/09\/golfplus-e23-garmin-days-1170x275-1.jpg\"\/><\/a><\/p>\n<p>Photo : \u00a0Andrew Redington \/ GETTY IMAGES EUROPE \/ Getty Images via AFP<\/p>\n<p>\t\t\t<script async src=\"https:\/\/platform.twitter.com\/widgets.js\" charset=\"utf-8\"><\/script><\/p>\n","protected":false},"excerpt":{"rendered":"Partager cet article Partager la publication \u00ab\u00a0Langasque co-leader au K-Club. Les Fran\u00e7ais aux avant-postes\u00a0\u00bb Gr\u00e2ce \u00e0 une belle&hellip;\n","protected":false},"author":2,"featured_media":366626,"comment_status":"","ping_status":"","sticky":false,"template":"","format":"standard","meta":{"footnotes":""},"categories":[1418],"tags":[1011,27,1472,60],"class_list":{"0":"post-366625","1":"post","2":"type-post","3":"status-publish","4":"format-standard","5":"has-post-thumbnail","7":"category-golf","8":"tag-fr","9":"tag-france","10":"tag-golf","11":"tag-sports"},"share_on_mastodon":{"url":"https:\/\/pubeurope.com\/@fr\/115148135026745032","error":""},"_links":{"self":[{"href":"https:\/\/www.europesays.com\/fr\/wp-json\/wp\/v2\/posts\/366625","targetHints":{"allow":["GET"]}}],"collection":[{"href":"https:\/\/www.europesays.com\/fr\/wp-json\/wp\/v2\/posts"}],"about":[{"href":"https:\/\/www.europesays.com\/fr\/wp-json\/wp\/v2\/types\/post"}],"author":[{"embeddable":true,"href":"https:\/\/www.europesays.com\/fr\/wp-json\/wp\/v2\/users\/2"}],"replies":[{"embeddable":true,"href":"https:\/\/www.europesays.com\/fr\/wp-json\/wp\/v2\/comments?post=366625"}],"version-history":[{"count":0,"href":"https:\/\/www.europesays.com\/fr\/wp-json\/wp\/v2\/posts\/366625\/revisions"}],"wp:featuredmedia":[{"embeddable":true,"href":"https:\/\/www.europesays.com\/fr\/wp-json\/wp\/v2\/media\/366626"}],"wp:attachment":[{"href":"https:\/\/www.europesays.com\/fr\/wp-json\/wp\/v2\/media?parent=366625"}],"wp:term":[{"taxonomy":"category","embeddable":true,"href":"https:\/\/www.europesays.com\/fr\/wp-json\/wp\/v2\/categories?post=366625"},{"taxonomy":"post_tag","embeddable":true,"href":"https:\/\/www.europesays.com\/fr\/wp-json\/wp\/v2\/tags?post=366625"}],"curies":[{"name":"wp","href":"https:\/\/api.w.org\/{rel}","templated":true}]}}