{"id":366631,"date":"2025-09-04T21:27:13","date_gmt":"2025-09-04T21:27:13","guid":{"rendered":"https:\/\/www.europesays.com\/fr\/366631\/"},"modified":"2025-09-04T21:27:13","modified_gmt":"2025-09-04T21:27:13","slug":"coupe-de-france-le-1er-tour-debutera-avec-les-clubs-de-ligue-2-postup-fr","status":"publish","type":"post","link":"https:\/\/www.europesays.com\/fr\/366631\/","title":{"rendered":"Coupe de France : Le 1er tour d\u00e9butera avec les clubs de Ligue 2 &#8211; Postup.fr"},"content":{"rendered":"<p><a class=\"hupso_toolbar\" href=\"https:\/\/www.hupso.com\/share\/\" data-wpel-link=\"external\" target=\"_blank\" rel=\"external noopener noreferrer\"><img decoding=\"async\" src=\"https:\/\/www.europesays.com\/fr\/wp-content\/uploads\/2025\/05\/share-small.png\" style=\"border:0px; padding-top: 5px; float:left;\" alt=\"Share Button\" \/><\/a><\/p>\n<p><img fetchpriority=\"high\" decoding=\"async\" class=\"alignnone size-full wp-image-318219 aligncenter\" src=\"https:\/\/www.europesays.com\/fr\/wp-content\/uploads\/2025\/09\/Logo-coupe-de-france-basket.jpg\" alt=\"\" width=\"357\" height=\"268\"   \/><\/p>\n<p style=\"text-align: center;\">La succession aux Flammes Carolo Basket est ouverte\u00a9FFBB<\/p>\n<p style=\"text-align: justify;\">Le premier match officiel de la saison sera comme d\u2019habitude un match de Coupe de France pour les clubs de Ligue 2. 1 semaine avant la reprise de leur championnat, le petit monde de Ligue 2 sera en r\u00e9p\u00e9tition g\u00e9n\u00e9rale. Les r\u00e9sultats donneront du grain \u00e0 moudre aux observateurs et les premi\u00e8res tendances des forces en pr\u00e9sence seront scrut\u00e9es. Toutes les \u00e9quipes de Ligue 2 seront de la partie sauf l\u2019INSEP (pas inscrit) et la SIG qui est exempt\u00e9e du 1er tour. <strong>Rendez vous samedi 20 septembre \u00e0 20h.<\/strong><\/p>\n<p>\u00a0<\/p>\n<p>Les affichent du 1er tour de la Coupe de France (Troph\u00e9e Jo\u00eb Jaunay)<\/p>\n<p>La Tronche-Meylan (LF2) \u2013 Nice (LF2)<br \/>Monaco (LF2) \u2013 Feytiat (LF2)<br \/>Le Havre (LF2) \u2013 Aulnoye-Aymeries (LF2)<br \/>Saint Amand (LF2) \u2013 Reims (LF2)<br \/>M\u00e9tropole Rouen Basket (NF1 ou Ligue 2!, Vainqueur Troph\u00e9e Coupe de France F\u00e9minin 2025) \u2013 Mondeville (LF2)<br \/>Voiron (LF2) \u2013 Montbrison (LF2)<\/p>\n<p>\u00a0<\/p>\n","protected":false},"excerpt":{"rendered":"La succession aux Flammes Carolo Basket est ouverte\u00a9FFBB Le premier match officiel de la saison sera comme d\u2019habitude&hellip;\n","protected":false},"author":2,"featured_media":366632,"comment_status":"","ping_status":"","sticky":false,"template":"","format":"standard","meta":{"footnotes":""},"categories":[1414],"tags":[1465,1464,83,1011,27,60],"class_list":{"0":"post-366631","1":"post","2":"type-post","3":"status-publish","4":"format-standard","5":"has-post-thumbnail","7":"category-basket","8":"tag-basket","9":"tag-basketball","10":"tag-coupe-de-france","11":"tag-fr","12":"tag-france","13":"tag-sports"},"share_on_mastodon":{"url":"https:\/\/pubeurope.com\/@fr\/115148150879504919","error":""},"_links":{"self":[{"href":"https:\/\/www.europesays.com\/fr\/wp-json\/wp\/v2\/posts\/366631","targetHints":{"allow":["GET"]}}],"collection":[{"href":"https:\/\/www.europesays.com\/fr\/wp-json\/wp\/v2\/posts"}],"about":[{"href":"https:\/\/www.europesays.com\/fr\/wp-json\/wp\/v2\/types\/post"}],"author":[{"embeddable":true,"href":"https:\/\/www.europesays.com\/fr\/wp-json\/wp\/v2\/users\/2"}],"replies":[{"embeddable":true,"href":"https:\/\/www.europesays.com\/fr\/wp-json\/wp\/v2\/comments?post=366631"}],"version-history":[{"count":0,"href":"https:\/\/www.europesays.com\/fr\/wp-json\/wp\/v2\/posts\/366631\/revisions"}],"wp:featuredmedia":[{"embeddable":true,"href":"https:\/\/www.europesays.com\/fr\/wp-json\/wp\/v2\/media\/366632"}],"wp:attachment":[{"href":"https:\/\/www.europesays.com\/fr\/wp-json\/wp\/v2\/media?parent=366631"}],"wp:term":[{"taxonomy":"category","embeddable":true,"href":"https:\/\/www.europesays.com\/fr\/wp-json\/wp\/v2\/categories?post=366631"},{"taxonomy":"post_tag","embeddable":true,"href":"https:\/\/www.europesays.com\/fr\/wp-json\/wp\/v2\/tags?post=366631"}],"curies":[{"name":"wp","href":"https:\/\/api.w.org\/{rel}","templated":true}]}}