{"id":366633,"date":"2025-09-04T21:28:15","date_gmt":"2025-09-04T21:28:15","guid":{"rendered":"https:\/\/www.europesays.com\/fr\/366633\/"},"modified":"2025-09-04T21:28:15","modified_gmt":"2025-09-04T21:28:15","slug":"dernier-contrat-pour-zarco-en-motogp-oui-pour-le-moment","status":"publish","type":"post","link":"https:\/\/www.europesays.com\/fr\/366633\/","title":{"rendered":"Dernier contrat pour Zarco en MotoGP\u00a0?\u00a0\u00ab\u00a0Oui, pour le moment\u00a0\u00bb"},"content":{"rendered":"<p>\u00c0 l&rsquo;occasion de son renouvellement de contrat avec le team LCR, <a href=\"https:\/\/fr.motorsport.com\/driver\/johann-zarco\/96107\/\" target=\"_blank\" rel=\"noopener nofollow\">Johann Zarco<\/a> est revenu sur les motivations qui l&rsquo;ont pouss\u00e9 \u00e0 vouloir prolonger jusqu&rsquo;en 2027 avec Honda, s&rsquo;exprimant ce jeudi\u00a0aupr\u00e8s du site officiel du MotoGP et des journalistes pr\u00e9sents \u00e0 Barcelone. Le Fran\u00e7ais de 35 ans\u00a0 a \u00e9galement \u00e9voqu\u00e9 sa carri\u00e8re \u00e0 plus long terme, sentant \u00e0 d\u00e9sormais 35 ans que ce pourrait \u00eatre son dernier contrat en Grand Prix.\u00a0<\/p>\n<p><strong>Tout d&rsquo;abord, f\u00e9licitations pour ton contrat avec LCR et\u00a0ensuite, f\u00e9licitations pour \u00eatre le premier pilote \u00e0 disposer d&rsquo;un contrat officiel pour 2027 !<\/strong><\/p>\n<p>Merci ! C&rsquo;est bien de confirmer deux ann\u00e9es. Je voulais avoir cette chance de faire la saison 2027 parce que je crois qu&rsquo;avec la nouvelle r\u00e9glementation, les nouveaux pneus, il y aura des situations al\u00e9atoires o\u00f9, avec l&rsquo;exp\u00e9rience que j&rsquo;ai, je pourrai avoir plus de chances de podiums\u00a0&#8211;\u00a0peut-\u00eatre plus de victoires, car je crois encore que je peux jouer sur ce terrain\u00a0&#8211;\u00a0et \u00eatre un pilote de premier plan. Avec le bon travail que j&rsquo;ai fait, le feeling grandissant sur la moto et le fait que je contr\u00f4le mieux les choses, je peux \u00eatre plus rapide avec plus de contr\u00f4le. \u00c7a ne fait que me donner plus de motivation pour continuer \u00e0 courir plus longtemps. C&rsquo;\u00e9tait le point principal et je suis tr\u00e8s heureux que nous ayons r\u00e9gl\u00e9 \u00e7a.<\/p>\n<p>Clairement, j&rsquo;ai mis beaucoup d&rsquo;\u00e9nergie dans le projet et j&rsquo;ai essay\u00e9 de montrer le meilleur \u00e0 Honda pour qu&rsquo;ils puissent avoir confiance en ce que je fais. Mais cela a \u00e9t\u00e9 fait avec LCR, ce qui est bien car nous avons aussi du travail \u00e0 faire avec Lucio [Cecchinello] et tous ses sponsors, donc c&rsquo;est cool de garder les m\u00eames couleurs et d&rsquo;avoir un projet commun ensemble. De plus, comme c&rsquo;est \u00e9crit dans le contrat, j&rsquo;aurai cette moto d&rsquo;usine pour \u00eatre impliqu\u00e9 dans le d\u00e9veloppement autant que possible \u00e0 chaque d\u00e9but de saison.<\/p>\n<p><strong>Tu joueras donc un r\u00f4le important dans le d\u00e9veloppement de la moto de 2027\u00a0?\u00a0<\/strong><\/p>\n<p>Oui, bien s\u00fbr. En n&rsquo;\u00e9tant pas pilote d&rsquo;usine, clairement je ferai moins d&rsquo;essais et je roulerai moins, mais \u00e7a a \u00e9t\u00e9 le cas pendant deux ans et je sais que ce sera pareil pour les deux prochaines ann\u00e9es. Mais je sais aussi qu&rsquo;avec les retours que je peux donner et le travail pr\u00e9cis que nous pouvons faire avec mon \u00e9quipe, de bons r\u00e9sultats restent possibles.<\/p>\n<p><strong>Tu avais dit que tu voulais signer pour 2027 pour toi-m\u00eame, mais qu&rsquo;en est-il de Honda ? Qu&rsquo;as-tu vu dans le projet Honda qui t&rsquo;a donn\u00e9 envie de rester pour 2027 ?<\/strong><\/p>\n<p>J&rsquo;ai vu en 2024 que, m\u00eame dans les moments difficiles, je prenais toujours du plaisir. Parce que je croyais\u2026 je voyais le travail de Honda, le travail dans l&rsquo;ombre. Sur la piste, on a l&rsquo;impression que \u00e7a ne paie pas, mais ils travaillent beaucoup, et je me dis : \u00ab\u00a0d&rsquo;accord, je fais partie de ce projet et je dois agir intelligemment pour faire le avancer\u00a0\u00bb. Clairement, avec ce que j&rsquo;ai montr\u00e9 pendant ce semestre avec Honda, ils peuvent me faire confiance, je continuerai \u00e0 pousser et mes retours, j&rsquo;esp\u00e8re, sont suffisamment bons pour pr\u00e9parer cette moto 2027, que je ne connais pas encore.<\/p>\n<blockquote>\n<p>Quand j&rsquo;ai sign\u00e9 en 2023, je pensais que 2025 serait ma derni\u00e8re saison, et j&rsquo;ai eu ce deuxi\u00e8me souffle qui m&rsquo;a donn\u00e9 l&rsquo;\u00e9nergie de me dire : pourquoi pas deux ann\u00e9es de plus ? Peut-\u00eatre que j&rsquo;aurai un autre souffle.<\/p>\n<\/blockquote>\n<p>   <img decoding=\"async\" draggable=\"false\" src=\"https:\/\/www.europesays.com\/fr\/wp-content\/uploads\/2025\/09\/johann-zarco-team-lcr-honda.jpg\" alt=\"Johann Zarco, Team LCR Honda &#10;\" width=\"1200\" height=\"800\" loading=\"lazy\"\/> <\/p>\n<p class=\"title\">Johann Zarco, Team LCR Honda<\/p>\n<p class=\"photographer\">Photo de: Team LCR<\/p>\n<p><strong>Je suppose que tu ne peux pas nous raconter tous les d\u00e9tails des n\u00e9gociations, mais ta pr\u00e9f\u00e9rence \u00e9tait clairement d&rsquo;avoir un contrat de deux ans, n&rsquo;est-ce pas ?<\/strong><\/p>\n<p>Oui, un contrat de deux ans est assez important parce que nous savons que cela peut \u00eatre d\u00e9licat de garder son guidon. Tous mes r\u00e9sultats sont assez bons pour le conserver, donc je sais que je peux compter sur mes r\u00e9sultats, ce que j&rsquo;ai fait toutes ces ann\u00e9es. Et m\u00eame l&rsquo;ann\u00e9e derni\u00e8re, nous ne faisions pas des choses magiques, mais au moins nous restions parmi les pilotes ayant le plus de points, ceux qui ont \u00e9t\u00e9 en Q2. On peut compter sur moi. Mais comme les choses \u00e9voluent, je voulais s\u00e9curiser cette saison 2027.<\/p>\n<p><strong>\u00c9tait-il difficile de n\u00e9gocier ces deux ann\u00e9es, sachant par exemple que <a href=\"https:\/\/fr.motorsport.com\/driver\/luca-marini\/201098\/\" target=\"_blank\" rel=\"noopener nofollow\">Luca Marini<\/a> &#8211; pilote d&rsquo;usine Honda &#8211; n&rsquo;a qu&rsquo;un contrat pour 2026 ?<\/strong><\/p>\n<p>Non, on a directement discut\u00e9 d&rsquo;un contrat de deux ans. Et je le r\u00e9p\u00e8te, depuis un an et demi, essayer d&rsquo;\u00eatre toujours au sommet du projet est un argument qui pouvait m&rsquo;aider \u00e0 obtenir la confiance de Honda. Et je le r\u00e9p\u00e8te, je pense que c&rsquo;est bien d&rsquo;avoir ce projet commun avec LCR et Lucio, y compris pour tous les sponsors qui aident Lucio.<\/p>\n<p><strong>Tu as eu 35 ans en juillet. Vu ton \u00e2ge, est-ce l\u00e0 ton dernier contrat ?<\/strong><\/p>\n<p>Bonne question ! Dans ma t\u00eate, oui, pour le moment. Mais quand j&rsquo;ai sign\u00e9 en 2023, je pensais que 2025 serait ma derni\u00e8re saison, et j&rsquo;ai eu ce deuxi\u00e8me souffle qui m&rsquo;a donn\u00e9 l&rsquo;\u00e9nergie de me dire : pourquoi pas deux ann\u00e9es de plus ? Peut-\u00eatre que j&rsquo;aurai un autre souffle, le troisi\u00e8me. On ne sait jamais, mais c&rsquo;est un sport tr\u00e8s technique, et l&rsquo;exp\u00e9rience et les petits d\u00e9tails peuvent faire la diff\u00e9rence. Je sens encore que je peux progresser dans ce domaine.<\/p>\n<p>   <img decoding=\"async\" draggable=\"false\" src=\"https:\/\/www.europesays.com\/fr\/wp-content\/uploads\/2025\/09\/1757021295_316_johann-zarco-team-lcr-honda.jpg\" alt=\"Johann Zarco, Team LCR Honda &#10;\" width=\"1200\" height=\"800\" loading=\"lazy\"\/> <\/p>\n<p class=\"title\">Johann Zarco, Team LCR Honda<\/p>\n<p class=\"photographer\">Photo de: Team LCR<\/p>\n<p><strong>Tu disais avant la pause estivale \u00eatre d&rsquo;accord pour continuer avec le team LCR s&rsquo;il y avait la possibilit\u00e9 d&rsquo;\u00eatre le pilote num\u00e9ro un et de recevoir les derni\u00e8res pi\u00e8ces en priorit\u00e9. Est-ce une ligne dans le contrat ?<\/strong><\/p>\n<p>Non, ce qui a \u00e9t\u00e9 n\u00e9goci\u00e9 avec les Japonais, c&rsquo;est d&rsquo;essayer d&rsquo;avoir la moto au m\u00eame niveau que les pilotes d&rsquo;usine, en m\u00eame temps et toute l&rsquo;ann\u00e9e. Nous commen\u00e7ons toujours l&rsquo;ann\u00e9e au m\u00eame niveau, et nous pouvons d\u00e9velopper la moto en m\u00eame temps. R\u00e9cemment, il y avait quelques diff\u00e9rences.<\/p>\n<p>Je ne sais pas vraiment pourquoi, mais c&rsquo;est difficile d&rsquo;anticiper comment les choses vont \u00e9voluer pour l&rsquo;ann\u00e9e prochaine, ou m\u00eame dans deux ans. Mais j&rsquo;accepte aussi que si cela avance un peu plus vite pour l&rsquo;\u00e9quipe d&rsquo;usine, je m&rsquo;adapterai. Durant l&rsquo;\u00e9t\u00e9, j&rsquo;ai clairement senti qu&rsquo;un soutien plus important serait n\u00e9cessaire si je voulais viser de meilleurs r\u00e9sultats, mais la strat\u00e9gie est un peu diff\u00e9rente chez Honda.<\/p>\n<p>Je vais \u00eatre plus concentr\u00e9 sur le travail que nous devons faire avec LCR, mais je ne pense pas que nous allons essayer plus de choses que l&rsquo;\u00e9quipe d&rsquo;usine. Il y aura toujours de bons d\u00e9parts, des d\u00e9parts solides, car LCR n&rsquo;a jamais eu cela avant, un soutien \u00e9norme comme \u00e7a d\u00e8s le d\u00e9but de la saison, m\u00eame en cours de saison. Et ensuite, nous verrons comment les choses \u00e9voluent de la moiti\u00e9 \u00e0 la fin de la saison.<\/p>\n<p>Lire aussi :<\/p>\n<p>Dans cet article<\/p>\n<p>Soyez le premier inform\u00e9 et souscrivez aux alertes mails pour recevoir les infos en temps r\u00e9el<\/p>\n<p>    S&rsquo;abonner aux alertes de news<\/p>\n","protected":false},"excerpt":{"rendered":"\u00c0 l&rsquo;occasion de son renouvellement de contrat avec le team LCR, Johann Zarco est revenu sur les motivations&hellip;\n","protected":false},"author":2,"featured_media":366634,"comment_status":"","ping_status":"","sticky":false,"template":"","format":"standard","meta":{"footnotes":""},"categories":[1413],"tags":[50116,1011,27,1741,1457,1456,1458,50117,60,3771],"class_list":{"0":"post-366633","1":"post","2":"type-post","3":"status-publish","4":"format-standard","5":"has-post-thumbnail","7":"category-moto","8":"tag-dernier-contrat-pour-zarco-en-motogpu00a0u00a0oui","9":"tag-fr","10":"tag-france","11":"tag-johann-zarco","12":"tag-moto","13":"tag-motocycle","14":"tag-motogp","15":"tag-pour-le-moment","16":"tag-sports","17":"tag-team-lcr"},"share_on_mastodon":{"url":"https:\/\/pubeurope.com\/@fr\/115148154796904128","error":""},"_links":{"self":[{"href":"https:\/\/www.europesays.com\/fr\/wp-json\/wp\/v2\/posts\/366633","targetHints":{"allow":["GET"]}}],"collection":[{"href":"https:\/\/www.europesays.com\/fr\/wp-json\/wp\/v2\/posts"}],"about":[{"href":"https:\/\/www.europesays.com\/fr\/wp-json\/wp\/v2\/types\/post"}],"author":[{"embeddable":true,"href":"https:\/\/www.europesays.com\/fr\/wp-json\/wp\/v2\/users\/2"}],"replies":[{"embeddable":true,"href":"https:\/\/www.europesays.com\/fr\/wp-json\/wp\/v2\/comments?post=366633"}],"version-history":[{"count":0,"href":"https:\/\/www.europesays.com\/fr\/wp-json\/wp\/v2\/posts\/366633\/revisions"}],"wp:featuredmedia":[{"embeddable":true,"href":"https:\/\/www.europesays.com\/fr\/wp-json\/wp\/v2\/media\/366634"}],"wp:attachment":[{"href":"https:\/\/www.europesays.com\/fr\/wp-json\/wp\/v2\/media?parent=366633"}],"wp:term":[{"taxonomy":"category","embeddable":true,"href":"https:\/\/www.europesays.com\/fr\/wp-json\/wp\/v2\/categories?post=366633"},{"taxonomy":"post_tag","embeddable":true,"href":"https:\/\/www.europesays.com\/fr\/wp-json\/wp\/v2\/tags?post=366633"}],"curies":[{"name":"wp","href":"https:\/\/api.w.org\/{rel}","templated":true}]}}