{"id":366637,"date":"2025-09-04T21:30:22","date_gmt":"2025-09-04T21:30:22","guid":{"rendered":"https:\/\/www.europesays.com\/fr\/366637\/"},"modified":"2025-09-04T21:30:22","modified_gmt":"2025-09-04T21:30:22","slug":"pourquoi-la-formation-israel-premier-tech-ne-se-retirera-pas-de-la-vuelta","status":"publish","type":"post","link":"https:\/\/www.europesays.com\/fr\/366637\/","title":{"rendered":"pourquoi la formation Israel-Premier Tech ne se retirera pas de la Vuelta"},"content":{"rendered":"<p>Mercredi, la formation Israel-Premier Tech a \u00e9t\u00e9 vis\u00e9e par des manifestations pro-Palestine perturbant le d\u00e9roulement de la 11e \u00e9tape de l&rsquo;\u00e9preuve. Si les organisateurs de la course souhaitent que l\u2019\u00e9quipe se retire, difficile d\u2019imaginer la formation de Sylvan Adams ne pas terminer cette 80e \u00e9dition de la Vuelta.\u00a0<\/p>\n<p>Une chute, une \u00e9tape neutralis\u00e9e, <a href=\"https:\/\/rmcsport.bfmtv.com\/cyclisme\/tour-d-espagne\/nous-avons-recu-des-menaces-de-mort-nous-avons-peur-comment-israel-premier-tech-vit-les-manifestations-pro-palestiniennes-sur-la-vuelta_AV-202509040278.html\" title=\"&quot;Nous avons re\u00e7u des menaces de mort, nous avons peur&quot;, comment Isra\u00ebl-Premier Tech vit les manifestations pro-palestiniennes sur la Vuelta\" class=\"internal_link\" rel=\"nofollow noopener\" target=\"_blank\">la formation Israel-Premier Tech peut-elle abdiquer<\/a> avant que la situation ne d\u00e9g\u00e9n\u00e8re davantage? C\u2019est ce que sous-entendait mercredi, le directeur technique de la course, Kiko Garcia: \u201cQue l\u2019\u00e9quipe Israel se rende compte que sa pr\u00e9sence ici ne facilite pas la s\u00e9curit\u00e9 de l\u2019ensemble du peloton\u201d, d\u00e9clare t-il au micro de la radio Cadena Ser.\u00a0<\/p>\n<ul class=\"list_unordered\">\n<li><strong>Le syndicat des coureurs et les \u00e9quipes contre un retrait<\/strong><\/li>\n<\/ul>\n<p>Ces propos, Pascal Chanteur, vice-pr\u00e9sident du syndicat des coureurs (CPA), ne les cautionne pas. \u00ab\u00a0Si Israel-Premier Tech se retire, c\u2019est un scandale. Ce serait la fin de l\u2019\u00e9quipe parce qu\u2019ils ne pourront plus revenir sur d\u2019autres courses.\u00a0\u00bb Une vision partag\u00e9e dans les \u00e9quipes. \u00ab\u00a0La majorit\u00e9 des coureurs soutiennent leurs coll\u00e8gues. Une course cycliste n\u2019est pas un lieu de revendication. La situation \u00e0 Gaza est dramatique mais les coureurs n\u2019y sont pour rien\u00a0\u00bb, d\u00e9plore-t-on dans les formations fran\u00e7aises. Certains s\u2019inqui\u00e8tent m\u00eame que le retrait d\u2019Israel-Premier Tech encourage d\u2019autres mouvements. \u00ab\u00a0Les \u00e9cologistes contre TotalEnergies, des protestations contre Bahre\u00efn\u2026 le cyclisme doit \u00eatre sanctuaris\u00e9 par rapport \u00e0 des situations politiques.\u00a0\u00bb<\/p>\n<ul class=\"list_unordered\">\n<li><strong>L\u2019UCI soutient la formation<\/strong><\/li>\n<\/ul>\n<p>Si l\u2019organisation de la course ne dispose d\u2019aucun droit pour renvoyer une \u00e9quipe, l\u2019Union cycliste internationale, elle, pourrait l\u2019imposer. En 2022, l\u2019organisme avait notamment pris la d\u00e9cision d\u2019exclure les \u00e9quipes russes de ses courses, tant que la guerre en Ukraine n\u2019aurait pas cess\u00e9. \u00ab\u00a0L\u2019UCI devra d\u00e9cider si elle doit prot\u00e9ger une course internationale comme la Vuelta ou plut\u00f4t une seule \u00e9quipe\u00a0\u00bb, ajoutait Kiko Garcia dans la presse espagnole mercredi. Un appel ignor\u00e9 par l\u2019UCI qui a, \u00e0 son tour, publi\u00e9 un communiqu\u00e9 rappelant sa \u201cneutralit\u00e9 politique\u201d.<\/p>\n<ul class=\"list_unordered\">\n<li><strong>Israel-Premier Tech n\u2019a pas l\u2019intention d\u2019abdiquer<\/strong><\/li>\n<\/ul>\n<p>La d\u00e9cision revient donc \u00e0 l\u2019\u00e9quipe qui ne semble pas d\u00e9cid\u00e9e \u00e0 se retirer. Malgr\u00e9 les protestations et insultes, visant notamment Sylvan Adams, proche de Benyamin Netanyahu, propri\u00e9taire de l\u2019\u00e9quipe et ambassadeur autoproclam\u00e9 de l\u2019Etat h\u00e9breu, un abandon n\u2019est pas envisag\u00e9. \u00ab\u00a0Israel-Premier Tech est une \u00e9quipe cycliste professionnelle et en tant que telle reste d\u00e9termin\u00e9e \u00e0 participer \u00e0 la Vuelta. Toute autre alternative cr\u00e9erait un pr\u00e9c\u00e9dent dangereux dans le sport cycliste non seulement pour Isra\u00ebl\u2013Premier Tech mais pour toutes les \u00e9quipes\u00a0\u00bb, d\u00e9clare l\u2019\u00e9quipe dans un communiqu\u00e9 mercredi.\u00a0<\/p>\n<p>Ce jeudi, pour la 12e \u00e9tape entre Laredo et Los Corrales de Buelna, nombreux \u00e9taient les manifestants pro-Palestine encore pr\u00e9sents sur les lignes de d\u00e9part et d\u2019arriv\u00e9e, sans incident \u00e0 d\u00e9plorer.<\/p>\n","protected":false},"excerpt":{"rendered":"Mercredi, la formation Israel-Premier Tech a \u00e9t\u00e9 vis\u00e9e par des manifestations pro-Palestine perturbant le d\u00e9roulement de la 11e&hellip;\n","protected":false},"author":2,"featured_media":366638,"comment_status":"","ping_status":"","sticky":false,"template":"","format":"standard","meta":{"footnotes":""},"categories":[1411],"tags":[1154,207,1011,27,60],"class_list":{"0":"post-366637","1":"post","2":"type-post","3":"status-publish","4":"format-standard","5":"has-post-thumbnail","7":"category-cyclisme","8":"tag-cycling","9":"tag-cyclisme","10":"tag-fr","11":"tag-france","12":"tag-sports"},"share_on_mastodon":{"url":"https:\/\/pubeurope.com\/@fr\/115148162625311106","error":""},"_links":{"self":[{"href":"https:\/\/www.europesays.com\/fr\/wp-json\/wp\/v2\/posts\/366637","targetHints":{"allow":["GET"]}}],"collection":[{"href":"https:\/\/www.europesays.com\/fr\/wp-json\/wp\/v2\/posts"}],"about":[{"href":"https:\/\/www.europesays.com\/fr\/wp-json\/wp\/v2\/types\/post"}],"author":[{"embeddable":true,"href":"https:\/\/www.europesays.com\/fr\/wp-json\/wp\/v2\/users\/2"}],"replies":[{"embeddable":true,"href":"https:\/\/www.europesays.com\/fr\/wp-json\/wp\/v2\/comments?post=366637"}],"version-history":[{"count":0,"href":"https:\/\/www.europesays.com\/fr\/wp-json\/wp\/v2\/posts\/366637\/revisions"}],"wp:featuredmedia":[{"embeddable":true,"href":"https:\/\/www.europesays.com\/fr\/wp-json\/wp\/v2\/media\/366638"}],"wp:attachment":[{"href":"https:\/\/www.europesays.com\/fr\/wp-json\/wp\/v2\/media?parent=366637"}],"wp:term":[{"taxonomy":"category","embeddable":true,"href":"https:\/\/www.europesays.com\/fr\/wp-json\/wp\/v2\/categories?post=366637"},{"taxonomy":"post_tag","embeddable":true,"href":"https:\/\/www.europesays.com\/fr\/wp-json\/wp\/v2\/tags?post=366637"}],"curies":[{"name":"wp","href":"https:\/\/api.w.org\/{rel}","templated":true}]}}