{"id":366639,"date":"2025-09-04T21:31:11","date_gmt":"2025-09-04T21:31:11","guid":{"rendered":"https:\/\/www.europesays.com\/fr\/366639\/"},"modified":"2025-09-04T21:31:11","modified_gmt":"2025-09-04T21:31:11","slug":"psg-un-dernier-coup-venu-de-bundesliga-avorte-en-fin-de-mercato","status":"publish","type":"post","link":"https:\/\/www.europesays.com\/fr\/366639\/","title":{"rendered":"PSG : un dernier coup venu de Bundesliga avort\u00e9 en fin de mercato"},"content":{"rendered":"<p><strong>Le <a href=\"https:\/\/www.butfootballclub.fr\/616745-psg-coup-dur-pour-fabian-ruiz\/\" rel=\"noopener\" target=\"_blank\">Paris Saint-Germain<\/a> a bien tent\u00e9 de bouger une derni\u00e8re fois dans les ultimes heures du mercato en sondant une opportunit\u00e9 en Bundesliga, avec l\u2019id\u00e9e de rapatrier un joueur d\u2019exp\u00e9rience.\u00a0<\/strong><\/p>\n<p>Le <a href=\"https:\/\/www.butfootballclub.fr\/616776-psg-mercato-kolo-muani-prete-a-tottenham-soler-sen-va-aussi\" rel=\"noopener\" target=\"_blank\">PSG<\/a> a \u00e9t\u00e9 plut\u00f4t discret au cours du mercato mais a toutefois tent\u00e9 un dernier coup fumant dans sa derni\u00e8re ligne droite. Celle-ci n\u2019a pas pu aboutir. Selon PSG Inside Actus, le club de la capitale a sond\u00e9 une opportunit\u00e9 en Bundesliga, avec l\u2019id\u00e9e de rapatrier un joueur d\u2019exp\u00e9rience.Mais faute de temps pour le club allemand concern\u00e9 de lui trouver un rempla\u00e7ant, l\u2019op\u00e9ration a finalement capot\u00e9.<\/p>\n<p>Le profil correspondait parfaitement aux besoins de Luis Enrique. Le technicien espagnol souhaitait en effet ajouter un renfort suppl\u00e9mentaire, capable d\u2019apporter de la profondeur \u00e0 un secteur encore jug\u00e9 un peu juste. Mais le timing a \u00e9t\u00e9 fatal. Le club vendeur, d\u00e9j\u00e0 contraint par un effectif limit\u00e9 et le peu de temps restant avant la fermeture du march\u00e9, a rapidement ferm\u00e9 la porte. Sans solution de rechange imm\u00e9diate, il n\u2019\u00e9tait pas question de fragiliser son groupe en laissant filer un cadre au dernier moment.<\/p>\n<p>C\u00f4t\u00e9 parisien, on assure que l\u2019op\u00e9ration n\u2019aurait de toute fa\u00e7on pas boulevers\u00e9 l\u2019\u00e9quilibre global du mercato, plut\u00f4t satisfaisant au regard des arriv\u00e9es enregistr\u00e9es cet \u00e9t\u00e9. Mais ce contretemps illustre bien la nouvelle strat\u00e9gie du <a href=\"https:\/\/www.butfootballclub.fr\/616799-psg-mercato-paris-a-frappe-un-dernier-coup-de-derniere-minute\/\" rel=\"noopener\" target=\"_blank\">PSG<\/a> : saisir des coups malins, sans tomber dans la pr\u00e9cipitation ni la surench\u00e8re. Une chose est s\u00fbre : ce dernier rebondissement prouve que Paris n\u2019a jamais vraiment quitt\u00e9 son t\u00e9l\u00e9phone jusqu\u2019au dernier moment. Mais cette fois, la Bundesliga n\u2019a pas ouvert ses portes\u2026<\/p>\n","protected":false},"excerpt":{"rendered":"Le Paris Saint-Germain a bien tent\u00e9 de bouger une derni\u00e8re fois dans les ultimes heures du mercato en&hellip;\n","protected":false},"author":2,"featured_media":366640,"comment_status":"","ping_status":"","sticky":false,"template":"","format":"standard","meta":{"footnotes":""},"categories":[1410],"tags":[11,448,63,1011,27,66,3388,12,60,10662],"class_list":{"0":"post-366639","1":"post","2":"type-post","3":"status-publish","4":"format-standard","5":"has-post-thumbnail","7":"category-football","8":"tag-actualites","9":"tag-champions-league","10":"tag-football","11":"tag-fr","12":"tag-france","13":"tag-ligue-1","14":"tag-matchs","15":"tag-news","16":"tag-sports","17":"tag-transferts"},"share_on_mastodon":{"url":"https:\/\/pubeurope.com\/@fr\/115148166513716576","error":""},"_links":{"self":[{"href":"https:\/\/www.europesays.com\/fr\/wp-json\/wp\/v2\/posts\/366639","targetHints":{"allow":["GET"]}}],"collection":[{"href":"https:\/\/www.europesays.com\/fr\/wp-json\/wp\/v2\/posts"}],"about":[{"href":"https:\/\/www.europesays.com\/fr\/wp-json\/wp\/v2\/types\/post"}],"author":[{"embeddable":true,"href":"https:\/\/www.europesays.com\/fr\/wp-json\/wp\/v2\/users\/2"}],"replies":[{"embeddable":true,"href":"https:\/\/www.europesays.com\/fr\/wp-json\/wp\/v2\/comments?post=366639"}],"version-history":[{"count":0,"href":"https:\/\/www.europesays.com\/fr\/wp-json\/wp\/v2\/posts\/366639\/revisions"}],"wp:featuredmedia":[{"embeddable":true,"href":"https:\/\/www.europesays.com\/fr\/wp-json\/wp\/v2\/media\/366640"}],"wp:attachment":[{"href":"https:\/\/www.europesays.com\/fr\/wp-json\/wp\/v2\/media?parent=366639"}],"wp:term":[{"taxonomy":"category","embeddable":true,"href":"https:\/\/www.europesays.com\/fr\/wp-json\/wp\/v2\/categories?post=366639"},{"taxonomy":"post_tag","embeddable":true,"href":"https:\/\/www.europesays.com\/fr\/wp-json\/wp\/v2\/tags?post=366639"}],"curies":[{"name":"wp","href":"https:\/\/api.w.org\/{rel}","templated":true}]}}