{"id":366645,"date":"2025-09-04T21:34:22","date_gmt":"2025-09-04T21:34:22","guid":{"rendered":"https:\/\/www.europesays.com\/fr\/366645\/"},"modified":"2025-09-04T21:34:22","modified_gmt":"2025-09-04T21:34:22","slug":"le-livre-de-kells-chronique-dune-france-oubliee","status":"publish","type":"post","link":"https:\/\/www.europesays.com\/fr\/366645\/","title":{"rendered":"\u00abLe livre de Kells\u00bb, chronique d\u2019une France oubli\u00e9e"},"content":{"rendered":"<p>Entre le moment o\u00f9 il a claqu\u00e9 la porte du foyer familial \u00e0 l\u2019\u00e2ge de 17 ans, en 1970, et celui o\u00f9 il a rejoint le journal Lib\u00e9ration alors \u00e0 ses premiers instants, en 1973, Sorj Chalandon a commenc\u00e9 par vivre dans la rue. Il en a \u00e9t\u00e9 sorti par les maos de la Gauche prol\u00e9tarienne, aupr\u00e8s de qui il a trouv\u00e9 une famille \u00e9lective, un toit et des causes \u00e0 d\u00e9fendre. De ces ann\u00e9es pour lui d\u00e9cisives, tumultueuses et violentes pour la soci\u00e9t\u00e9 fran\u00e7aise, Le livre de Kells fait le r\u00e9cit.<\/p>\n<p>Tourner le dos \u00e0 une enfance meurtrie \u2013 sujet de ses romans Le Petit Bonzi et Profession du p\u00e8re \u2013 v\u00e9cue sous la coupe, et les coups, d\u2019un p\u00e8re violent, raciste et antis\u00e9mite. Oublier une m\u00e8re soumise qui n\u2019a pas eu pour lui le moindre geste de tendresse ni lui a laiss\u00e9 le souvenir de son odeur. Puis, un peu Rimbaud, un peu Kerouac, partir vivre des jours faciles et ensoleill\u00e9s, suivre le r\u00eave hippie en route pour Ibiza et Katmandou.<\/p>\n","protected":false},"excerpt":{"rendered":"Entre le moment o\u00f9 il a claqu\u00e9 la porte du foyer familial \u00e0 l\u2019\u00e2ge de 17 ans, en&hellip;\n","protected":false},"author":2,"featured_media":366646,"comment_status":"","ping_status":"","sticky":false,"template":"","format":"standard","meta":{"footnotes":""},"categories":[1357],"tags":[1379,58,59,3297,1011,27,1380,301],"class_list":{"0":"post-366645","1":"post","2":"type-post","3":"status-publish","4":"format-standard","5":"has-post-thumbnail","7":"category-livres","8":"tag-books","9":"tag-divertissement","10":"tag-entertainment","11":"tag-entre-temps","12":"tag-fr","13":"tag-france","14":"tag-livres","15":"tag-premium"},"share_on_mastodon":{"url":"https:\/\/pubeurope.com\/@fr\/115148178349872173","error":""},"_links":{"self":[{"href":"https:\/\/www.europesays.com\/fr\/wp-json\/wp\/v2\/posts\/366645","targetHints":{"allow":["GET"]}}],"collection":[{"href":"https:\/\/www.europesays.com\/fr\/wp-json\/wp\/v2\/posts"}],"about":[{"href":"https:\/\/www.europesays.com\/fr\/wp-json\/wp\/v2\/types\/post"}],"author":[{"embeddable":true,"href":"https:\/\/www.europesays.com\/fr\/wp-json\/wp\/v2\/users\/2"}],"replies":[{"embeddable":true,"href":"https:\/\/www.europesays.com\/fr\/wp-json\/wp\/v2\/comments?post=366645"}],"version-history":[{"count":0,"href":"https:\/\/www.europesays.com\/fr\/wp-json\/wp\/v2\/posts\/366645\/revisions"}],"wp:featuredmedia":[{"embeddable":true,"href":"https:\/\/www.europesays.com\/fr\/wp-json\/wp\/v2\/media\/366646"}],"wp:attachment":[{"href":"https:\/\/www.europesays.com\/fr\/wp-json\/wp\/v2\/media?parent=366645"}],"wp:term":[{"taxonomy":"category","embeddable":true,"href":"https:\/\/www.europesays.com\/fr\/wp-json\/wp\/v2\/categories?post=366645"},{"taxonomy":"post_tag","embeddable":true,"href":"https:\/\/www.europesays.com\/fr\/wp-json\/wp\/v2\/tags?post=366645"}],"curies":[{"name":"wp","href":"https:\/\/api.w.org\/{rel}","templated":true}]}}