{"id":366647,"date":"2025-09-04T21:35:11","date_gmt":"2025-09-04T21:35:11","guid":{"rendered":"https:\/\/www.europesays.com\/fr\/366647\/"},"modified":"2025-09-04T21:35:11","modified_gmt":"2025-09-04T21:35:11","slug":"tout-beau-tout-neuf-il-nous-prend-pour-des-jambons-hanouna-mensonge-magouille-et-compagnie-cest-la-preuve-quil-ne-reviendra-jamais-a-la-tele-ils-nont-aucune-confi","status":"publish","type":"post","link":"https:\/\/www.europesays.com\/fr\/366647\/","title":{"rendered":"Tout beau tout neuf &#8211; \u00ab\u00a0Il nous prend pour des jambons Hanouna\u00a0\u00bb, \u00ab\u00a0Mensonge, magouille et compagnie\u00a0\u00bb, \u00ab\u00a0C\u2019est la preuve qu\u2019il ne reviendra jamais \u00e0 la t\u00e9l\u00e9, ils n\u2019ont aucune confiance\u00a0\u00bb, \u00ab\u00a0W9 ne veut pas de proc\u00e8s\u00a0\u00bb : les internautes fustigent la s\u00e9quence enregistr\u00e9e de Matthieu Delormeau"},"content":{"rendered":"<p class=\"mb-4 text-lg md:leading-8 break-words\"><a data-i13n=\"cpos:1;pos:1\" href=\"https:\/\/fr.news.yahoo.com\/tbt9-premier-clash-l%C3%A9mission-w9-110000123.html\" data-ylk=\"slk:Cyril Hanouna;cpos:1;pos:1;elm:context_link;itc:0;sec:content-canvas;outcm:mb_qualified_link;_E:mb_qualified_link;ct:story;\" class=\"link  yahoo-link\" target=\"_blank\" rel=\"noopener\">Cyril Hanouna<\/a> a sign\u00e9 son grand retour \u00e0 la t\u00e9l\u00e9vision, non plus sur C8 mais sur W9. Depuis ce lundi 1er septembre, l\u2019animateur pilote \u00ab\u00a0<a data-i13n=\"cpos:2;pos:1\" href=\"https:\/\/fr.news.yahoo.com\/tout-beau-tout-neuf-terriblement-genant-hanouna-le-ringard-ultime-un-desastre-je-suis-trop-genee-par-ce-que-je-vois-le-retour-de-cyril-hanouna-sur-w9-provoque-le-malaise-general-sur-la-toile-170649216.html\" data-ylk=\"slk:Tout beau tout neuf;cpos:2;pos:1;elm:context_link;itc:0;sec:content-canvas;outcm:mb_qualified_link;_E:mb_qualified_link;ct:story;\" class=\"link  yahoo-link\" target=\"_blank\" rel=\"noopener\">Tout beau tout neuf<\/a>\u00ab\u00a0, une nouvelle \u00e9mission qui reprend les codes de \u00ab\u00a0Touche pas \u00e0 mon poste\u00a0\u00bb tout en proposant un format remani\u00e9. Fid\u00e8le \u00e0 ses habitudes, il s\u2019est entour\u00e9 d\u2019une partie de <a data-i13n=\"cpos:3;pos:1\" href=\"https:\/\/fr.news.yahoo.com\/cyril-hanouna-r%C3%A9v%C3%A8le-raisons-l-104016072.html\" data-ylk=\"slk:ses anciens chroniqueurs;cpos:3;pos:1;elm:context_link;itc:0;sec:content-canvas;outcm:mb_qualified_link;_E:mb_qualified_link;ct:story;\" class=\"link  yahoo-link\" target=\"_blank\" rel=\"noopener\">ses anciens chroniqueurs<\/a>, tout en int\u00e9grant de nouvelles recrues.<\/p>\n<p class=\"mb-4 text-lg md:leading-8 break-words\">D\u00e8s la premi\u00e8re, une apparition surprise de <a data-i13n=\"cpos:4;pos:1\" href=\"https:\/\/fr.news.yahoo.com\/matthieu-delormeau-nouveau-absent-beau-062000495.html\" data-ylk=\"slk:Matthieu Delormeau;cpos:4;pos:1;elm:context_link;itc:0;sec:content-canvas;outcm:mb_qualified_link;_E:mb_qualified_link;ct:story;\" class=\"link  yahoo-link\" target=\"_blank\" rel=\"noopener\">Matthieu Delormeau<\/a> a marqu\u00e9 les esprits. L\u2019ex-chroniqueur devait revenir plus longuement pour s\u2019expliquer, mais sa venue a \u00e9t\u00e9 repouss\u00e9e \u00e0 deux reprises malgr\u00e9 un teasing quotidien. Finalement, mercredi 3 septembre, il a pris la parole sur X (ex-Twitter) pour rassurer son public : il a affirm\u00e9 aller \u00ab\u00a0tr\u00e8s bien\u00a0\u00bb et a promis une interview v\u00e9rit\u00e9 face \u00e0 Hanouna. \u00ab\u00a0Faites-moi confiance, je dirai TOUT\u00a0\u00bb, a-t-il \u00e9crit, expliquant que son passage avait \u00e9t\u00e9 report\u00e9 en raison du succ\u00e8s du programme et des ajustements du conducteur.<\/p>\n<p>Le grand retour de Matthieu Delormeau<\/p>\n<p class=\"mb-4 text-lg md:leading-8 break-words\">Ce jeudi 4 septembre, l\u2019attente a donc \u00e9t\u00e9 \u00e0 son comble : d\u00e8s le lancement de l\u2019\u00e9mission, Cyril Hanouna a annonc\u00e9 la venue de Matthieu Delormeau, pr\u00e9sent\u00e9 comme le moment fort de la soir\u00e9e. Et il aura fallu attendre 20h50 pour que l&rsquo;ex-chroniqueur pointe le bout de son nez.<\/p>\n<p class=\"mb-4 text-lg md:leading-8 break-words\">D\u00e8s son arriv\u00e9e, Matthieu Delormeau a tenu \u00e0 mettre les choses au clair. \u00ab\u00a0J\u2019avais pas fait de t\u00e9l\u00e9 depuis 2 ans, tu ne sais pas si les gens vont t\u2019aimer ou pas t\u2019aimer\u2026 Et puis ce que tu te prends apr\u00e8s. Pardon mais je ne me drogue plus, je fais du sport 1h par jour, le soir aussi, je suis plut\u00f4t en forme et le lendemain tu te prends dans la tronche &lsquo;bouffie&rsquo;, &lsquo;Il n\u2019arrive pas \u00e0 parler&rsquo;, mais qui sont ces gens ? Je les emm*rde !\u00a0\u00bb, a-t-il lanc\u00e9, visiblement tr\u00e8s remont\u00e9 contre les critiques de son apparition de lundi.<\/p>\n<p>Un t\u00e9moignage poignant sur l\u2019addiction<\/p>\n<p class=\"mb-4 text-lg md:leading-8 break-words\">Tr\u00e8s vite, le ton s\u2019est fait plus grave. Matthieu Delormeau a livr\u00e9 un t\u00e9moignage poignant sur son addiction pass\u00e9e et ses deux ann\u00e9es d\u2019enfer. Il a expliqu\u00e9 s\u2019\u00eatre retrouv\u00e9 prisonnier d\u2019une substance qui, selon lui, \u00ab\u00a0rend accro en tr\u00e8s peu de temps\u00a0\u00bb. \u00ab\u00a0Et une fois que tu es addict, c\u2019est la pire chose du monde\u00a0\u00bb, a-t-il insist\u00e9, avant de mettre en garde les plus jeunes : \u00ab\u00a0Les six premiers mois, tu crois que tu travailles deux fois plus vite, tu te sens invincible. Mais apr\u00e8s, le produit t\u2019entra\u00eene dans une d\u00e9pression et tu finis par en reprendre juste pour sortir de cette d\u00e9pression. Ton cerveau, c\u2019est pas ton ami, il veut son produit\u00a0\u00bb.<\/p>\n<p class=\"mb-4 text-lg md:leading-8 break-words\">L\u2019animateur est \u00e9galement revenu sur ses trois passages en garde \u00e0 vue, ses cures de d\u00e9sintoxication, la solitude ressentie quand \u00ab\u00a0tout le monde [lui] a tourn\u00e9 le dos\u00a0\u00bb, ainsi que l\u2019affaire de la vid\u00e9o intime publi\u00e9e sur les r\u00e9seaux sociaux. Autant d\u2019\u00e9pisodes qu\u2019il a d\u00e9crits comme des moments o\u00f9 il avait \u00ab\u00a0touch\u00e9 le fond\u00a0\u00bb.<\/p>\n<p>Un passage enregistr\u00e9, pas en direct<\/p>\n<p class=\"mb-4 text-lg md:leading-8 break-words\">Mais si ses confidences ont marqu\u00e9 les t\u00e9l\u00e9spectateurs, un d\u00e9tail n\u2019a pas \u00e9chapp\u00e9 aux internautes : contrairement au reste de l\u2019\u00e9mission, la s\u00e9quence avec Matthieu Delormeau n\u2019\u00e9tait pas diffus\u00e9e en direct, mais enregistr\u00e9e. \u00c0 l\u2019\u00e9cran, le traditionnel logo \u00ab\u00a0direct\u00a0\u00bb avait m\u00eame \u00e9t\u00e9 remplac\u00e9 par \u00ab\u00a0in\u00e9dit\u00a0\u00bb.<\/p>\n<p class=\"mb-4 text-lg md:leading-8 break-words\">Un choix qui a fait vivement r\u00e9agir sur X (ancien Twitter). \u00ab\u00a0Ils n\u2019ont pas mis l\u2019\u00e9mission en direct par peur que Delormeau d\u00e9rape\u00a0\u00bb, a estim\u00e9 un internaute. \u00ab\u00a0C\u2019est camoufler des choses, c\u2019est triste d\u2019en venir l\u00e0\u00a0\u00bb, a ajout\u00e9 un autre. Beaucoup ont vu dans cette d\u00e9cision un signe de m\u00e9fiance de la production, certains allant jusqu\u2019\u00e0 affirmer que cela prouvait que l\u2019ex-chroniqueur \u00ab\u00a0ne reviendrait jamais autour de la table\u00a0\u00bb. D\u2019autres, plus compr\u00e9hensifs, ont jug\u00e9 cette pr\u00e9caution l\u00e9gitime au vu de la fragilit\u00e9 de l\u2019animateur et de la sensibilit\u00e9 de son t\u00e9moignage.<\/p>\n","protected":false},"excerpt":{"rendered":"Cyril Hanouna a sign\u00e9 son grand retour \u00e0 la t\u00e9l\u00e9vision, non plus sur C8 mais sur W9. Depuis&hellip;\n","protected":false},"author":2,"featured_media":366648,"comment_status":"","ping_status":"","sticky":false,"template":"","format":"standard","meta":{"footnotes":""},"categories":[1356],"tags":[1083,58,59,1011,27,7830,44040,252,549,1364,2395],"class_list":{"0":"post-366647","1":"post","2":"type-post","3":"status-publish","4":"format-standard","5":"has-post-thumbnail","7":"category-television","8":"tag-cyril-hanouna","9":"tag-divertissement","10":"tag-entertainment","11":"tag-fr","12":"tag-france","13":"tag-matthieu-delormeau","14":"tag-nouvelle-emission","15":"tag-television","16":"tag-touche-pas-a-mon-poste","17":"tag-tv","18":"tag-w9"},"share_on_mastodon":{"url":"https:\/\/pubeurope.com\/@fr\/115148182270161732","error":""},"_links":{"self":[{"href":"https:\/\/www.europesays.com\/fr\/wp-json\/wp\/v2\/posts\/366647","targetHints":{"allow":["GET"]}}],"collection":[{"href":"https:\/\/www.europesays.com\/fr\/wp-json\/wp\/v2\/posts"}],"about":[{"href":"https:\/\/www.europesays.com\/fr\/wp-json\/wp\/v2\/types\/post"}],"author":[{"embeddable":true,"href":"https:\/\/www.europesays.com\/fr\/wp-json\/wp\/v2\/users\/2"}],"replies":[{"embeddable":true,"href":"https:\/\/www.europesays.com\/fr\/wp-json\/wp\/v2\/comments?post=366647"}],"version-history":[{"count":0,"href":"https:\/\/www.europesays.com\/fr\/wp-json\/wp\/v2\/posts\/366647\/revisions"}],"wp:featuredmedia":[{"embeddable":true,"href":"https:\/\/www.europesays.com\/fr\/wp-json\/wp\/v2\/media\/366648"}],"wp:attachment":[{"href":"https:\/\/www.europesays.com\/fr\/wp-json\/wp\/v2\/media?parent=366647"}],"wp:term":[{"taxonomy":"category","embeddable":true,"href":"https:\/\/www.europesays.com\/fr\/wp-json\/wp\/v2\/categories?post=366647"},{"taxonomy":"post_tag","embeddable":true,"href":"https:\/\/www.europesays.com\/fr\/wp-json\/wp\/v2\/tags?post=366647"}],"curies":[{"name":"wp","href":"https:\/\/api.w.org\/{rel}","templated":true}]}}