{"id":366649,"date":"2025-09-04T21:36:11","date_gmt":"2025-09-04T21:36:11","guid":{"rendered":"https:\/\/www.europesays.com\/fr\/366649\/"},"modified":"2025-09-04T21:36:11","modified_gmt":"2025-09-04T21:36:11","slug":"la-premiere-radio-de-france-va-se-decliner-en-version-pour-les-enfants","status":"publish","type":"post","link":"https:\/\/www.europesays.com\/fr\/366649\/","title":{"rendered":"la premi\u00e8re radio de France va se d\u00e9cliner en version pour les enfants"},"content":{"rendered":"<p>        <img decoding=\"async\" loading=\"lazy\" src=\"https:\/\/www.europesays.com\/fr\/wp-content\/uploads\/2025\/09\/14a2345_1682881018863-000-par8321542.jpg\"  width=\"728\" height=\"410\" alt=\"\u00ab\u00a0Mon petit\u00a0France\u00a0Inter\u00a0\u00bb, une radio num\u00e9rique publique destin\u00e9e aux enfants \u00e0 partir de six ans, sera lanc\u00e9e en octobre 2025. (Photo d\u2019illustration)\"\/>  <\/p>\n<p>JOEL SAGET \/ AFP<\/p>\n<p>\u00ab\u00a0Mon petit\u00a0France\u00a0Inter\u00a0\u00bb, une radio num\u00e9rique publique destin\u00e9e aux enfants \u00e0 partir de six ans, sera lanc\u00e9e en octobre 2025. (Photo d\u2019illustration)<\/p>\n<p class=\"asset asset-text\">M\u00c9DIAS &#8211; Une mani\u00e8re de rajeunir l\u2019audimat. Mon petit\u00a0<a href=\"https:\/\/www.huffingtonpost.fr\/medias\/article\/france-inter-la-premiere-de-la-nouvelle-matinale-de-nicolas-demorand-ne-s-est-passee-comme-prevu_253944.html\" target=\"_blank\" rel=\"noopener\">France\u00a0Inter<\/a>, une radio num\u00e9rique publique destin\u00e9e aux enfants \u00e0 partir de six ans, sera lanc\u00e9e en octobre au d\u00e9but des vacances de la Toussaint, a annonc\u00e9 ce jeudi 4\u00a0septembre la pr\u00e9sidente du groupe Radio\u00a0France, <a href=\"https:\/\/www.huffingtonpost.fr\/medias\/article\/une-greve-illimitee-a-la-rentree-chez-radio-france-les-syndicats-menacent_253900.html\" target=\"_blank\" rel=\"noopener\">Sibyle Veil.<\/a><\/p>\n<p class=\"asset asset-text\">\u00ab\u00a0Nous avons d\u00e9cid\u00e9 (&#8230;) de cr\u00e9er une v\u00e9ritable nouvelle radio de service public pour les enfants\u00a0\u00bb, qu\u2019ils pourront \u00ab\u00a0\u00e9couter en direct, toute la journ\u00e9e\u00a0\u00bb, a d\u00e9clar\u00e9 Sybile Veil lors de la conf\u00e9rence de rentr\u00e9e du groupe public. Cela correspond \u00e0 la volont\u00e9 de proposer \u00ab\u00a0une offre alternative aux \u00e9crans\u00a0\u00bb, a-t-elle insist\u00e9.<\/p>\n<p class=\"asset asset-text\">Ce lancement sera suivi dans les prochains mois par celui d\u2019une webradio pour enfants encore plus jeunes, \u00e0 partir de deux ans,\u00a0Mon tout petit\u00a0France\u00a0Inter, a ajout\u00e9 Ad\u00e8le Van Reeth, la directrice de\u00a0France\u00a0Inter, dont les \u00e9quipes portent ces projets.<\/p>\n<p>    Beaucoup de musiques et d\u2019histoires    <\/p>\n<p class=\"asset asset-text\">Selon Ad\u00e8le Van Reeth, Mon petit\u00a0France\u00a0Inter\u00a0sera lanc\u00e9e en deux \u00e9tapes. D\u2019abord sous forme d\u2019une webradio en ligne \u00ab\u00a0au d\u00e9but des vacances de la Toussaint\u00a0\u00bb (18 octobre &#8211; 3 novembre). Puis, \u00ab\u00a0dans un an\u00a0\u00bb, cette station disposera d\u2019une fr\u00e9quence DAB+ (la nouvelle norme de diffusion num\u00e9rique de la radio vou\u00e9e \u00e0 remplacer la FM).<\/p>\n<p class=\"asset asset-text\">\u00ab\u00a0On y entendra uniquement des histoires et de la musique\u00a0\u00bb, a d\u00e9velopp\u00e9 la patronne de\u00a0France\u00a0Inter, premi\u00e8re radio du pays.<\/p>\n<p class=\"asset asset-text\">D\u2019une part, Mon petit\u00a0France\u00a0Inter\u00a0proposera \u00ab\u00a0tous les contenus jeunesse de toutes les antennes Radio\u00a0France\u00a0\u00bb, a expliqu\u00e9 Ad\u00e8le Van Reeth, en citant les \u00e9missions et podcasts pour enfants \u00ab\u00a0Les Odyss\u00e9es\u00a0\u00bb, \u00ab\u00a0Le petit Nicolas\u00a0\u00bb, \u00ab\u00a0Les P\u2019tits bateaux\u00a0\u00bb, \u00ab\u00a0Octave et M\u00e9lo\u00a0\u00bb, \u00ab\u00a0Bestioles\u00a0\u00bb ou \u00ab\u00a0Les aventures de Tina\u00a0\u00bb.<\/p>\n<p class=\"asset asset-text\">La musique, elle, sera \u00ab\u00a0concoct\u00e9e sur mesure par les programmateurs musicaux de\u00a0France\u00a0Inter, qui allieront les tubes qu\u2019\u00e9coutent vos enfants mais aussi les tubes que vous \u00e9coutiez \u00e0 leur \u00e2ge\u00a0\u00bb, a-t-elle poursuivi.<\/p>\n<p class=\"asset asset-text\">Ad\u00e8le Van Reeth, 42 ans, dit avoir avoir elle-m\u00eame appris \u00e0 aimer la radio gr\u00e2ce \u00e0 la station pour enfants Superloustic, disparue en 1992. \u00ab\u00a0Les enfants d\u2019aujourd\u2019hui sont nos auditeurs de demain\u00a0\u00bb, a-t-elle conclu, alors que le rajeunissement de l\u2019auditoire est un enjeu crucial pour les radios.<\/p>\n","protected":false},"excerpt":{"rendered":"JOEL SAGET \/ AFP \u00ab\u00a0Mon petit\u00a0France\u00a0Inter\u00a0\u00bb, une radio num\u00e9rique publique destin\u00e9e aux enfants \u00e0 partir de six ans,&hellip;\n","protected":false},"author":2,"featured_media":366650,"comment_status":"","ping_status":"","sticky":false,"template":"","format":"standard","meta":{"footnotes":""},"categories":[1355],"tags":[251,58,1719,59,1011,27,9102,500,1361,873,1825,10316],"class_list":{"0":"post-366649","1":"post","2":"type-post","3":"status-publish","4":"format-standard","5":"has-post-thumbnail","7":"category-musique","8":"tag-culture","9":"tag-divertissement","10":"tag-enfants","11":"tag-entertainment","12":"tag-fr","13":"tag-france","14":"tag-france-inter","15":"tag-medias","16":"tag-music","17":"tag-musique","18":"tag-radio","19":"tag-radio-france"},"share_on_mastodon":{"url":"https:\/\/pubeurope.com\/@fr\/115148186275694159","error":""},"_links":{"self":[{"href":"https:\/\/www.europesays.com\/fr\/wp-json\/wp\/v2\/posts\/366649","targetHints":{"allow":["GET"]}}],"collection":[{"href":"https:\/\/www.europesays.com\/fr\/wp-json\/wp\/v2\/posts"}],"about":[{"href":"https:\/\/www.europesays.com\/fr\/wp-json\/wp\/v2\/types\/post"}],"author":[{"embeddable":true,"href":"https:\/\/www.europesays.com\/fr\/wp-json\/wp\/v2\/users\/2"}],"replies":[{"embeddable":true,"href":"https:\/\/www.europesays.com\/fr\/wp-json\/wp\/v2\/comments?post=366649"}],"version-history":[{"count":0,"href":"https:\/\/www.europesays.com\/fr\/wp-json\/wp\/v2\/posts\/366649\/revisions"}],"wp:featuredmedia":[{"embeddable":true,"href":"https:\/\/www.europesays.com\/fr\/wp-json\/wp\/v2\/media\/366650"}],"wp:attachment":[{"href":"https:\/\/www.europesays.com\/fr\/wp-json\/wp\/v2\/media?parent=366649"}],"wp:term":[{"taxonomy":"category","embeddable":true,"href":"https:\/\/www.europesays.com\/fr\/wp-json\/wp\/v2\/categories?post=366649"},{"taxonomy":"post_tag","embeddable":true,"href":"https:\/\/www.europesays.com\/fr\/wp-json\/wp\/v2\/tags?post=366649"}],"curies":[{"name":"wp","href":"https:\/\/api.w.org\/{rel}","templated":true}]}}