{"id":366657,"date":"2025-09-04T21:40:11","date_gmt":"2025-09-04T21:40:11","guid":{"rendered":"https:\/\/www.europesays.com\/fr\/366657\/"},"modified":"2025-09-04T21:40:11","modified_gmt":"2025-09-04T21:40:11","slug":"pierre-lescure-renonce-a-une-emission-de-debat-sur-sud-radio","status":"publish","type":"post","link":"https:\/\/www.europesays.com\/fr\/366657\/","title":{"rendered":"Pierre Lescure renonce \u00e0 une \u00e9mission de d\u00e9bat sur Sud Radio"},"content":{"rendered":"<p>                         <img loading=\"lazy\" decoding=\"async\" src=\"https:\/\/www.europesays.com\/fr\/wp-content\/uploads\/2025\/09\/c176f4c_upload-1-8g8ajg5p7zqt-000-47z762d.jpg\" alt=\"Pierre Lescure, \u00e0 Cannes (Alpes-Maritimes), le 24\u00a0mai\u00a02025.\"   width=\"664\" height=\"443\"\/>    Pierre Lescure, \u00e0 Cannes (Alpes-Maritimes), le 24\u00a0mai\u00a02025.  BERTRAND GUAY\/AFP                 <\/p>\n<p class=\"article__paragraph  \">A peine plus de vingt-quatre\u00a0heures apr\u00e8s l\u2019annonce de l\u2019arriv\u00e9e de Pierre Lescure sur l\u2019antenne de Sud Radio, le cofondateur de Canal+ et ex-pr\u00e9sident du festival de Cannes a finalement jet\u00e9 l\u2019\u00e9ponge. Il ne rejoindra pas les autres nouvelles voix de l\u2019antenne cette saison contrairement au <a href=\"https:\/\/www.lemonde.fr\/politique\/article\/2024\/04\/29\/jean-francois-achilli-licencie-par-radio-france-pour-manquements-repetes-aux-obligations-deontologiques_6230597_823448.html\" rel=\"nofollow noopener\" target=\"_blank\">journaliste licenci\u00e9 par Radio France<\/a>, Jean-Fran\u00e7ois Achilli \u2013 en charge de l\u2019entretien politique de la matinale en remplacement de Jean-Jacques Bourdin \u2013 ou encore Magali Berdah, ex-agente d\u2019influenceurs, qui anime une \u00e9mission quotidienne de 20\u00a0heures \u00e0 21\u00a0heures, du lundi au jeudi, appel\u00e9e \u00ab\u00a0On vit pas dans la m\u00eame France\u00a0\u00bb.<\/p>\n<p class=\"article__paragraph  \">L\u2019homme de t\u00e9l\u00e9vision, \u00e2g\u00e9 de 80\u00a0ans, devait participer \u00e0 un d\u00e9bat hebdomadaire, le samedi entre 9\u00a0h\u00a020 et 10\u00a0heures, anim\u00e9 par le matinalier du week-end de la station, Maxime Lledo, avait-on appris la veille, mercredi 3\u00a0septembre.<\/p>\n<p class=\"article__paragraph  \">Pierre Lescure devait \u00eatre face \u00e0 Maud Koffler, une jeune journaliste notamment pass\u00e9e par plusieurs m\u00e9dias d\u2019extr\u00eame droite\u00a0: Radio Courtoisie, <a href=\"https:\/\/www.lemonde.fr\/economie\/article\/2023\/09\/29\/retour-chaotique-pour-le-media-d-extreme-droite-livre-noir-qui-lance-un-magazine_6191673_3234.html\" rel=\"nofollow noopener\" target=\"_blank\">Livre Noir<\/a> (l\u2019ancien nom de Fronti\u00e8res) ou encore le pure-player Boulevard Voltaire. Entre mai\u00a02022 et mars\u00a02023, Maud Koffler avait \u00e9galement assur\u00e9 la communication du parti d\u2019extr\u00eame droite d\u2019Eric Zemmour, Reconqu\u00eate\u00a0!. \u00ab\u00a0Je suis oppos\u00e9 \u00e0 toutes les id\u00e9es de cette jeune femme ou presque. Et justement je souhaitais discuter de tous les sujets avec elle\u00a0\u00bb, r\u00e9agit Pierre Lescure aupr\u00e8s du Monde.<\/p>\n<p class=\"reading-mode-only \"><strong>Il vous reste 51.17% de cet article \u00e0 lire. La suite est r\u00e9serv\u00e9e aux abonn\u00e9s.<\/strong><\/p>\n","protected":false},"excerpt":{"rendered":"Pierre Lescure, \u00e0 Cannes (Alpes-Maritimes), le 24\u00a0mai\u00a02025. BERTRAND GUAY\/AFP A peine plus de vingt-quatre\u00a0heures apr\u00e8s l\u2019annonce de l\u2019arriv\u00e9e&hellip;\n","protected":false},"author":2,"featured_media":366658,"comment_status":"","ping_status":"","sticky":false,"template":"","format":"standard","meta":{"footnotes":""},"categories":[8],"tags":[58,59,1011,27],"class_list":{"0":"post-366657","1":"post","2":"type-post","3":"status-publish","4":"format-standard","5":"has-post-thumbnail","7":"category-divertissement","8":"tag-divertissement","9":"tag-entertainment","10":"tag-fr","11":"tag-france"},"share_on_mastodon":{"url":"https:\/\/pubeurope.com\/@fr\/115148202080646697","error":""},"_links":{"self":[{"href":"https:\/\/www.europesays.com\/fr\/wp-json\/wp\/v2\/posts\/366657","targetHints":{"allow":["GET"]}}],"collection":[{"href":"https:\/\/www.europesays.com\/fr\/wp-json\/wp\/v2\/posts"}],"about":[{"href":"https:\/\/www.europesays.com\/fr\/wp-json\/wp\/v2\/types\/post"}],"author":[{"embeddable":true,"href":"https:\/\/www.europesays.com\/fr\/wp-json\/wp\/v2\/users\/2"}],"replies":[{"embeddable":true,"href":"https:\/\/www.europesays.com\/fr\/wp-json\/wp\/v2\/comments?post=366657"}],"version-history":[{"count":0,"href":"https:\/\/www.europesays.com\/fr\/wp-json\/wp\/v2\/posts\/366657\/revisions"}],"wp:featuredmedia":[{"embeddable":true,"href":"https:\/\/www.europesays.com\/fr\/wp-json\/wp\/v2\/media\/366658"}],"wp:attachment":[{"href":"https:\/\/www.europesays.com\/fr\/wp-json\/wp\/v2\/media?parent=366657"}],"wp:term":[{"taxonomy":"category","embeddable":true,"href":"https:\/\/www.europesays.com\/fr\/wp-json\/wp\/v2\/categories?post=366657"},{"taxonomy":"post_tag","embeddable":true,"href":"https:\/\/www.europesays.com\/fr\/wp-json\/wp\/v2\/tags?post=366657"}],"curies":[{"name":"wp","href":"https:\/\/api.w.org\/{rel}","templated":true}]}}