{"id":366659,"date":"2025-09-04T21:41:10","date_gmt":"2025-09-04T21:41:10","guid":{"rendered":"https:\/\/www.europesays.com\/fr\/366659\/"},"modified":"2025-09-04T21:41:10","modified_gmt":"2025-09-04T21:41:10","slug":"la-mer-revele-un-site-vieux-de-8-500-ans-preserve-comme-au-premier-jour","status":"publish","type":"post","link":"https:\/\/www.europesays.com\/fr\/366659\/","title":{"rendered":"la mer r\u00e9v\u00e8le un site vieux de 8 500 ans pr\u00e9serv\u00e9 comme au premier jour"},"content":{"rendered":"<blockquote class=\"wp-block-quote\">\n<p>Sous les eaux paisibles de la baie d\u2019Aarhus, au Danemark, une \u00e9quipe d\u2019arch\u00e9ologues a mis au jour <strong>un site pr\u00e9historique d\u2019une conservation exceptionnelle<\/strong>. <\/p>\n<\/blockquote>\n<p><img fetchpriority=\"high\" decoding=\"async\" width=\"1024\" height=\"578\" src=\"https:\/\/www.europesays.com\/fr\/wp-content\/uploads\/2025\/09\/decouverte-archeologique-mer-preserve-8500-ans-1024x578.webp.webp\" alt=\"Vestiges arch\u00e9ologiques sous-marins montrant des poteaux de bois sculpt\u00e9s et des ossements conserv\u00e9s depuis 8 500 ans.\" class=\"wp-image-989253\"  \/>Illutrastion du site englouti, pr\u00e9serv\u00e9 depuis des mill\u00e9naires, qui \u00e9claire l\u2019histoire des premi\u00e8res soci\u00e9t\u00e9s humaines au bord de la mer \u2013 DailyGeekShow.com<\/p>\n<p>Nich\u00e9 \u00e0 huit m\u00e8tres de profondeur, ce vestige du M\u00e9solithique constitue <strong>une v\u00e9ritable capsule temporelle<\/strong>, fig\u00e9e depuis plus de 8 500 ans. Gr\u00e2ce \u00e0 des conditions sous-marines id\u00e9ales, ces traces anciennes nous offrent une plong\u00e9e in\u00e9dite dans la vie des chasseurs-cueilleurs de l\u2019\u00e9poque.<\/p>\n<p>Des villages c\u00f4tiers engloutis par la mont\u00e9e des eaux apr\u00e8s la derni\u00e8re \u00e8re glaciaire<\/p>\n<p>\u00c0 l\u2019\u00e9poque o\u00f9 ce littoral \u00e9tait encore \u00e9merg\u00e9, il abritait <strong>des communaut\u00e9s nomades<\/strong> vivant au rythme des saisons, de la chasse, de la cueillette et de la p\u00eache. <\/p>\n<p>Lire aussi <a href=\"https:\/\/dailygeekshow.com\/secheresse-ville-antique-irak\/\" rel=\"nofollow noopener\" target=\"_blank\">En Irak, la s\u00e9cheresse sort des eaux une ville antique et un cimeti\u00e8re sous le barrage de Mossoul<\/a><\/p>\n<p><img loading=\"lazy\" decoding=\"async\" width=\"1024\" height=\"578\" src=\"https:\/\/www.europesays.com\/fr\/wp-content\/uploads\/2025\/09\/decouverte-archeologique-mer-preserve-8500-ans-photo-1024x578.webp.webp\" alt=\"Vestiges en pierre immerg\u00e9s sous la mer, avec un imposant monolithe entour\u00e9 de murs effondr\u00e9s.\" class=\"wp-image-989254\"  \/>Ces myst\u00e9rieuses structures en pierre submerg\u00e9es interrogent les arch\u00e9ologues sur l\u2019existence d\u2019une civilisation engloutie \u2013 DailyGeekShow.com <\/p>\n<p>Mais apr\u00e8s la derni\u00e8re p\u00e9riode <a href=\"https:\/\/dailygeekshow.com\/sous-les-glaces-de-lantarctique-un-monde-vieux-de-30-millions-dannees-refait-surface\/\" rel=\"nofollow noopener\" target=\"_blank\">glaciaire<\/a>, la fonte des calottes polaires a entra\u00een\u00e9 <strong>une \u00e9l\u00e9vation rapide du niveau marin<\/strong>. Cette mont\u00e9e progressive, de deux m\u00e8tres par si\u00e8cle, a lentement submerg\u00e9 les villages. Elle a aussi pouss\u00e9 leurs habitants \u00e0 migrer vers l\u2019int\u00e9rieur des terres.<\/p>\n<p>Aujourd\u2019hui, les plongeurs explorent ces rivages anciens \u00e0 huit m\u00e8tres sous la surface. Ce recul des c\u00f4tes, dramatique \u00e0 l\u2019\u00e9poque, a eu une cons\u00e9quence inattendue : <strong>la pr\u00e9servation exceptionnelle<\/strong> de nombreux \u00e9l\u00e9ments organiques dans les s\u00e9diments marins.<\/p>\n<p>Des objets en bois, en os et en pierre fig\u00e9s sous les s\u00e9diments depuis 8 500 ans<\/p>\n<p>L\u2019absence <a href=\"https:\/\/dailygeekshow.com\/loxygene-ne-vient-pas-que-de-la-vie-une-etude-relie-notre-atmosphere-a-un-processus-souterrain\/\" rel=\"nofollow noopener\" target=\"_blank\">d\u2019oxyg\u00e8ne<\/a> a permis de conserver dans un \u00e9tat remarquable les mat\u00e9riaux les plus fragiles : bois, v\u00e9g\u00e9taux, ossements. Selon Moe Astrup, membre de l\u2019\u00e9quipe de recherche, \u00ab <strong>c\u2019est comme si le temps s\u2019\u00e9tait arr\u00eat\u00e9<\/strong> \u00bb. Chaque fouille r\u00e9v\u00e8le <strong>un quotidien oubli\u00e9<\/strong>, intact sous la vase. <\/p>\n<p>Lire aussi <a href=\"https:\/\/dailygeekshow.com\/tombe-tresor-coree-sud\/\" rel=\"nofollow noopener\" target=\"_blank\">Des tombes anciennes r\u00e9v\u00e8lent des tr\u00e9sors insoup\u00e7onn\u00e9s en Cor\u00e9e du Sud<\/a><\/p>\n<p>Les <a href=\"https:\/\/dailygeekshow.com\/un-fossile-vieux-de-450-millions-dannees-reapparait-lamulette-qui-revele-les-secrets-spirituels-de-lempire-romain-qui-fascine-les-archeologues\/\" rel=\"nofollow noopener\" target=\"_blank\">arch\u00e9ologues<\/a> y d\u00e9couvrent des outils en silex, des pointes de fl\u00e8che, des troncs d\u2019arbres taill\u00e9s, des os d\u2019animaux et m\u00eame des noisettes !<\/p>\n<p>Ces objets r\u00e9v\u00e8lent les savoir-faire techniques, mais aussi <strong>l\u2019organisation sociale et les pratiques alimentaires<\/strong> de ces peuples du M\u00e9solithique. Par exemple, une dent de phoque retrouv\u00e9e pr\u00e8s d\u2019un foyer sugg\u00e8re une alimentation vari\u00e9e. Elle incluait la faune marine locale.<\/p>\n<p>Une mission de fouilles sous-marines aussi technique que prometteuse<\/p>\n<p><img loading=\"lazy\" decoding=\"async\" width=\"1024\" height=\"578\" src=\"https:\/\/www.europesays.com\/fr\/wp-content\/uploads\/2025\/09\/fouille-decouverte-archeologique-mer-preserve-8500-ans-photo-1024x578.webp.webp\" alt=\"Un plongeur arch\u00e9ologue \u00e9claire avec sa lampe un artefact retrouv\u00e9 lors de fouilles sous-marines.\" class=\"wp-image-989255\"  \/>Les fouilles sous-marines r\u00e9v\u00e8lent un site arch\u00e9ologique vieux de 8 500 ans, exceptionnellement conserv\u00e9 \u2013 Source AP<\/p>\n<p>Fouiller un site submerg\u00e9 demande des techniques sp\u00e9cifiques. Les arch\u00e9ologues troquent leurs truelles contre des palmes et des bouteilles d\u2019oxyg\u00e8ne. <\/p>\n<p>Lire aussi <a href=\"https:\/\/dailygeekshow.com\/sepulture-guerrier-scythe\/\" rel=\"nofollow noopener\" target=\"_blank\">En Sib\u00e9rie, la tombe d\u2019un guerrier scythe de 2 600 ans r\u00e9v\u00e8le une arme rarissime<\/a><\/p>\n<p>Leur pers\u00e9v\u00e9rance est toutefois r\u00e9compens\u00e9e par <strong>des <a href=\"https:\/\/dailygeekshow.com\/une-decouverte-archeologique-majeure-une-hache-de-300-000-ans-remet-en-question-lusage-des-outils-au-paleolithique\/\" rel=\"nofollow noopener\" target=\"_blank\">d\u00e9couvertes<\/a> uniques au monde<\/strong>. Chaque objet exhum\u00e9 enrichit notre compr\u00e9hension des soci\u00e9t\u00e9s humaines pr\u00e9historiques.<\/p>\n<p>De plus, cette mission ouvre la voie \u00e0 d\u2019autres explorations sous-marines. Ce type de site reste peu \u00e9tudi\u00e9 dans les recherches actuelles. L\u2019\u00e9quipe esp\u00e8re que ces fouilles pionni\u00e8res encourageront \u00e0 <strong>mieux documenter le patrimoine englouti<\/strong>. L\u2019Europe du Nord, notamment, rec\u00e8le de nombreuses traces du M\u00e9solithique encore endormies sous les flots.<\/p>\n<p>La Pr\u00e9histoire sous-marine : un nouveau chapitre de notre histoire commune<\/p>\n<p>La d\u00e9couverte dans la baie d\u2019Aarhus n\u2019est pas seulement une prouesse scientifique. C\u2019est aussi <strong>un lien tangible avec notre pass\u00e9 lointain<\/strong>. <\/p>\n<p>Lire aussi <a href=\"https:\/\/dailygeekshow.com\/une-decouverte-prehistorique-renversante-une-larve-de-520-millions-dannees-conservee-comme-au-premier-jour-devoile-les-origines-cachees-du-cerveau-animal\/\" rel=\"nofollow noopener\" target=\"_blank\">Une d\u00e9couverte pr\u00e9historique renversante : une larve de 520 millions d\u2019ann\u00e9es conserv\u00e9e comme au premier jour d\u00e9voile les origines cach\u00e9es du cerveau animal<\/a><\/p>\n<p>Elle nous rappelle que la mont\u00e9e des eaux, loin d\u2019\u00eatre un ph\u00e9nom\u00e8ne uniquement contemporain, a d\u00e9j\u00e0 boulevers\u00e9 des civilisations enti\u00e8res.<\/p>\n<p>En redonnant vie \u00e0 ces villages engloutis, les chercheurs offrent un nouveau regard sur notre relation \u00e0 l\u2019environnement. Ils nous \u00e9clairent aussi sur l\u2019usage des ressources naturelles. <\/p>\n<p>Enfin, ils rappellent notre capacit\u00e9 \u00e0 nous adapter face aux changements climatiques. Surtout, ils ouvrent un chapitre in\u00e9dit de l\u2019arch\u00e9ologie : celui de <strong>la m\u00e9moire immerg\u00e9e<\/strong>.<\/p>\n<p>Lire aussi <a href=\"https:\/\/dailygeekshow.com\/fossile-crocodilien-predateur-dinosaures\/\" rel=\"nofollow noopener\" target=\"_blank\">Cet ancien crocodilien \u00ab hypercarnivore \u00bb aurait mang\u00e9 du dinosaure au petit d\u00e9jeuner<\/a><\/p>\n","protected":false},"excerpt":{"rendered":"Sous les eaux paisibles de la baie d\u2019Aarhus, au Danemark, une \u00e9quipe d\u2019arch\u00e9ologues a mis au jour un&hellip;\n","protected":false},"author":2,"featured_media":366660,"comment_status":"","ping_status":"","sticky":false,"template":"","format":"standard","meta":{"footnotes":""},"categories":[7],"tags":[1011,27,43,40,41,39,42,44],"class_list":{"0":"post-366659","1":"post","2":"type-post","3":"status-publish","4":"format-standard","5":"has-post-thumbnail","7":"category-sciences-et-technologies","8":"tag-fr","9":"tag-france","10":"tag-science","11":"tag-science-and-technology","12":"tag-sciences","13":"tag-sciences-et-technologies","14":"tag-technologies","15":"tag-technology"},"share_on_mastodon":{"url":"https:\/\/pubeurope.com\/@fr\/115148205919831771","error":""},"_links":{"self":[{"href":"https:\/\/www.europesays.com\/fr\/wp-json\/wp\/v2\/posts\/366659","targetHints":{"allow":["GET"]}}],"collection":[{"href":"https:\/\/www.europesays.com\/fr\/wp-json\/wp\/v2\/posts"}],"about":[{"href":"https:\/\/www.europesays.com\/fr\/wp-json\/wp\/v2\/types\/post"}],"author":[{"embeddable":true,"href":"https:\/\/www.europesays.com\/fr\/wp-json\/wp\/v2\/users\/2"}],"replies":[{"embeddable":true,"href":"https:\/\/www.europesays.com\/fr\/wp-json\/wp\/v2\/comments?post=366659"}],"version-history":[{"count":0,"href":"https:\/\/www.europesays.com\/fr\/wp-json\/wp\/v2\/posts\/366659\/revisions"}],"wp:featuredmedia":[{"embeddable":true,"href":"https:\/\/www.europesays.com\/fr\/wp-json\/wp\/v2\/media\/366660"}],"wp:attachment":[{"href":"https:\/\/www.europesays.com\/fr\/wp-json\/wp\/v2\/media?parent=366659"}],"wp:term":[{"taxonomy":"category","embeddable":true,"href":"https:\/\/www.europesays.com\/fr\/wp-json\/wp\/v2\/categories?post=366659"},{"taxonomy":"post_tag","embeddable":true,"href":"https:\/\/www.europesays.com\/fr\/wp-json\/wp\/v2\/tags?post=366659"}],"curies":[{"name":"wp","href":"https:\/\/api.w.org\/{rel}","templated":true}]}}