{"id":366661,"date":"2025-09-04T21:42:10","date_gmt":"2025-09-04T21:42:10","guid":{"rendered":"https:\/\/www.europesays.com\/fr\/366661\/"},"modified":"2025-09-04T21:42:10","modified_gmt":"2025-09-04T21:42:10","slug":"frederic-oudea-de-retour-dans-la-banque-chez-revolut","status":"publish","type":"post","link":"https:\/\/www.europesays.com\/fr\/366661\/","title":{"rendered":"Fr\u00e9d\u00e9ric Oud\u00e9a de retour dans la banque, chez Revolut"},"content":{"rendered":"<p>                         <img loading=\"lazy\" decoding=\"async\" src=\"https:\/\/www.europesays.com\/fr\/wp-content\/uploads\/2025\/09\/cf5f11e_upload-1-m9upez65mvof-000-34ql3w2.jpg\" alt=\"Le pr\u00e9sident du conseil d\u2019administration de Sanofi, Fr\u00e9d\u00e9ric Oud\u00e9a, \u00e0 Paris, le 30\u00a0avril 2024.\"   width=\"664\" height=\"443\"\/>    Le pr\u00e9sident du conseil d\u2019administration de Sanofi, Fr\u00e9d\u00e9ric Oud\u00e9a, \u00e0 Paris, le 30\u00a0avril 2024.  MIGUEL MEDINA \/ AFP                 <\/p>\n<p class=\"article__paragraph  \">Trois mois et demi apr\u00e8s avoir choisi Paris pour installer le si\u00e8ge de ses activit\u00e9s en Europe occidentale, avec \u00e0 la cl\u00e9 la promesse d\u2019un milliard d\u2019euros d\u2019investissements, Revolut est pass\u00e9 \u00e0 la phase des recrutements. Et le dernier en date surprend\u00a0: la banque bas\u00e9e \u00e0 Londres a annonc\u00e9 jeudi 4\u00a0septembre, la nomination de Fr\u00e9d\u00e9ric Oud\u00e9a, ancien patron de la Soci\u00e9t\u00e9 g\u00e9n\u00e9rale (2008-2023), au poste de pr\u00e9sident pour l\u2019Europe de l\u2019Ouest.<\/p>\n<p class=\"article__paragraph  \">\u00ab\u00a0Attirer un dirigeant de ce calibre illustre \u00e0 quel point le paysage financier europ\u00e9en \u00e9volue\u00a0\u00bb, a d\u00e9clar\u00e9 dans un communiqu\u00e9 le cofondateur et directeur g\u00e9n\u00e9ral de Revolut, Nik Storonsky, qui voit dans cette nomination un \u00ab\u00a0moment charni\u00e8re pour Revolut en Europe\u00a0\u00bb. De son c\u00f4t\u00e9, Fr\u00e9d\u00e9ric Oud\u00e9a s\u2019est d\u00e9clar\u00e9 \u00ab\u00a0tr\u00e8s enthousiaste\u00a0\u00bb \u00e0 l\u2019id\u00e9e de rejoindre une entreprise \u00ab\u00a0en passe de devenir une v\u00e9ritable institution bancaire\u00a0\u00bb. Le conseil d\u2019administration qu\u2019il pr\u00e9sidera n\u2019est toutefois pas encore au complet, tout comme le comit\u00e9 ex\u00e9cutif, auquel manque encore un directeur des risques.<\/p>\n<p class=\"article__paragraph  \">A 62\u00a0ans, Fr\u00e9d\u00e9ric\u00a0Oud\u00e9a cumulera son nouveau poste avec celui de pr\u00e9sident du conseil d\u2019administration du <a href=\"https:\/\/www.lemonde.fr\/economie\/article\/2025\/05\/16\/sanofi-aurait-tort-d-oublier-ce-qu-il-doit-a-la-france_6606413_3234.html\" rel=\"nofollow noopener\" target=\"_blank\">groupe pharmaceutique Sanofi<\/a>, qu\u2019il occupe depuis son d\u00e9part de la banque rouge et noire en mai\u00a02023. Les deux fonctions sont \u00ab\u00a0non ex\u00e9cutives\u00a0\u00bb et les secteurs d\u2019activit\u00e9 diff\u00e9rents, explique-t-on chez Revolut. Cette nomination confirme \u00e0 la fois l\u2019ambition globale de la banque britannique, qui revendique plus de 60\u00a0millions de clients dans le monde, et son app\u00e9tit particulier pour le march\u00e9 fran\u00e7ais, o\u00f9 il affiche plus de cinq millions de clients et en vise le double.<\/p>\n<p class=\"reading-mode-only \"><strong>Il vous reste 52.77% de cet article \u00e0 lire. La suite est r\u00e9serv\u00e9e aux abonn\u00e9s.<\/strong><\/p>\n","protected":false},"excerpt":{"rendered":"Le pr\u00e9sident du conseil d\u2019administration de Sanofi, Fr\u00e9d\u00e9ric Oud\u00e9a, \u00e0 Paris, le 30\u00a0avril 2024. MIGUEL MEDINA \/ AFP&hellip;\n","protected":false},"author":2,"featured_media":366662,"comment_status":"","ping_status":"","sticky":false,"template":"","format":"standard","meta":{"footnotes":""},"categories":[6],"tags":[35,33,34,1011,27],"class_list":{"0":"post-366661","1":"post","2":"type-post","3":"status-publish","4":"format-standard","5":"has-post-thumbnail","7":"category-economie","8":"tag-business","9":"tag-economie","10":"tag-economy","11":"tag-fr","12":"tag-france"},"share_on_mastodon":{"url":"https:\/\/pubeurope.com\/@fr\/115148209863020068","error":""},"_links":{"self":[{"href":"https:\/\/www.europesays.com\/fr\/wp-json\/wp\/v2\/posts\/366661","targetHints":{"allow":["GET"]}}],"collection":[{"href":"https:\/\/www.europesays.com\/fr\/wp-json\/wp\/v2\/posts"}],"about":[{"href":"https:\/\/www.europesays.com\/fr\/wp-json\/wp\/v2\/types\/post"}],"author":[{"embeddable":true,"href":"https:\/\/www.europesays.com\/fr\/wp-json\/wp\/v2\/users\/2"}],"replies":[{"embeddable":true,"href":"https:\/\/www.europesays.com\/fr\/wp-json\/wp\/v2\/comments?post=366661"}],"version-history":[{"count":0,"href":"https:\/\/www.europesays.com\/fr\/wp-json\/wp\/v2\/posts\/366661\/revisions"}],"wp:featuredmedia":[{"embeddable":true,"href":"https:\/\/www.europesays.com\/fr\/wp-json\/wp\/v2\/media\/366662"}],"wp:attachment":[{"href":"https:\/\/www.europesays.com\/fr\/wp-json\/wp\/v2\/media?parent=366661"}],"wp:term":[{"taxonomy":"category","embeddable":true,"href":"https:\/\/www.europesays.com\/fr\/wp-json\/wp\/v2\/categories?post=366661"},{"taxonomy":"post_tag","embeddable":true,"href":"https:\/\/www.europesays.com\/fr\/wp-json\/wp\/v2\/tags?post=366661"}],"curies":[{"name":"wp","href":"https:\/\/api.w.org\/{rel}","templated":true}]}}