{"id":366665,"date":"2025-09-04T21:44:10","date_gmt":"2025-09-04T21:44:10","guid":{"rendered":"https:\/\/www.europesays.com\/fr\/366665\/"},"modified":"2025-09-04T21:44:10","modified_gmt":"2025-09-04T21:44:10","slug":"raphael-enthoven-rattrape-par-ses-propos-sur-gaza-avant-un-festival-litteraire-a-besancon","status":"publish","type":"post","link":"https:\/\/www.europesays.com\/fr\/366665\/","title":{"rendered":"Rapha\u00ebl Enthoven rattrap\u00e9 par ses propos sur Gaza avant un festival litt\u00e9raire \u00e0 Besan\u00e7on"},"content":{"rendered":"<p>        <img decoding=\"async\" loading=\"lazy\" src=\"https:\/\/www.europesays.com\/fr\/wp-content\/uploads\/2025\/09\/34f9d5e_1658618869360-60bf3e5f3e00003323024aca.jpg\"  width=\"728\" height=\"410\" alt=\"L\u2019essayiste\u00a0et philosophe Rapha\u00ebl Enthoven, photographi\u00e9 ici le 20 avril 2021.\"\/>  <\/p>\n<p>BERTRAND GUAY via AFP<\/p>\n<p>L\u2019essayiste\u00a0et philosophe Rapha\u00ebl Enthoven, photographi\u00e9 ici le 20 avril 2021.<\/p>\n<p class=\"asset asset-text\">M\u00c9DIAS &#8211; Des mots qui co\u00fbtent cher. Attendu \u00e0 Besan\u00e7on pour un salon litt\u00e9raire pr\u00e9vu du 19\u00a0au 21\u00a0septembre, <a href=\"https:\/\/www.huffingtonpost.fr\/politique\/article\/melenchon-ou-le-pen-raphael-enthoven-fait-son-choix-sous-les-critiques_182220.html\" target=\"_blank\" rel=\"noopener\">l\u2019essayiste\u00a0et philosophe Rapha\u00ebl\u00a0Enthoven<\/a> ne sera finalement pas pr\u00e9sent lors de cet \u00e9v\u00e9nement qui doit accueillir plus d\u2019une centaine d\u2019auteurs pour parler de leurs ouvrages et du m\u00e9tier d\u2019\u00e9crivain.<\/p>\n<p class=\"asset asset-text\">Comme le r\u00e9v\u00e8le <a href=\"https:\/\/france3-regions.franceinfo.fr\/bourgogne-franche-comte\/doubs\/besancon\/apres-ses-propos-sur-gaza-l-essayiste-raphael-enthoven-n-est-plus-le-bienvenu-au-festival-livres-dans-la-boucle-3210611.html\" target=\"_blank\" rel=\"noopener\" title=\"Nouvelle fen\u00eatre\">France 3<\/a>\u00a0ce mercredi 3\u00a0septembre, le chroniqueur m\u00e9diatique et homme de radio et de t\u00e9l\u00e9vision ne sera finalement pas de la partie pour parler de son livre L\u2019Albatros. En cause\u00a0? De r\u00e9cents propos sur le conflit isra\u00e9lo-palestinien et plus pr\u00e9cis\u00e9ment sur <a href=\"https:\/\/www.huffingtonpost.fr\/international\/article\/a-gaza-les-doubles-frappes-d-israel-illustrent-la-volonte-de-cibler-les-civils-et-les-journalistes_254043.html\" target=\"_blank\" rel=\"noopener\" title=\"Nouvelle fen\u00eatre\">les journalistes pr\u00e9sents \u00e0 Gaza<\/a>.<\/p>\n<p class=\"asset asset-text\">L\u2019annulation de sa venue d\u00e9coule du choix de l\u2019organisateur du Festival Livres dans la Boucle, l\u2019agglom\u00e9ration de Besan\u00e7on \u2212 dirig\u00e9e par la gauche \u2212 qui s\u2019est rang\u00e9e derri\u00e8re la demande exprim\u00e9e par la section\u00a0locale\u00a0du Parti communiste\u00a0fran\u00e7ais. Dans un communiqu\u00e9 publi\u00e9 mercredi, la section de Besan\u00e7on du Parti communiste &#8211; membre de la majorit\u00e9 municipale &#8211; s\u2019\u00e9tait la premi\u00e8re \u00e9mue de la venue annonc\u00e9e de Rapha\u00ebl\u00a0Enthoven, en d\u00e9non\u00e7ant des \u00ab\u00a0propos inadmissibles\u00a0\u00bb qu\u2019il avait tenus sur X le 15\u00a0ao\u00fbt dernier.<\/p>\n<p class=\"asset asset-text\">Sur le r\u00e9seau social d\u2019Elon Musk, il avait d\u00e9clar\u00e9, vid\u00e9o \u00e0 l\u2019appui\u00a0: \u00ab\u00a0Il n\u2019y a AUCUN journaliste \u00e0 Gaza. Uniquement des tueurs, des combattants ou des preneurs d\u2019otages avec une carte de presse\u00a0\u00bb.<\/p>\n<p> La lecture de ce contenu est susceptible d\u2019entra\u00eener un d\u00e9p\u00f4t de cookies de la part de l\u2019op\u00e9rateur tiers qui l\u2019h\u00e9berge. Compte-tenu des choix que vous avez exprim\u00e9s en mati\u00e8re de d\u00e9p\u00f4t de cookies, nous avons bloqu\u00e9 l\u2019affichage de ce contenu. Si vous souhaitez y acc\u00e9der, vous devez accepter la cat\u00e9gorie de cookies \u201cContenus tiers\u201d en cliquant sur le bouton ci-dessous. <\/p>\n<p> Lire la Vid\u00e9o        <\/p>\n<p class=\"asset asset-text\">Le lendemain, il avait pr\u00e9cis\u00e9, toujours sur X\u00a0: \u00ab\u00a0On conna\u00eet des dizaines d\u2019exemples av\u00e9r\u00e9s de faux \u201cjournalistes\u201d qui sont en r\u00e9alit\u00e9 des combattants du Hamas ou des preneurs d\u2019otages. Combien d\u2019exemples a-t-on de journalistes libres de travailler \u00e0 Gaza qui ne soient li\u00e9s ni de pr\u00e8s ni de loin \u00e0 l\u2019organisation terroriste\u00a0?\u00a0\u00bb. Pour rappel, plus de 250 m\u00e9dias dans 70 pays ont particip\u00e9 lundi \u00e0 une op\u00e9ration pour <a href=\"https:\/\/www.huffingtonpost.fr\/international\/video\/a-gaza-quatre-journalistes-travaillant-pour-des-medias-internationaux-tues-par-l-armee-israelienne_253960.html\" target=\"_blank\" rel=\"noopener\">d\u00e9noncer le nombre de journalistes tu\u00e9s \u00e0 Gaza<\/a>, soit plus de 210 selon le dernier d\u00e9compte de l\u2019ONG Reporters sans fronti\u00e8res.<\/p>\n<p>    Pr\u00e9server la \u00ab\u00a0s\u00e9r\u00e9nit\u00e9\u00a0\u00bb du festival    <\/p>\n<p class=\"asset asset-text\">Dans sa prise de parole, le PCF de Besan\u00e7on notait qu\u2019apr\u00e8s ces d\u00e9clarations \u00ab\u00a0Rapha\u00ebl Enthoven a essuy\u00e9 insultes et menaces de mort. Ce qui est \u00e9videmment condamnable\u00a0\u00bb. \u00ab\u00a0Mais cela ne doit pas faire oublier le caract\u00e8re intol\u00e9rable de ces propos\u00a0\u00bb, qui \u00ab\u00a0donnent tout simplement carte blanche \u00e0 l\u2019arm\u00e9e isra\u00e9lienne pour assassiner sans honte ceux qui voudraient informer et d\u00e9noncer ses forfaits\u00a0\u00bb, d\u00e9non\u00e7ait le parti communiste.<\/p>\n<p class=\"asset asset-text\">De quoi convaincre Grand Besan\u00e7on M\u00e9tropole, organisateur de l\u2019\u00e9v\u00e8nement. \u00ab\u00a0Les r\u00e9centes d\u00e9clarations pol\u00e9miques de Rapha\u00ebl Enthoven sont de nature \u00e0 remettre en cause la s\u00e9r\u00e9nit\u00e9 du d\u00e9roulement du festival litt\u00e9raire \u201cLivres dans la boucle\u201d\u00a0\u00bb, est-il indiqu\u00e9 par une porte-parole \u00e0 l\u2019AFP. \u00ab\u00a0Dans ces conditions, l\u2019organisateur Grand Besan\u00e7on M\u00e9tropole a demand\u00e9 au prestataire de la manifestation d\u2019annuler sa venue fin septembre.\u00a0\u00bb<\/p>\n<p class=\"asset asset-text\">France 3\u00a0pr\u00e9cise que tout le monde n\u2019est pas de cet avis \u00e0 Besan\u00e7on. L\u2019opposition municipale, par la voix de Ludovic Fagaut, d\u00e9plore une mesure de \u00ab\u00a0censure orchestr\u00e9e et manipul\u00e9e par cette frange de l\u2019extr\u00eame gauche qui appartient aujourd\u2019hui \u00e0 la majorit\u00e9 \u00e0 la mairie\u00a0\u00bb.<\/p>\n<p class=\"asset asset-text\">\u00ab\u00a0Dans une vraie d\u00e9mocratie, on confronte les id\u00e9es, on \u00e9change, on d\u00e9bat, on se fait son opinion par la suite et bien s\u00fbr on prend position\u00a0\u00bb, souligne l\u2019\u00e9lu qui d\u00e9plore une libert\u00e9 d\u2019expression bafou\u00e9e par une municipalit\u00e9 qui ne fait qu\u2019encha\u00eener les pol\u00e9miques. R\u00e9f\u00e9rence \u00e0 peine voil\u00e9e \u00e0 l\u2019installation suivie du retrait express d\u2019un drapeau palestinien sur l\u2019esplanade des droits de l\u2019homme de la ville durant le mois de juin.<\/p>\n","protected":false},"excerpt":{"rendered":"BERTRAND GUAY via AFP L\u2019essayiste\u00a0et philosophe Rapha\u00ebl Enthoven, photographi\u00e9 ici le 20 avril 2021. M\u00c9DIAS &#8211; Des mots&hellip;\n","protected":false},"author":2,"featured_media":366666,"comment_status":"","ping_status":"","sticky":false,"template":"","format":"standard","meta":{"footnotes":""},"categories":[4],"tags":[11,10112,3259,1011,27,665,2957,12,50118,25,7406],"class_list":{"0":"post-366665","1":"post","2":"type-post","3":"status-publish","4":"format-standard","5":"has-post-thumbnail","7":"category-france","8":"tag-actualites","9":"tag-besancon","10":"tag-conflit-israelo-palestinien","11":"tag-fr","12":"tag-france","13":"tag-gaza","14":"tag-journaliste","15":"tag-news","16":"tag-raphael-enthoven","17":"tag-republique-francaise","18":"tag-salon-du-livre"},"share_on_mastodon":{"url":"https:\/\/pubeurope.com\/@fr\/115148217650599776","error":""},"_links":{"self":[{"href":"https:\/\/www.europesays.com\/fr\/wp-json\/wp\/v2\/posts\/366665","targetHints":{"allow":["GET"]}}],"collection":[{"href":"https:\/\/www.europesays.com\/fr\/wp-json\/wp\/v2\/posts"}],"about":[{"href":"https:\/\/www.europesays.com\/fr\/wp-json\/wp\/v2\/types\/post"}],"author":[{"embeddable":true,"href":"https:\/\/www.europesays.com\/fr\/wp-json\/wp\/v2\/users\/2"}],"replies":[{"embeddable":true,"href":"https:\/\/www.europesays.com\/fr\/wp-json\/wp\/v2\/comments?post=366665"}],"version-history":[{"count":0,"href":"https:\/\/www.europesays.com\/fr\/wp-json\/wp\/v2\/posts\/366665\/revisions"}],"wp:featuredmedia":[{"embeddable":true,"href":"https:\/\/www.europesays.com\/fr\/wp-json\/wp\/v2\/media\/366666"}],"wp:attachment":[{"href":"https:\/\/www.europesays.com\/fr\/wp-json\/wp\/v2\/media?parent=366665"}],"wp:term":[{"taxonomy":"category","embeddable":true,"href":"https:\/\/www.europesays.com\/fr\/wp-json\/wp\/v2\/categories?post=366665"},{"taxonomy":"post_tag","embeddable":true,"href":"https:\/\/www.europesays.com\/fr\/wp-json\/wp\/v2\/tags?post=366665"}],"curies":[{"name":"wp","href":"https:\/\/api.w.org\/{rel}","templated":true}]}}