{"id":366669,"date":"2025-09-04T21:46:11","date_gmt":"2025-09-04T21:46:11","guid":{"rendered":"https:\/\/www.europesays.com\/fr\/366669\/"},"modified":"2025-09-04T21:46:11","modified_gmt":"2025-09-04T21:46:11","slug":"saint-etienne-locam-au-tribunal-correctionnel-precisions","status":"publish","type":"post","link":"https:\/\/www.europesays.com\/fr\/366669\/","title":{"rendered":"Saint-Etienne. Locam au tribunal correctionnel\u00a0: pr\u00e9cisions"},"content":{"rendered":"<p>Une erreur s\u2019est gliss\u00e9e dans notre article intitul\u00e9 \u00ab\u00a0Pratique commerciale trompeuse\u00a0: revoil\u00e0 Locam au tribunal correctionnel\u00a0\u00bb publi\u00e9 dans nos \u00e9ditions du lundi 1er \u00a0septembre.<\/p>\n<p>Si l\u2019organisme de financement st\u00e9phanois Locam a \u00e9t\u00e9 condamn\u00e9 dans 102 dossiers \u00e0 la cour d\u2019appel de Lyon, cette juridiction a reconnu un droit \u00e0 indemnit\u00e9s \u00e0 seulement dix-sept parties civiles.<\/p>\n<p>Le montant sera fix\u00e9 \u00e0 l\u2019audience de cet automne.<\/p>\n","protected":false},"excerpt":{"rendered":"Une erreur s\u2019est gliss\u00e9e dans notre article intitul\u00e9 \u00ab\u00a0Pratique commerciale trompeuse\u00a0: revoil\u00e0 Locam au tribunal correctionnel\u00a0\u00bb publi\u00e9 dans&hellip;\n","protected":false},"author":2,"featured_media":30227,"comment_status":"","ping_status":"","sticky":false,"template":"","format":"standard","meta":{"footnotes":""},"categories":[9653],"tags":[1111,11,2430,271,272,7539,1777,674,274,1011,27,3367,12,25,4001,7538],"class_list":{"0":"post-366669","1":"post","2":"type-post","3":"status-publish","4":"format-standard","5":"has-post-thumbnail","7":"category-saint-etienne","8":"tag-actu","9":"tag-actualites","10":"tag-auvergne-rhone-alpes","11":"tag-crime","12":"tag-delit-et-contravention","13":"tag-edition-loire-sud","14":"tag-eu","15":"tag-europe","16":"tag-faits-divers-justice","17":"tag-fr","18":"tag-france","19":"tag-loire","20":"tag-news","21":"tag-republique-francaise","22":"tag-saint-etienne","23":"tag-saint-etienne-ville"},"share_on_mastodon":{"url":"https:\/\/pubeurope.com\/@fr\/115148225632094576","error":""},"_links":{"self":[{"href":"https:\/\/www.europesays.com\/fr\/wp-json\/wp\/v2\/posts\/366669","targetHints":{"allow":["GET"]}}],"collection":[{"href":"https:\/\/www.europesays.com\/fr\/wp-json\/wp\/v2\/posts"}],"about":[{"href":"https:\/\/www.europesays.com\/fr\/wp-json\/wp\/v2\/types\/post"}],"author":[{"embeddable":true,"href":"https:\/\/www.europesays.com\/fr\/wp-json\/wp\/v2\/users\/2"}],"replies":[{"embeddable":true,"href":"https:\/\/www.europesays.com\/fr\/wp-json\/wp\/v2\/comments?post=366669"}],"version-history":[{"count":0,"href":"https:\/\/www.europesays.com\/fr\/wp-json\/wp\/v2\/posts\/366669\/revisions"}],"wp:featuredmedia":[{"embeddable":true,"href":"https:\/\/www.europesays.com\/fr\/wp-json\/wp\/v2\/media\/30227"}],"wp:attachment":[{"href":"https:\/\/www.europesays.com\/fr\/wp-json\/wp\/v2\/media?parent=366669"}],"wp:term":[{"taxonomy":"category","embeddable":true,"href":"https:\/\/www.europesays.com\/fr\/wp-json\/wp\/v2\/categories?post=366669"},{"taxonomy":"post_tag","embeddable":true,"href":"https:\/\/www.europesays.com\/fr\/wp-json\/wp\/v2\/tags?post=366669"}],"curies":[{"name":"wp","href":"https:\/\/api.w.org\/{rel}","templated":true}]}}