{"id":366670,"date":"2025-09-04T21:47:10","date_gmt":"2025-09-04T21:47:10","guid":{"rendered":"https:\/\/www.europesays.com\/fr\/366670\/"},"modified":"2025-09-04T21:47:10","modified_gmt":"2025-09-04T21:47:10","slug":"ascenseur-emotionnel-pour-la-1e-de-cardona-avec-malte","status":"publish","type":"post","link":"https:\/\/www.europesays.com\/fr\/366670\/","title":{"rendered":"Ascenseur \u00e9motionnel pour la 1e de cardona avec Malte !"},"content":{"rendered":"<p><strong><a href=\"https:\/\/peuple-vert.fr\/asse-actualite\/cardona-asse-malte-international-coupe-du-monde\/\" target=\"_blank\" rel=\"noopener nofollow\">Fra\u00eechement international maltais,<\/a> Irvin <a href=\"https:\/\/peuple-vert.fr\/joueurs\/irvin-cardona\/\" rel=\"nofollow noopener\" target=\"_blank\">Cardona<\/a> avait l\u2019occasion d\u2019honorer sa premi\u00e8re s\u00e9lection face \u00e0 la Lituanie ce jeudi \u00e0 18h. A 27 ans, l\u2019ailier de l\u2019ASSE d\u00e9butait un nouveau challenge dans sa carri\u00e8re. R\u00e9sum\u00e9.<br \/><\/strong><\/p>\n<p>Auteur de 2 buts lors des 2 premi\u00e8res journ\u00e9es de Ligue 2, Irvin Cardona est le meilleur buteur de l\u2019ASSE en ce d\u00e9but de saison \u00e0 \u00e9galit\u00e9 avec Zuriko Davitashvili. Le champion de France 2017 a v\u00e9cu un changement dans sa carri\u00e8re en optant pour la s\u00e9lection maltaise.<\/p>\n<p>Un nouveau d\u00e9fi pour Cardona<\/p>\n<p>Form\u00e9 en France et pass\u00e9 par la Ligue 1, Irvin Cardona a longtemps attendu pour lancer sa internationale. Sollicit\u00e9 depuis plusieurs ann\u00e9es par la f\u00e9d\u00e9ration maltaise, l\u2019attaquant de l\u2019AS Saint-\u00c9tienne a finalement donn\u00e9 son accord pour rejoindre la s\u00e9lection. \u00ab Je suis maltais gr\u00e2ce \u00e0 mon grand-p\u00e8re. Cela fait d\u00e9j\u00e0 plusieurs ann\u00e9es que Malte me sollicite. J\u2019ai peut-\u00eatre mis du temps \u00e0 me d\u00e9cider, mais aujourd\u2019hui je suis fier de repr\u00e9senter ce pays \u00bb, a-t-il d\u00e9clar\u00e9 aupr\u00e8s du m\u00e9dia officiel du club.<\/p>\n<p>Pour Malte, cette arriv\u00e9e tombe au meilleur moment. En qu\u00eate de solutions offensives, la s\u00e9lection insulaire mise beaucoup sur la puissance et l\u2019efficacit\u00e9 de l\u2019avant-centre st\u00e9phanois. Avec sa qualit\u00e9 de finition et sa capacit\u00e9 \u00e0 cr\u00e9er le danger, Cardona repr\u00e9sente une recrue de choix dans la perspective des \u00e9liminatoires pour la Coupe du monde 2026.<\/p>\n<p>Le bapt\u00eame du feu du nouvel international maltais s\u2019annonce d\u00e8s la prochaine tr\u00eave internationale. Cardona devrait conna\u00eetre ses premi\u00e8res minutes sous le maillot rouge lors d\u2019un match amical, avant d\u2019\u00eatre align\u00e9 dans une rencontre officielle cruciale face \u00e0 la Lituanie. Un adversaire direct dans la lutte pour \u00e9viter les derni\u00e8res places du groupe qualificatif.<\/p>\n<p>L\u2019enjeu est clair : tenter de d\u00e9crocher une victoire et, pourquoi pas, signer ses premiers buts sous ses nouvelles couleurs. Pour Malte, l\u2019apport d\u2019un joueur aguerri au haut niveau europ\u00e9en, capable de faire basculer une rencontre par ses \u00e9clairs offensifs, repr\u00e9sente un atout rare.<\/p>\n<p>R\u00e9sum\u00e9 de la rencontre<\/p>\n<p>Face \u00e0 la Lituanie, Irvin Cardona a eu l\u2019occasion d\u2019honorer sa premi\u00e8re s\u00e9lection avec Malte. Le num\u00e9ro 7 de l\u2019ASSE \u00e9tait titulaire. La premi\u00e8re mi-temps a \u00e9t\u00e9 rythm\u00e9e par un bon nombre de cartons jaunes distribu\u00e9s, 6 au total dont 4 pour les maltais.<\/p>\n<p>Il a fallu attendre la 83\u00e8me minute pour voir le score se d\u00e9bloquer. Alexander Satriano a ouvert le score pour Malte, qui s\u2019est mis \u00e0 r\u00eaver d\u2019un succ\u00e8s. 4 minutes plus tard, Irvin Cardona a c\u00e9d\u00e9 sa place pour la fin de la rencontre. C\u2019est du banc que l\u2019ancien brestois verra son co\u00e9quipier qui l\u2019a remplac\u00e9 \u00e9coper d\u2019un carton rouge juste apr\u00e8s son entr\u00e9e en jeu. Les maltais vont conc\u00e9der un penalty sur l\u2019action qui suit et conc\u00e9der l\u2019\u00e9galisation \u00e0 la 96e minute. La Lituanie prendra aussi un carton rouge au bout du temps additionnel. Score final : 1-1, Malte et Cardona peuvent nourrir des regrets.<\/p>\n","protected":false},"excerpt":{"rendered":"Fra\u00eechement international maltais, Irvin Cardona avait l\u2019occasion d\u2019honorer sa premi\u00e8re s\u00e9lection face \u00e0 la Lituanie ce jeudi \u00e0&hellip;\n","protected":false},"author":2,"featured_media":366671,"comment_status":"","ping_status":"","sticky":false,"template":"","format":"standard","meta":{"footnotes":""},"categories":[9653],"tags":[1111,11,2430,1777,674,1011,27,12,25,4001],"class_list":{"0":"post-366670","1":"post","2":"type-post","3":"status-publish","4":"format-standard","5":"has-post-thumbnail","7":"category-saint-etienne","8":"tag-actu","9":"tag-actualites","10":"tag-auvergne-rhone-alpes","11":"tag-eu","12":"tag-europe","13":"tag-fr","14":"tag-france","15":"tag-news","16":"tag-republique-francaise","17":"tag-saint-etienne"},"share_on_mastodon":{"url":"https:\/\/pubeurope.com\/@fr\/115148229473752050","error":""},"_links":{"self":[{"href":"https:\/\/www.europesays.com\/fr\/wp-json\/wp\/v2\/posts\/366670","targetHints":{"allow":["GET"]}}],"collection":[{"href":"https:\/\/www.europesays.com\/fr\/wp-json\/wp\/v2\/posts"}],"about":[{"href":"https:\/\/www.europesays.com\/fr\/wp-json\/wp\/v2\/types\/post"}],"author":[{"embeddable":true,"href":"https:\/\/www.europesays.com\/fr\/wp-json\/wp\/v2\/users\/2"}],"replies":[{"embeddable":true,"href":"https:\/\/www.europesays.com\/fr\/wp-json\/wp\/v2\/comments?post=366670"}],"version-history":[{"count":0,"href":"https:\/\/www.europesays.com\/fr\/wp-json\/wp\/v2\/posts\/366670\/revisions"}],"wp:featuredmedia":[{"embeddable":true,"href":"https:\/\/www.europesays.com\/fr\/wp-json\/wp\/v2\/media\/366671"}],"wp:attachment":[{"href":"https:\/\/www.europesays.com\/fr\/wp-json\/wp\/v2\/media?parent=366670"}],"wp:term":[{"taxonomy":"category","embeddable":true,"href":"https:\/\/www.europesays.com\/fr\/wp-json\/wp\/v2\/categories?post=366670"},{"taxonomy":"post_tag","embeddable":true,"href":"https:\/\/www.europesays.com\/fr\/wp-json\/wp\/v2\/tags?post=366670"}],"curies":[{"name":"wp","href":"https:\/\/api.w.org\/{rel}","templated":true}]}}