{"id":366672,"date":"2025-09-04T21:48:37","date_gmt":"2025-09-04T21:48:37","guid":{"rendered":"https:\/\/www.europesays.com\/fr\/366672\/"},"modified":"2025-09-04T21:48:37","modified_gmt":"2025-09-04T21:48:37","slug":"nancy-retour-du-tag-geant-pres-de-la-place-stanislas-un-drone-a-laction","status":"publish","type":"post","link":"https:\/\/www.europesays.com\/fr\/366672\/","title":{"rendered":"Nancy. Retour du tag g\u00e9ant pr\u00e8s de la place Stanislas\u00a0: un drone \u00e0 l\u2019action\u00a0?"},"content":{"rendered":"<p>Qui se cache derri\u00e8re AKO\u00a0? Un collectif si l\u2019on en croit quelques publications d\u00e9nich\u00e9es sur Instagram, puisque le mot \u00ab\u00a0crew\u00a0\u00bb (\u00e9quipe en anglais) y est accol\u00e9. En tout cas ces trois lettres en capitales fleurissent un peu partout en ville. De pr\u00e9f\u00e9rence \u00e0 une hauteur improbable.<\/p>\n<p>Elles bavent un peu en noir sur la fa\u00e7ade du b\u00e2timent situ\u00e9 \u00e0 l\u2019angle du viaduc Kennedy et de l\u2019avenue Foch, elles ont \u00e9t\u00e9 trac\u00e9es en bleu plus soigneusement sur l\u2019immeuble de la rue de Phalsbourg, en rose rue Isabey, en blanc et rouge \u00e0 l\u2019angle des rues Gambetta et Saint-Dizier. Et puis, pour la seconde fois en un an, elles tr\u00f4nent sur la fa\u00e7ade du 10 rue des Dominicains.<\/p>\n<p>Variante\u00a0: cette signature est accompagn\u00e9e de deux autres empil\u00e9es en dessous\u00a0: KROW et MOAK, le tout surmont\u00e9 d\u2019une couronne. D\u00e9j\u00e0 apparues dans un vert plus discret en juin\u00a02024, elles p\u00e8tent depuis fin ao\u00fbt dans un jaune flashy surlign\u00e9 de noir. Et sont visibles assez loin \u00e0 la ronde, mais aussi et surtout depuis la <a href=\"https:\/\/www.estrepublicain.fr\/p\/place-stanislas\" target=\"_blank\" rel=\"noopener\">place Stanislas<\/a>, tout du moins d\u2019une bonne moiti\u00e9 de ce joyau class\u00e9, ce qui fait tache.<\/p>\n<p>Une chance finalement pour la copropri\u00e9t\u00e9 de l\u2019immeuble\u00a0: la M\u00e9tropole ne peut pas faire autrement que d\u2019\u00eatre r\u00e9active. R\u00e9sultat\u00a0: le tag g\u00e9ant devrait \u00eatre effac\u00e9 dans les prochaines heures \u00e0 l\u2019aide d\u2019une nacelle. Comme cela a \u00e9t\u00e9 le cas l\u2019an dernier, un mois et demi apr\u00e8s son apparition. <\/p>\n<p>Jean-Baptiste Gris, le syndic de l\u2019immeuble concern\u00e9 pour le compte de Chez Vous immobilier, ne se fait pourtant pas d\u2019illusion\u00a0: les trois lettres n\u2019ont pas dit leur dernier mot\u2026 \u00ab\u00a0J\u2019ai l\u2019impression que c\u2019est un d\u00e9fi pour leurs auteurs, une sorte de provocation\u2026\u00a0\u00bb<\/p>\n<p>Mais comment diable font-ils pour atteindre leur objectif et \u00e0 une telle hauteur\u00a0? Le toit voisin sur lequel ils pourraient prendre appui est \u00e0 4 ou 5 m\u00e8tres de la couronne qui couvre les lettres\u00a0? \u00c0 moins d\u2019un bras t\u00e9lescopique, ou plus s\u00e9rieusement le transport d\u2019une \u00e9chelle, en effet, l\u2019op\u00e9ration semble acrobatique. <\/p>\n<p>\u00ab\u00a0Bizarre, aucun propri\u00e9taire n\u2019entend jamais marcher sur les toits\u00a0\u00bb, assure le syndic avant d\u2019avancer une th\u00e9orie\u00a0: ces inscriptions seraient r\u00e9alis\u00e9es \u00e0 l\u2019aide d\u2019un drone.<\/p>\n<p>  \u00ab\u00a0Du vandalisme\u00a0\u00bb<\/p>\n<p>\u00ab\u00a0On refait bien des peintures de fa\u00e7ade de cette fa\u00e7on aujourd\u2019hui\u2026\u00a0\u00bb Une chose est s\u00fbre\u00a0: c\u2019est dr\u00f4lement gonfl\u00e9. Ce n\u2019est pas du go\u00fbt de tout le monde. <a href=\"https:\/\/www.estrepublicain.fr\/culture-loisirs\/2024\/10\/12\/tags-sur-les-immeubles-comment-font-ils-pour-taguer-dans-ces-endroits-aussi-vertigineux\" target=\"_blank\" rel=\"noopener\">\u00c0 commencer par la communaut\u00e9 des graffeurs.<\/a><\/p>\n<p>\u00ab\u00a0Les signatures AKO qu\u2019on voit sur des immeubles, c\u2019est du vandalisme. Derri\u00e8re \u00e7a, on retrouve des jeunes voulant simplement laisser des traces pour le simple plaisir d\u2019\u00e9crire leur signature. Ils veulent que ce soit visible par tous. Il n\u2019y a rien d\u2019artistique derri\u00e8re. C\u2019est une tendance originaire des \u00c9tats-Unis et la nouvelle g\u00e9n\u00e9ration fait une sorte de course au plus sensationnel. En allant taguer, en quelques minutes, des immeubles de plus de vingt \u00e9tages, ils ont l\u2019impression d\u2019\u00eatre meilleurs que la pr\u00e9c\u00e9dente g\u00e9n\u00e9ration de tagueurs\u00a0\u00bb, nous avait confi\u00e9 il y a un an l\u2019un d\u2019entre eux.<\/p>\n<p>Les autorit\u00e9s sont \u00e9galement sur les dents et cherchent \u00e0 identifier ce myst\u00e9rieux collectif.<\/p>\n","protected":false},"excerpt":{"rendered":"Qui se cache derri\u00e8re AKO\u00a0? Un collectif si l\u2019on en croit quelques publications d\u00e9nich\u00e9es sur Instagram, puisque le&hellip;\n","protected":false},"author":2,"featured_media":366673,"comment_status":"","ping_status":"","sticky":false,"template":"","format":"standard","meta":{"footnotes":""},"categories":[9635],"tags":[1111,11,1704,1777,674,1011,27,775,1757,1702,1703,12,25],"class_list":{"0":"post-366672","1":"post","2":"type-post","3":"status-publish","4":"format-standard","5":"has-post-thumbnail","7":"category-nancy","8":"tag-actu","9":"tag-actualites","10":"tag-edition-nancy-et-agglomeration","11":"tag-eu","12":"tag-europe","13":"tag-fr","14":"tag-france","15":"tag-grand-est","16":"tag-insolite","17":"tag-nancy","18":"tag-nancy-ville-54b","19":"tag-news","20":"tag-republique-francaise"},"share_on_mastodon":{"url":"https:\/\/pubeurope.com\/@fr\/115148233366756110","error":""},"_links":{"self":[{"href":"https:\/\/www.europesays.com\/fr\/wp-json\/wp\/v2\/posts\/366672","targetHints":{"allow":["GET"]}}],"collection":[{"href":"https:\/\/www.europesays.com\/fr\/wp-json\/wp\/v2\/posts"}],"about":[{"href":"https:\/\/www.europesays.com\/fr\/wp-json\/wp\/v2\/types\/post"}],"author":[{"embeddable":true,"href":"https:\/\/www.europesays.com\/fr\/wp-json\/wp\/v2\/users\/2"}],"replies":[{"embeddable":true,"href":"https:\/\/www.europesays.com\/fr\/wp-json\/wp\/v2\/comments?post=366672"}],"version-history":[{"count":0,"href":"https:\/\/www.europesays.com\/fr\/wp-json\/wp\/v2\/posts\/366672\/revisions"}],"wp:featuredmedia":[{"embeddable":true,"href":"https:\/\/www.europesays.com\/fr\/wp-json\/wp\/v2\/media\/366673"}],"wp:attachment":[{"href":"https:\/\/www.europesays.com\/fr\/wp-json\/wp\/v2\/media?parent=366672"}],"wp:term":[{"taxonomy":"category","embeddable":true,"href":"https:\/\/www.europesays.com\/fr\/wp-json\/wp\/v2\/categories?post=366672"},{"taxonomy":"post_tag","embeddable":true,"href":"https:\/\/www.europesays.com\/fr\/wp-json\/wp\/v2\/tags?post=366672"}],"curies":[{"name":"wp","href":"https:\/\/api.w.org\/{rel}","templated":true}]}}