{"id":366674,"date":"2025-09-04T21:49:24","date_gmt":"2025-09-04T21:49:24","guid":{"rendered":"https:\/\/www.europesays.com\/fr\/366674\/"},"modified":"2025-09-04T21:49:24","modified_gmt":"2025-09-04T21:49:24","slug":"las-nancy-lorraine-un-promu-solide-qui-repond-aux-attentes-en-ligue-2","status":"publish","type":"post","link":"https:\/\/www.europesays.com\/fr\/366674\/","title":{"rendered":"L&rsquo;AS Nancy Lorraine\u00a0: un promu solide qui r\u00e9pond aux attentes en Ligue 2 ?"},"content":{"rendered":"<p>Le d\u00e9but de saison de l&rsquo;AS Nancy Lorraine est plus \u00e0 plusieurs titres\u00a0: outre les 8 points pris et un classement satisfaisant, l&rsquo;ASNL montre un visage rassurant pour un promu, avec notamment une capacit\u00e9 d&rsquo;adaptation qui \u00e9tait loin d&rsquo;\u00eatre acquise. Pourquoi cette facult\u00e9 peut-elle s&rsquo;av\u00e9rer utile\u00a0? <\/p>\n<p>Le d\u00e9but de saison de l&rsquo;AS Nancy Lorraine en Ligue 2 est plus qu&rsquo;encourageant. Avec 8 points au compteur et un classement satisfaisant, l&rsquo;ASNL, fra\u00eechement promue, a rapidement trouv\u00e9 son rythme. Si l&rsquo;effectif est rest\u00e9 relativement stable, la question du niveau de certains joueurs, qui n&rsquo;avaient jamais \u00e9volu\u00e9 en Ligue 2, se posait l\u00e9gitimement.<\/p>\n<p>Les premiers r\u00e9sultats viennent dissiper ces doutes et confirment que cette \u00e9quipe a les capacit\u00e9s pour \u00eatre un concurrent cr\u00e9dible dans ce championnat. La capacit\u00e9 d&rsquo;adaptation, pourtant incertaine au d\u00e9part, se r\u00e9v\u00e8le \u00eatre un atout pr\u00e9cieux pour cette saison. Un \u00e9l\u00e9ment cl\u00e9 pour le succ\u00e8s de l&rsquo;ASNL en Ligue 2 ? Laurent Pilloni et ses d\u00e9batteurs y reviennent dans <strong>100% ASNL.<\/strong><\/p>\n<p>\u00c0 \u00e9couter aussi   <img decoding=\"async\" src=\"https:\/\/www.europesays.com\/fr\/wp-content\/uploads\/2025\/09\/1757022564_61_200x200\" alt=\"Pablo Correa esp\u00e8re amener son \u00e9quipe vers un maintien rapide en Ligue 2\" style=\"--_image-preview:url('data:image\/jpeg;base64,\/9j\/2wBDACgcHiMeGSgjISMtKygwPGRBPDc3PHtYXUlkkYCZlo+AjIqgtObDoKrarYqMyP\/L2u71\/\/\/\/m8H\/\/\/\/6\/+b9\/\/j\/2wBDASstLTw1PHZBQXb4pYyl+Pj4+Pj4+Pj4+Pj4+Pj4+Pj4+Pj4+Pj4+Pj4+Pj4+Pj4+Pj4+Pj4+Pj4+Pj4+Pj4+Pj\/wAARCAAqACoDASIAAhEBAxEB\/8QAFwABAQEBAAAAAAAAAAAAAAAAAQIAA\/\/EABgQAQEBAQEAAAAAAAAAAAAAAAABERIC\/8QAFwEBAQEBAAAAAAAAAAAAAAAAAAECA\/\/EABYRAQEBAAAAAAAAAAAAAAAAAAARAf\/aAAwDAQACEQMRAD8ABaLUX0KbU2pvpPQqrRo0Irr6rnauosKRNrHkyFIIcVIcBWDl0Zmuu458tytkrGpkOFisv\/\/Z');\" loading=\"lazy\" fetchpriority=\"low\" aria-hidden=\"true\" class=\"svelte-1pnmlwx rounded\" onload=\"this.__e=event\" onerror=\"this.__e=event\"\/><\/p>\n","protected":false},"excerpt":{"rendered":"Le d\u00e9but de saison de l&rsquo;AS Nancy Lorraine est plus \u00e0 plusieurs titres\u00a0: outre les 8 points pris&hellip;\n","protected":false},"author":2,"featured_media":366675,"comment_status":"","ping_status":"","sticky":false,"template":"","format":"standard","meta":{"footnotes":""},"categories":[9635],"tags":[1111,11,1777,674,1011,27,775,1702,12,25],"class_list":{"0":"post-366674","1":"post","2":"type-post","3":"status-publish","4":"format-standard","5":"has-post-thumbnail","7":"category-nancy","8":"tag-actu","9":"tag-actualites","10":"tag-eu","11":"tag-europe","12":"tag-fr","13":"tag-france","14":"tag-grand-est","15":"tag-nancy","16":"tag-news","17":"tag-republique-francaise"},"share_on_mastodon":{"url":"https:\/\/pubeurope.com\/@fr\/115148237644709953","error":""},"_links":{"self":[{"href":"https:\/\/www.europesays.com\/fr\/wp-json\/wp\/v2\/posts\/366674","targetHints":{"allow":["GET"]}}],"collection":[{"href":"https:\/\/www.europesays.com\/fr\/wp-json\/wp\/v2\/posts"}],"about":[{"href":"https:\/\/www.europesays.com\/fr\/wp-json\/wp\/v2\/types\/post"}],"author":[{"embeddable":true,"href":"https:\/\/www.europesays.com\/fr\/wp-json\/wp\/v2\/users\/2"}],"replies":[{"embeddable":true,"href":"https:\/\/www.europesays.com\/fr\/wp-json\/wp\/v2\/comments?post=366674"}],"version-history":[{"count":0,"href":"https:\/\/www.europesays.com\/fr\/wp-json\/wp\/v2\/posts\/366674\/revisions"}],"wp:featuredmedia":[{"embeddable":true,"href":"https:\/\/www.europesays.com\/fr\/wp-json\/wp\/v2\/media\/366675"}],"wp:attachment":[{"href":"https:\/\/www.europesays.com\/fr\/wp-json\/wp\/v2\/media?parent=366674"}],"wp:term":[{"taxonomy":"category","embeddable":true,"href":"https:\/\/www.europesays.com\/fr\/wp-json\/wp\/v2\/categories?post=366674"},{"taxonomy":"post_tag","embeddable":true,"href":"https:\/\/www.europesays.com\/fr\/wp-json\/wp\/v2\/tags?post=366674"}],"curies":[{"name":"wp","href":"https:\/\/api.w.org\/{rel}","templated":true}]}}