{"id":366676,"date":"2025-09-04T21:50:11","date_gmt":"2025-09-04T21:50:11","guid":{"rendered":"https:\/\/www.europesays.com\/fr\/366676\/"},"modified":"2025-09-04T21:50:11","modified_gmt":"2025-09-04T21:50:11","slug":"derives-educatives-dans-une-ecole-hors-contrat-varoise-linstitutrice-visee-reporte-sa-rentree","status":"publish","type":"post","link":"https:\/\/www.europesays.com\/fr\/366676\/","title":{"rendered":"D\u00e9rives \u00e9ducatives dans une \u00e9cole hors contrat varoise: l\u2019institutrice vis\u00e9e reporte sa rentr\u00e9e"},"content":{"rendered":"<p>\u00ab\u00a0Le 31 juillet, un article de Var-matin mentionnait qu\u2019une ancienne enseignante de La Valette rejoignait le Cours du Faro. Celle-ci ne fait pas partie de l\u2019effectif de cette rentr\u00e9e de notre \u00e9tablissement\u00a0\u00bb, tient \u00e0 pr\u00e9ciser la direction de cette \u00e9cole priv\u00e9e hors contrat, \u00e0 Toulon, dans une d\u00e9marche \u00ab\u00a0pacifique\u00a0\u00bb.<\/p>\n<p>Ce que ne dit pas cette \u00ab\u00a0demande de droit de r\u00e9ponse\u00a0\u00bb, c\u2019est l\u2019histoire qu\u2019il y a derri\u00e8re. Celle de l\u2019enseignante mentionn\u00e9e Christine S. (1), \u00e0 l\u2019origine d\u2019un signalement de l\u2019\u00e9v\u00each\u00e9 au procureur de la R\u00e9publique suite \u00e0 des accusations \u00ab\u00a0d\u2019humiliations\u00a0\u00bb et de \u00ab\u00a0maltraitance\u00a0\u00bb, apr\u00e8s un audit en d\u00e9but d\u2019ann\u00e9e (nos \u00e9ditions pr\u00e9c\u00e9dentes), soit en plein scandale B\u00e9tharram.<\/p>\n<p>Alors en charge de la double classe CE1\/CE2 de l\u2019\u00e9cole primaire de La Sainte Famille, elle avait \u00e9t\u00e9 sanctionn\u00e9e d\u2019un bl\u00e2me et fait l\u2019objet d\u2019une mise \u00e0 pied \u00e0 titre conservatoire en f\u00e9vrier pour avoir envoy\u00e9 un \u00e9l\u00e8ve sur un balcon en plein hiver, sans manteau et sans surveillance, comme punition.<\/p>\n<p>Les autres accusations ayant \u00e9t\u00e9 \u00e9cart\u00e9es, \u00e0 l\u2019\u00e9poque, par le conseil d\u2019administration \u00ab\u00a0en l\u2019absence de preuve r\u00e9elle et s\u00e9rieuse au sens du droit du travail\u00a0\u00bb. C\u2019\u00e9tait avant qu\u2019une dizaine de familles, de diff\u00e9rentes ann\u00e9es de scolarit\u00e9, nous rapportent <a href=\"https:\/\/www.varmatin.com\/education\/ecole-catholique-varoise-hors-contrat-dans-la-tourmente-des-derives-passees-refont-surface-996301\" target=\"_blank\" rel=\"noopener\">d\u2019autres d\u00e9rives \u00e9ducatives<\/a>.<\/p>\n<p>Dans la foul\u00e9e, Christine S. a \u00e9t\u00e9 plac\u00e9e en arr\u00eat maladie jusqu\u2019en mai, date \u00e0 laquelle elle a obtenu une rupture conventionnelle.<\/p>\n<p><strong>Un d\u00e9sistement?<\/strong><\/p>\n<p>Pour septembre, l\u2019ancienne institutrice de La Sainte famille avait un plan B, donc: int\u00e9grer le corps professoral du Cours du Faro, autre \u00e9cole priv\u00e9e hors contrat de l\u2019aire toulonnaise. Selon la direction de ce dernier \u00e9tablissement, elle a bien candidat\u00e9, mais s\u2019est finalement d\u00e9sist\u00e9e. Vraiment?<\/p>\n<p>D\u2019apr\u00e8s nos informations, la deuxi\u00e8me s\u00e9rie de t\u00e9moignages que nous avons recueillis aurait provoqu\u00e9 un malaise au sein du dernier conseil d\u2019administration de l\u2019Association m\u00e9diterran\u00e9enne pour l\u2019\u00e9ducation (AME), qui g\u00e8re le Cours du Faro.<\/p>\n<p>\u00ab\u00a0Ce qui s\u2019y est dit est confidentiel\u00a0\u00bb, nous r\u00e9pond-on. C\u2019est \u00e0 ce moment-l\u00e0 que les pouces se seraient baiss\u00e9s, au profit d\u2019une autre institutrice en lice.<\/p>\n<p>L\u2019\u00e9cole ne voulant pas du tout \u00eatre associ\u00e9e \u00e0 cette affaire, dor\u00e9navant entre les mains de la justice. Certaines rentr\u00e9es \u00e9tant plus report\u00e9es que d\u2019autres.<\/p>\n<p>1. Le pr\u00e9nom a \u00e9t\u00e9 modifi\u00e9.<\/p>\n","protected":false},"excerpt":{"rendered":"\u00ab\u00a0Le 31 juillet, un article de Var-matin mentionnait qu\u2019une ancienne enseignante de La Valette rejoignait le Cours du&hellip;\n","protected":false},"author":2,"featured_media":366677,"comment_status":"","ping_status":"","sticky":false,"template":"","format":"standard","meta":{"footnotes":""},"categories":[9619],"tags":[1111,11,1057,1777,674,1011,27,12,882,25,2310,3366],"class_list":{"0":"post-366676","1":"post","2":"type-post","3":"status-publish","4":"format-standard","5":"has-post-thumbnail","7":"category-toulon","8":"tag-actu","9":"tag-actualites","10":"tag-education","11":"tag-eu","12":"tag-europe","13":"tag-fr","14":"tag-france","15":"tag-news","16":"tag-provence-alpes-cote-dazur","17":"tag-republique-francaise","18":"tag-toulon","19":"tag-vie-locale"},"share_on_mastodon":{"url":"https:\/\/pubeurope.com\/@fr\/115148241360635708","error":""},"_links":{"self":[{"href":"https:\/\/www.europesays.com\/fr\/wp-json\/wp\/v2\/posts\/366676","targetHints":{"allow":["GET"]}}],"collection":[{"href":"https:\/\/www.europesays.com\/fr\/wp-json\/wp\/v2\/posts"}],"about":[{"href":"https:\/\/www.europesays.com\/fr\/wp-json\/wp\/v2\/types\/post"}],"author":[{"embeddable":true,"href":"https:\/\/www.europesays.com\/fr\/wp-json\/wp\/v2\/users\/2"}],"replies":[{"embeddable":true,"href":"https:\/\/www.europesays.com\/fr\/wp-json\/wp\/v2\/comments?post=366676"}],"version-history":[{"count":0,"href":"https:\/\/www.europesays.com\/fr\/wp-json\/wp\/v2\/posts\/366676\/revisions"}],"wp:featuredmedia":[{"embeddable":true,"href":"https:\/\/www.europesays.com\/fr\/wp-json\/wp\/v2\/media\/366677"}],"wp:attachment":[{"href":"https:\/\/www.europesays.com\/fr\/wp-json\/wp\/v2\/media?parent=366676"}],"wp:term":[{"taxonomy":"category","embeddable":true,"href":"https:\/\/www.europesays.com\/fr\/wp-json\/wp\/v2\/categories?post=366676"},{"taxonomy":"post_tag","embeddable":true,"href":"https:\/\/www.europesays.com\/fr\/wp-json\/wp\/v2\/tags?post=366676"}],"curies":[{"name":"wp","href":"https:\/\/api.w.org\/{rel}","templated":true}]}}