{"id":366680,"date":"2025-09-04T21:52:13","date_gmt":"2025-09-04T21:52:13","guid":{"rendered":"https:\/\/www.europesays.com\/fr\/366680\/"},"modified":"2025-09-04T21:52:13","modified_gmt":"2025-09-04T21:52:13","slug":"ils-accompagnent-les-eleves-handicapes-les-aesh-du-secteur-de-pignan-reclament-des-moyens","status":"publish","type":"post","link":"https:\/\/www.europesays.com\/fr\/366680\/","title":{"rendered":"Ils accompagnent les \u00e9l\u00e8ves handicap\u00e9s, les AESH du secteur de Pignan r\u00e9clament des moyens"},"content":{"rendered":"<p>\n                                                                De plus en plus d\u2019\u00e9l\u00e8ves, du coll\u00e8ge de Pignan mais aussi des \u00e9coles de Cournonterral et Murviel-l\u00e8s-Montpellier, ont des notifications de handicap, exigeant un accompagnement. Les personnels en charge de ces missions d\u00e9noncent leur faible effectif en regard des besoins.\n                            <\/p>\n<p>Parce que le pr\u00e9sident du conseil d\u00e9partemental de l\u2019H\u00e9rault, <a href=\"https:\/\/www.midilibre.fr\/2025\/06\/20\/kleber-mesquida-apres-son-depart-du-ps-je-suis-heureux-de-ne-pas-perdre-mon-ame-et-mes-valeurs-12774657.php\" target=\"_self\" rel=\"nofollow noopener\">Kl\u00e9ber Mesquida,<\/a> se rendait ce jeudi matin dans le coll\u00e8ge Marie-Curie de Pignan, les AESH, ou personnels en charge de l\u2019accompagnement des \u00e9l\u00e8ves en situation de handicap ont voulu t\u00e9moigner de leur inqui\u00e9tude. Avec le patron du D\u00e9partement de l\u2019H\u00e9rault, le repr\u00e9sentant de l\u2019\u00c9ducation nationale, le directeur acad\u00e9mique adjoint <a href=\"https:\/\/www.midilibre.fr\/2025\/09\/02\/entre-ecole-et-college-une-rentree-encadree-et-tournee-vers-lavenir-12905276.php\" target=\"_self\" rel=\"nofollow noopener\">Sandy-David Noisette<\/a>, \u00e9tait du d\u00e9placement, et c\u2019est bien du minist\u00e8re que d\u00e9pendent ces personnels.<\/p>\n<p>53 \u00e9l\u00e8ves ayant besoin d\u2019un suivi<\/p>\n<p>Ces assistants assimil\u00e9s fonctionnaires, mais sans les avantages de la fonction publique, demeurent dans une certaine pr\u00e9carit\u00e9. Toutefois, c\u2019est le manque d\u2019effectifs qui a fait r\u00e9agir les personnels <a href=\"https:\/\/www.midilibre.fr\/2025\/02\/12\/debrayage-matinal-au-college-apres-une-panne-de-chaudiere-12506823.php\" target=\"_self\" rel=\"nofollow noopener\">du coll\u00e8ge de Pignan<\/a>, mais aussi des \u00e9coles de Cournonterral et de Murviel, membre de ce r\u00e9seau appel\u00e9 PIAL, pour P\u00f4le inclusif\u00a0d\u2019accompagnement localis\u00e9. \u00ab\u00a0Le coll\u00e8ge de Pignan compte 900 \u00e9l\u00e8ves, dont 53 ont re\u00e7u une notification de la Maison d\u00e9partementale du Handicap, r\u00e9sume Kino Passevant, AESH depuis dix ans. On reconna\u00eet donc \u00e0 ces 53 \u00e9l\u00e8ves le droit \u00e0 un accompagnement, soit individualis\u00e9, soit mutualis\u00e9. Pour y r\u00e9pondre, nous sommes 13 AESH, ce qui signifie que nous ne pourrons assurer pour certains qu\u2019un accompagnement de deux heures par semaine\u00a0! Deux heures, \u00e7a ne sert \u00e0 rien, on fait de la garderie. Il y a cinq ans, on parvenait \u00e0 accompagner un \u00e9l\u00e8ve durant douze heures. Nos effectifs n\u2019augmentent pas quand le nombre d\u2019enfants ayant besoin de notre pr\u00e9sence explose.\u00a0\u00bb L\u2019\u00c9ducation nationale a l\u2019obligation de r\u00e9pondre \u00e0 la demande d\u2019accompagnement pour un enfant exigeant un suivi individualis\u00e9, d\u2019o\u00f9 le sentiment que les autres, les \u00ab\u00a0mutualis\u00e9s\u00a0\u00bb, sont sacrifi\u00e9s.<\/p>\n<p>\u00ab\u00a0Il faudrait que je prenne ma retraite \u00e0 72 ans\u00a0\u00bb<\/p>\n<p>Pour Christelle Bompard, AESH \u00e0 l\u2019\u00e9cole de Murviel, c\u2019est\u00a0\u00ab\u00a0impossible de proposer un\u00a0bon suivi quand on a quatre enfants\u00a0en m\u00eame temps\u00a0dans la m\u00eame classe\u00a0! Ils n\u2019ont pas le m\u00eame handicap et vous ne pouvez pas \u00e9crire pour l\u2019un, expliquer \u00e0 l\u2019autre, aider le troisi\u00e8me\u2026 Comment faire\u00a0?\u00a0\u00bb\u00a0Christelle d\u00e9nonce aussi la faible r\u00e9mun\u00e9ration \u00ab\u00a0Dix ans que je suis en poste pour 20\u00a0heures hebdomadaires, quatre ans que je demande en vain \u00e0 passer \u00e0 24\u00a0heures, bref \u00e0 travailler plus. Je gagne 880\u00a0\u20ac. \u00c0 ce rythme, il faudrait que je prenne ma retraite \u00e0 72 ans\u2026\u00a0\u00bb<\/p>\n<p>\u00a0<\/p>\n<\/p>\n<p>                    <img decoding=\"async\" class=\"responsive-img\" src=\"https:\/\/www.europesays.com\/fr\/wp-content\/uploads\/2025\/09\/1757022733_277_image.jpg\"\/><br \/>\n                <a class=\"stretched-link\" href=\"#paywall\" rel=\"js-anchor\"><\/p>\n<p>        <\/a><\/p>\n<p>\u00ab\u00a0Ce sont les invisibles de l\u2019\u00c9ducation Nationale\u00a0\u00bb, d\u00e9plore Chadia Boussissi, l\u2019assistante sociale du coll\u00e8ge qui confirme la hausse du\u00a0nombre d\u2019\u00e9l\u00e8ves ayant besoin de ces suivis.\u00a0La rencontre avec le directeur acad\u00e9mique adjoint n\u2019a toutefois pas d\u00e9bouch\u00e9 sur beaucoup d\u2019espoir. Rien dans le semestre \u00e0 venir, les budgets \u00e9tant boucl\u00e9s, quant\u00a0\u00e0 2026, une \u00e9ventuelle \u00e9volution d\u2019effectifs ne concernera pas forc\u00e9ment le r\u00e9seau autour de Pignan, d\u2019autres secteurs de l\u2019H\u00e9rault \u00e9tant aussi en crise.<\/p>\n<p>    Un coll\u00e8ge en extension<\/p>\n<p>L\u2019\u00e9tablissement dirig\u00e9 par St\u00e9phane Finet depuis cinq ans ne cesse de voir ses effectifs cro\u00eetre\u00a0: ils sont 900 \u00e0 \u00eatre rentr\u00e9s cette semaine, dans 33 classes, ils atteindront le millier l\u2019an prochain ou en 2027. D\u2019o\u00f9 une premi\u00e8re phase de travaux pour agrandir le restaurant scolaire et r\u00e9am\u00e9nager des classes (pour 300\u00a0000\u00a0\u20ac) avant un gros chantier l\u2019\u00e9t\u00e9 prochain et le suivant qui verra, cette fois, le D\u00e9partement programmer une construction, entre les\u00a0b\u00e2timents existants, avec un co\u00fbt global de 4, 5\u00a0M\u20ac.<\/p>\n","protected":false},"excerpt":{"rendered":"De plus en plus d\u2019\u00e9l\u00e8ves, du coll\u00e8ge de Pignan mais aussi des \u00e9coles de Cournonterral et Murviel-l\u00e8s-Montpellier, ont&hellip;\n","protected":false},"author":2,"featured_media":366681,"comment_status":"","ping_status":"","sticky":false,"template":"","format":"standard","meta":{"footnotes":""},"categories":[9599],"tags":[1111,11,1777,674,1011,27,2208,12,2680,25],"class_list":{"0":"post-366680","1":"post","2":"type-post","3":"status-publish","4":"format-standard","5":"has-post-thumbnail","7":"category-montpellier","8":"tag-actu","9":"tag-actualites","10":"tag-eu","11":"tag-europe","12":"tag-fr","13":"tag-france","14":"tag-montpellier","15":"tag-news","16":"tag-occitanie","17":"tag-republique-francaise"},"share_on_mastodon":{"url":"https:\/\/pubeurope.com\/@fr\/115148249396627146","error":""},"_links":{"self":[{"href":"https:\/\/www.europesays.com\/fr\/wp-json\/wp\/v2\/posts\/366680","targetHints":{"allow":["GET"]}}],"collection":[{"href":"https:\/\/www.europesays.com\/fr\/wp-json\/wp\/v2\/posts"}],"about":[{"href":"https:\/\/www.europesays.com\/fr\/wp-json\/wp\/v2\/types\/post"}],"author":[{"embeddable":true,"href":"https:\/\/www.europesays.com\/fr\/wp-json\/wp\/v2\/users\/2"}],"replies":[{"embeddable":true,"href":"https:\/\/www.europesays.com\/fr\/wp-json\/wp\/v2\/comments?post=366680"}],"version-history":[{"count":0,"href":"https:\/\/www.europesays.com\/fr\/wp-json\/wp\/v2\/posts\/366680\/revisions"}],"wp:featuredmedia":[{"embeddable":true,"href":"https:\/\/www.europesays.com\/fr\/wp-json\/wp\/v2\/media\/366681"}],"wp:attachment":[{"href":"https:\/\/www.europesays.com\/fr\/wp-json\/wp\/v2\/media?parent=366680"}],"wp:term":[{"taxonomy":"category","embeddable":true,"href":"https:\/\/www.europesays.com\/fr\/wp-json\/wp\/v2\/categories?post=366680"},{"taxonomy":"post_tag","embeddable":true,"href":"https:\/\/www.europesays.com\/fr\/wp-json\/wp\/v2\/tags?post=366680"}],"curies":[{"name":"wp","href":"https:\/\/api.w.org\/{rel}","templated":true}]}}