{"id":366682,"date":"2025-09-04T21:53:19","date_gmt":"2025-09-04T21:53:19","guid":{"rendered":"https:\/\/www.europesays.com\/fr\/366682\/"},"modified":"2025-09-04T21:53:19","modified_gmt":"2025-09-04T21:53:19","slug":"jai-fait-partie-des-generations-sacrifiees-quercy-denonce-les-derives-du-mhr-sous-galthie","status":"publish","type":"post","link":"https:\/\/www.europesays.com\/fr\/366682\/","title":{"rendered":"\u00ab J&rsquo;ai fait partie des g\u00e9n\u00e9rations sacrifi\u00e9es \u00bb, Quercy d\u00e9nonce les d\u00e9rives du MHR sous Galthi\u00e9"},"content":{"rendered":"<p>\u00c0 l\u2019aube d\u2019un nouveau chapitre avec l\u2019US Montauban, Fred Quercy s\u2019appr\u00eate \u00e0 retrouver l\u2019\u00e9lite du rugby fran\u00e7ais. Avant m\u00eame le coup d\u2019envoi face au Stade Fran\u00e7ais, le troisi\u00e8me ligne de 34 ans a choisi de revenir sur ses ann\u00e9es montpelli\u00e9raines (2011-2015). Une p\u00e9riode marqu\u00e9e par des apparitions sporadiques en Top 14, mais surtout par une frustration tenace.<\/p>\n<p>\u00a0<\/p>\n<p>Galthi\u00e9, entre g\u00e9nie tactique et naufrage humain<\/p>\n<p>Il d\u00e9nonce le fait d&rsquo;avoir \u00e9t\u00e9 rel\u00e9gu\u00e9 dans l\u2019ombre avec toute une g\u00e9n\u00e9ration d&rsquo;autres jeunes joueurs. Dans un entretien sans filtre accord\u00e9 \u00e0 RugbyPass, Fred Quercy \u00e9voque son passage sous les ordres de Fabien Galthi\u00e9, alors entra\u00eeneur du MHR. Le ton est tranchant, les mots choisis sans d\u00e9tour.<\/p>\n<p>\u00a0<\/p>\n<p>\u00ab On pourrissait en pros, avec notre actuel grand s\u00e9lectionneur de l\u2019\u00e9quipe de France Fabien Galthi\u00e9 qui est je crois la moins bonne personne sur Terre \u00bb, dit-il. Un jugement s\u00e9v\u00e8re sur l\u2019homme, nuanc\u00e9 tout de m\u00eame par une reconnaissance technique. \u00ab Le meilleur entra\u00eeneur que j\u2019ai eu, indiscutablement\u2026 mais aussi la plus grande m**** sur le plan humain \u00bb, l\u00e2che Fred Quercy.<\/p>\n<p>\u00a0<\/p>\n<p>C&rsquo;\u00e9tait lamentable !<\/p>\n<blockquote>\n<p>\u00ab J\u2019\u00e9tais jeune et pas tant que \u00e7a non plus. J\u2019ai fait partie des g\u00e9n\u00e9rations sacrifi\u00e9es de Montpellier. On \u00e9tait une quinzaine de joueurs \u00e0 pourrir en Espoirs jusqu\u2019\u00e0 22 ans. On n\u2019avait aucune confiance des coachs, rien. C\u2019\u00e9tait lamentable. Cela a \u00e9norm\u00e9ment chang\u00e9 aujourd\u2019hui et j\u2019en suis tr\u00e8s content. Je pense qu\u2019un discours comme le mien fait aussi du bien aux jeunes de mon club, qui ont 20, 21 ans et qui sont dans l\u2019\u00e9quipe pro depuis un ou deux ans \u00bb, explique Quercy.<\/p>\n<\/blockquote>\n<p>\u00a0<\/p>\n<p>Au-del\u00e0 des tensions personnelles, le joueur \u00e2g\u00e9 aujourd&rsquo;hui de 34 ans d\u00e9nonce un syst\u00e8me qui tournait le dos \u00e0 ses jeunes talents. Le staff, raconte-t-il, avait recrut\u00e9 un joker m\u00e9dical venu de la deuxi\u00e8me division anglaise \u00e0 l&rsquo;\u00e9poque. Il s&rsquo;agissait d&rsquo;un joueur \u00ab inconnu au bataillon \u00bb, qui n&rsquo;a finalement pas convaincu. \u00ab Il a fait 4 matchs, ils lui ont dit \u2018tu es nul, tu d\u00e9gages\u2019, et au final j\u2019ai fait le dernier match \u00bb, conclut Quercy.<\/p>\n<p>Partagez cette info avec vos amis et vos proches en cliquant ici<br \/>Pour r\u00e9sumer<\/p>\n<p>Fred Quercy critique ouvertement son passage au MHR sous Galthi\u00e9, \u00e9voquant une gestion humaine d\u00e9plorable et le sacrifice des jeunes joueurs. Il regrette une \u00e9poque o\u00f9 la confiance manquait, malgr\u00e9 des performances prometteuses.<\/p>\n<p> <img decoding=\"async\" width=\"76\" height=\"76\" loading=\"lazy\" src=\"https:\/\/www.europesays.com\/fr\/wp-content\/uploads\/2025\/04\/avatar-quinze.png\" alt=\"Voldi Fr\u00e9jus\u00a0Hounvio\"\/><\/p>\n","protected":false},"excerpt":{"rendered":"\u00c0 l\u2019aube d\u2019un nouveau chapitre avec l\u2019US Montauban, Fred Quercy s\u2019appr\u00eate \u00e0 retrouver l\u2019\u00e9lite du rugby fran\u00e7ais. Avant&hellip;\n","protected":false},"author":2,"featured_media":366683,"comment_status":"","ping_status":"","sticky":false,"template":"","format":"standard","meta":{"footnotes":""},"categories":[9599],"tags":[1111,11,1777,674,1011,27,2208,12,2680,25],"class_list":{"0":"post-366682","1":"post","2":"type-post","3":"status-publish","4":"format-standard","5":"has-post-thumbnail","7":"category-montpellier","8":"tag-actu","9":"tag-actualites","10":"tag-eu","11":"tag-europe","12":"tag-fr","13":"tag-france","14":"tag-montpellier","15":"tag-news","16":"tag-occitanie","17":"tag-republique-francaise"},"share_on_mastodon":{"url":"https:\/\/pubeurope.com\/@fr\/115148252966070137","error":""},"_links":{"self":[{"href":"https:\/\/www.europesays.com\/fr\/wp-json\/wp\/v2\/posts\/366682","targetHints":{"allow":["GET"]}}],"collection":[{"href":"https:\/\/www.europesays.com\/fr\/wp-json\/wp\/v2\/posts"}],"about":[{"href":"https:\/\/www.europesays.com\/fr\/wp-json\/wp\/v2\/types\/post"}],"author":[{"embeddable":true,"href":"https:\/\/www.europesays.com\/fr\/wp-json\/wp\/v2\/users\/2"}],"replies":[{"embeddable":true,"href":"https:\/\/www.europesays.com\/fr\/wp-json\/wp\/v2\/comments?post=366682"}],"version-history":[{"count":0,"href":"https:\/\/www.europesays.com\/fr\/wp-json\/wp\/v2\/posts\/366682\/revisions"}],"wp:featuredmedia":[{"embeddable":true,"href":"https:\/\/www.europesays.com\/fr\/wp-json\/wp\/v2\/media\/366683"}],"wp:attachment":[{"href":"https:\/\/www.europesays.com\/fr\/wp-json\/wp\/v2\/media?parent=366682"}],"wp:term":[{"taxonomy":"category","embeddable":true,"href":"https:\/\/www.europesays.com\/fr\/wp-json\/wp\/v2\/categories?post=366682"},{"taxonomy":"post_tag","embeddable":true,"href":"https:\/\/www.europesays.com\/fr\/wp-json\/wp\/v2\/tags?post=366682"}],"curies":[{"name":"wp","href":"https:\/\/api.w.org\/{rel}","templated":true}]}}