{"id":366686,"date":"2025-09-04T21:57:12","date_gmt":"2025-09-04T21:57:12","guid":{"rendered":"https:\/\/www.europesays.com\/fr\/366686\/"},"modified":"2025-09-04T21:57:12","modified_gmt":"2025-09-04T21:57:12","slug":"5-questions-a-jan-orkisz-echosciences","status":"publish","type":"post","link":"https:\/\/www.europesays.com\/fr\/366686\/","title":{"rendered":"5 questions \u00e0&#8230; Jan Orkisz | ECHOSCIENCES"},"content":{"rendered":"<p data-end=\"430\" data-start=\"122\">\u00c0 travers cette s\u00e9rie, nous mettons en lumi\u00e8re les chercheurs et chercheuses qui participent \u00e0 la F\u00eate de la science 2025 en Is\u00e8re. L\u2019objectif : d\u00e9couvrir leur parcours, comprendre leur m\u00e9tier et mieux appr\u00e9hender les enjeux de leurs recherches.<\/p>\n<p data-start=\"432\" data-end=\"834\">Suite de la s\u00e9rie avec<b> Jan Orkisz<\/b>,\u00a0astronome et chercheur \u00e0 l&rsquo;Institut de Radio-Astronomie Millim\u00e9trique (<a href=\"https:\/\/iram-institute.org\/\" target=\"_blank\" rel=\"nofollow noopener\">IRAM<\/a>\ufeff).<\/p>\n<p data-end=\"834\" data-start=\"432\"><a href=\"https:\/\/www.echosciences-grenoble.fr\/communautes\/fete-de-la-science-en-isere\/dossiers\/fete-de-la-science-2025-en-isere-intelligence-s\" rel=\"nofollow noopener\" target=\"_blank\">Retrouvez toutes les informations sur la F\u00eate de la science 2025 en Is\u00e8re<\/a>\u00a0<\/p>\n<p>1. Qu\u2019est-ce qui vous a donn\u00e9 envie de faire de la recherche ?<\/p>\n<p>Plus qu&rsquo;une envie pr\u00e9cise de devenir chercheur, j&rsquo;ai surtout eu tr\u00e8s t\u00f4t l&rsquo;envie de tout faire pour continuer \u00e0 assouvir le plus possible et le plus largement possible ma curiosit\u00e9, \u00e0 \u00eatre toujours un apprenant (\u00e9l\u00e8ve, \u00e9tudiant&#8230;). Mais le syst\u00e8me d&rsquo;enseignement ne me permettant gu\u00e8re de passer plus de 5 ans au-del\u00e0 du bac, sans parler de la n\u00e9cessit\u00e9 d&rsquo;un jour gagner sa vie, m&rsquo;ont donn\u00e9 la solution : quand je ne pourrai plus avoir de profs pour apprendre, je devrai apprendre par moi-m\u00eame ou avec des pairs, et je serai donc chercheur. Une bonne part de mes loisirs s&rsquo;inscrivent dans cette logique aussi !<\/p>\n<p>2. Sur quoi portent vos recherches en ce moment ?<\/p>\n<p>Pour mon domaine de recherche (et avant \u00e7a mon parcours d&rsquo;\u00e9tudes) les choix se sont fait plus progressivement en fonction des pr\u00e9f\u00e9rences du moment. J&rsquo;aurais pu finir linguiste ou arch\u00e9ologue, mais je suis actuellement astrophysicien, et j&rsquo;\u00e9tudie en particulier la structure et les mouvements des n\u00e9buleuses de gaz froid au c\u0153ur desquelles se forment les \u00e9toiles. Et parce que c&rsquo;est plut\u00f4t connu du public, mon bout de ciel de pr\u00e9dilection se trouve dans les environs de la N\u00e9buleuse de la T\u00eate de Cheval, un peu en bas \u00e0 gauche de la Ceinture d&rsquo;Orion.<\/p>\n<p><img decoding=\"async\" src=\"https:\/\/www.europesays.com\/fr\/wp-content\/uploads\/2025\/09\/image__1_.png\" id=\"1005545907\" data-image=\"1005545907\"\/><\/p>\n<p>Fragment de la n\u00e9buleuse d&rsquo;Orion autour de la T\u00eate de Cheval, \u00e0 gauche tel qu&rsquo;on le voit en lumi\u00e8re visible, au milieu une carte de la pr\u00e9sence de diff\u00e9rentes mol\u00e9cules d\u00e9tect\u00e9es en ondes radio, et \u00e0 droite les mouvements du gaz (d\u00e9cal\u00e9s vers le bleu ou vers le rouge) mesur\u00e9s gr\u00e2ce aux ondes radio.<\/p>\n<p>3. Y a-t-il une id\u00e9e re\u00e7ue que vous aimeriez voir dispara\u00eetre dans votre domaine ?<\/p>\n<p>\u00a0En astronomie je suis plus particuli\u00e8rement radio-astronome, et, autant le grand public a une assez bonne perception de ce que fait un observatoire optique, autant pour les observatoires radio, on s&rsquo;imagine souvent (probablement \u00e0 cause du terme \u00ab\u00a0radio\u00a0\u00bb et de l&rsquo;allure de nos antennes) que nous communiquons (ou tentons de communiquer) des signaux avec d&rsquo;autres intelligences dans le cosmos, et\/ou que nous \u00e9mettons de dangereuses ondes&#8230; Hors non, comme tout autre observatoire (qu&rsquo;il soit optique, infrarouge, X, ou gamma, qu&rsquo;il soit bas\u00e9 au sol ou en orbite), un observatoire radio cherche \u00ab\u00a0juste\u00a0\u00bb \u00e0 obtenir des images et des spectres des objets spatiaux &#8211; et pour \u00e7a doit il doit \u00e9mettre le moins de rayonnement possible pour ne surtout pas polluer les tr\u00e8s faibles rayonnements re\u00e7us !<\/p>\n<p>4. Comment participez-vous \u00e0 la F\u00eate de la science cette ann\u00e9e ?<\/p>\n<p>Pour la F\u00eate de la science, je participerai \u00e0 <a href=\"https:\/\/www.fetedelascience.fr\/chercher-les-intelligences-ailleurs-de-voyager-aux-essaims\" target=\"_blank\" rel=\"nofollow noopener\">une conf\u00e9rence \u00e0 Cosmocit\u00e9<\/a>\ufeff (Pont-de-Claix) en duo avec l&rsquo;autrice de science-fiction Chlo\u00e9 Chevalier, sur la qu\u00eate de possibles intelligences ailleurs dans l&rsquo;Univers. Par le prisme de la litt\u00e9rature et de l&rsquo;astronomie, nous essayerons de discuter de la fa\u00e7on dont l&rsquo;humanit\u00e9 a d\u00e9j\u00e0 essay\u00e9 d&rsquo;envoyer des messages dans l&rsquo;espace, comment elle a imagin\u00e9 ce genre de contacts cosmiques, comment les chercheurs explorent le sujet actuellement, et ce que tout cela dit de nous les humains.<\/p>\n<p>5. Menez-vous des actions de m\u00e9diation scientifique aupr\u00e8s du grand public en dehors de la F\u00eate de la science ? Si oui, sous quelle forme ?<\/p>\n<p>Actuellement, mes occasions les plus fr\u00e9quentes de faire de la m\u00e9diations sont li\u00e9es au fait qu&rsquo;en tant qu&rsquo;astronome \u00e0 l&rsquo;Institut de Radio-Astronomie Millim\u00e9trique (IRAM), je suis r\u00e9guli\u00e8rement d&rsquo;astreinte au t\u00e9lescope <a href=\"https:\/\/fr.wikipedia.org\/wiki\/Northern_extended_millimeter_array\" target=\"_blank\" rel=\"nofollow noopener\">NOEMA<\/a>\ufeff sur le Plateau de Bure. Ce site exceptionnel attire la curiosit\u00e9 de divers organismes (m\u00e9dias, associations locales, \u00e9coles et universit\u00e9s), voire m\u00eame des randonneurs, et quand durant mon astreinte une visite, une intervention de m\u00e9dia ou autre intervention est organis\u00e9e, je suis ravi de pouvoir contribuer \u00e0 la m\u00e9diation et de r\u00e9pondre aux questions sur la science qui peuvent \u00eatre pos\u00e9es.<\/p>\n<p>\ud83e\udde0 Question bonus :\u00a0Si vous deviez repr\u00e9senter l\u2019intelligence avec un objet ou une image, que choisiriez-vous ?<\/p>\n<p>Le regard des gorilles m&rsquo;a toujours beaucoup touch\u00e9, par toute l&rsquo;\u00e9motion et la communication que j&rsquo;ai l&rsquo;impression d&rsquo;y lire. Parce qu&rsquo;il y a bien d&rsquo;autres intelligence dans cet Univers, et ne serait-ce que sur cette plan\u00e8te, que celle d&rsquo;Homo sapiens, intelligences que nous ne savons pas toujours reconna\u00eetre, avec lesquelles nous ne savons pas \u00e9changer, ou si peu. Et puis, on attendrait s\u00fbrement qu&rsquo;en tant qu&rsquo;astrophysicien je choisisse comme symbole de l&rsquo;intelligence un gros livre, un t\u00e9lescope, ou un supercalculateur, et bien non je pr\u00e9f\u00e8re un gorille !<\/p>\n<p>Pour en savoir plus :\u00a0<a href=\"https:\/\/www.echosciences-grenoble.fr\/communautes\/fete-de-la-science-en-isere\/dossiers\/5-questions-a-pour-la-fete-de-la-science-2025-en-isere\" target=\"_blank\" rel=\"nofollow noopener\">d\u00e9couvrez le reste de la s\u00e9rie dans ce dossier<\/a><\/p>\n","protected":false},"excerpt":{"rendered":"\u00c0 travers cette s\u00e9rie, nous mettons en lumi\u00e8re les chercheurs et chercheuses qui participent \u00e0 la F\u00eate de&hellip;\n","protected":false},"author":2,"featured_media":366687,"comment_status":"","ping_status":"","sticky":false,"template":"","format":"standard","meta":{"footnotes":""},"categories":[9566],"tags":[1111,11,2430,1777,674,1011,27,2731,12,25],"class_list":{"0":"post-366686","1":"post","2":"type-post","3":"status-publish","4":"format-standard","5":"has-post-thumbnail","7":"category-grenoble","8":"tag-actu","9":"tag-actualites","10":"tag-auvergne-rhone-alpes","11":"tag-eu","12":"tag-europe","13":"tag-fr","14":"tag-france","15":"tag-grenoble","16":"tag-news","17":"tag-republique-francaise"},"share_on_mastodon":{"url":"https:\/\/pubeurope.com\/@fr\/115148269005622092","error":""},"_links":{"self":[{"href":"https:\/\/www.europesays.com\/fr\/wp-json\/wp\/v2\/posts\/366686","targetHints":{"allow":["GET"]}}],"collection":[{"href":"https:\/\/www.europesays.com\/fr\/wp-json\/wp\/v2\/posts"}],"about":[{"href":"https:\/\/www.europesays.com\/fr\/wp-json\/wp\/v2\/types\/post"}],"author":[{"embeddable":true,"href":"https:\/\/www.europesays.com\/fr\/wp-json\/wp\/v2\/users\/2"}],"replies":[{"embeddable":true,"href":"https:\/\/www.europesays.com\/fr\/wp-json\/wp\/v2\/comments?post=366686"}],"version-history":[{"count":0,"href":"https:\/\/www.europesays.com\/fr\/wp-json\/wp\/v2\/posts\/366686\/revisions"}],"wp:featuredmedia":[{"embeddable":true,"href":"https:\/\/www.europesays.com\/fr\/wp-json\/wp\/v2\/media\/366687"}],"wp:attachment":[{"href":"https:\/\/www.europesays.com\/fr\/wp-json\/wp\/v2\/media?parent=366686"}],"wp:term":[{"taxonomy":"category","embeddable":true,"href":"https:\/\/www.europesays.com\/fr\/wp-json\/wp\/v2\/categories?post=366686"},{"taxonomy":"post_tag","embeddable":true,"href":"https:\/\/www.europesays.com\/fr\/wp-json\/wp\/v2\/tags?post=366686"}],"curies":[{"name":"wp","href":"https:\/\/api.w.org\/{rel}","templated":true}]}}