{"id":366688,"date":"2025-09-04T21:58:09","date_gmt":"2025-09-04T21:58:09","guid":{"rendered":"https:\/\/www.europesays.com\/fr\/366688\/"},"modified":"2025-09-04T21:58:09","modified_gmt":"2025-09-04T21:58:09","slug":"5-questions-a-laurent-vercueil-echosciences","status":"publish","type":"post","link":"https:\/\/www.europesays.com\/fr\/366688\/","title":{"rendered":"5 questions \u00e0&#8230; Laurent Vercueil | ECHOSCIENCES"},"content":{"rendered":"<p data-end=\"430\" data-start=\"122\">\u00c0 travers cette s\u00e9rie, nous mettons en lumi\u00e8re les chercheurs et chercheuses qui participent \u00e0 la F\u00eate de la science 2025 en Is\u00e8re. L\u2019objectif : d\u00e9couvrir leur parcours, comprendre leur m\u00e9tier et mieux appr\u00e9hender les enjeux de leurs recherches.<\/p>\n<p data-start=\"432\" data-end=\"834\">Suite de la s\u00e9rie avec <b>Laurent Vercueil<\/b>,\u00a0Docteur en M\u00e9decine, Sp\u00e9cialiste en Neurologie, Docteur en Neurosciences et chercheur au Laboratoire de Psychologie\u00a0et NeuroCognition (LPNC).<\/p>\n<p data-end=\"834\" data-start=\"432\"><a href=\"https:\/\/www.echosciences-grenoble.fr\/communautes\/fete-de-la-science-en-isere\/dossiers\/fete-de-la-science-2025-en-isere-intelligence-s\" rel=\"nofollow noopener\" target=\"_blank\">Retrouvez toutes les informations sur la F\u00eate de la science 2025 en Is\u00e8re<\/a>\u00a0<\/p>\n<p>1. Qu\u2019est-ce qui vous a donn\u00e9 envie de faire de la recherche ?<\/p>\n<p>Question pas \u00e9vidente. Peut-\u00eatre les albums Panini de dinosaures que j\u2019ai consciencieusement remplis \u00e9tant petit gar\u00e7on. Il fallait trouver des figurines, reconnaitre ou d\u00e9couvrir le dinosaure, le coller \u00e0 la bonne place dans l\u2019album et donc compl\u00e9ter des cases vides qui suscitaient n\u00e9cessairement la curiosit\u00e9. Chercher, compl\u00e9ter, comprendre, et \u00e0 nouveau, chercher, compl\u00e9ter et comprendre\u2026 Du coup, j\u2019ai longtemps voulu \u00eatre pal\u00e9ontologue, puis chercheur en biologie, et c\u2019est en \u00e9chouant lamentablement \u00e0 int\u00e9grer une grande \u00e9cole que je me suis retrouv\u00e9, \u00e0 mon corps d\u00e9fendant, en m\u00e9decine\u2026 A nouveau : chercher, compl\u00e9ter et comprendre, comme dans mon cher album Panini.<\/p>\n<p>2. Sur quoi portent vos recherches en ce moment ?<\/p>\n<p>Avec <a href=\"https:\/\/lpnc.univ-grenoble-alpes.fr\/fr\/edgar-matringe\" target=\"_blank\" rel=\"nofollow noopener\">Edgar Matringe<\/a>\ufeff, nous \u00e9tudions un ph\u00e9nom\u00e8ne tr\u00e8s singulier, d\u00e9crit par un neurologue australien il y a exactement trente ans, qui se situe \u00e0 la limite de la conscience [ndlr : le\u00a0ph\u00e9nom\u00e8ne du \u00ab <a href=\"https:\/\/hal.science\/hal-05201460\/file\/Matringe%20et%20al.%202025%20-%20Epilepsia.pdf\" target=\"_blank\" rel=\"nofollow noopener\">blip dans la t\u00eate<\/a>\ufeff \u00bb]. C\u2019est un ph\u00e9nom\u00e8ne curieux qui peut survenir chez tout le monde, mais plus souvent chez des personnes souffrant d\u2019\u00e9pilepsie, ce qui donne un moyen de l\u2019investiguer dans le d\u00e9tail, notamment sur le plan neurophysiologique. Cette th\u00e9matique illustre bien comment le cerveau malade peut aussi aider \u00e0 comprendre le fonctionnement du cerveau sain (et r\u00e9ciproquement, bien s\u00fbr). Il y a aussi des implications cliniques qui m\u2019int\u00e9ressent en tant que m\u00e9decin, parce qu\u2019elles peuvent aider les malades.<\/p>\n<p>3. Y a-t-il une id\u00e9e re\u00e7ue que vous aimeriez voir dispara\u00eetre dans votre domaine ?<\/p>\n<p>Je ne vais pas \u00eatre tr\u00e8s original puisque je vais r\u00e9pondre <a href=\"https:\/\/www.echosciences-grenoble.fr\/communautes\/fete-de-la-science-en-isere\/articles\/5-questions-a-dr-mireille-albrieux\" target=\"_blank\" rel=\"nofollow noopener\">comme Mireille Albrieux<\/a>\ufeff, j\u2019aimerai bien voir disparaitre l\u2019id\u00e9e que nous n\u2019utilisons qu\u2019une petite partie de notre cerveau. Ce n\u2019est pas seulement que c\u2019est une erreur factuelle, mais c\u2019est surtout que cela devient le moyen pour des marchands de r\u00eave de s\u2019engouffrer dans la mati\u00e8re \u00ab neuro \u00bb pour faire miroiter un d\u00e9veloppement personnel fantasmatique : \u00ab comment parvenir \u00e0 exploiter tout votre cerveau\u2026 \u00bb.  Et c\u2019est un \u00ab neuromaniaque \u00bb qui vous dit \u00e7a !<\/p>\n<p>4. Comment participez-vous \u00e0 la F\u00eate de la science cette ann\u00e9e ?<\/p>\n<p>J\u2019ai le plaisir d\u2019intervenir dans une session des \u00ab <a href=\"https:\/\/www.fetedelascience.fr\/les-conferences-des-pourquoi-0\" target=\"_blank\" rel=\"nofollow noopener\">Conf\u00e9rences des Pourquoi ?<\/a>\ufeff \u00bb qui se tiendra le 4 octobre \u00e0 La Casemate. Je serai ravi d\u2019\u00e9couter mes coll\u00e8ges qui ont des pr\u00e9sentations tr\u00e8s prometteuses ! Pour ma part, je vais t\u00e2cher de comprendre pourquoi l\u2019intelligence humaine est si limit\u00e9e. C\u2019est prendre le contre-pied de l\u2019id\u00e9e que nous avons le cerveau le plus extraordinaire de l\u2019univers.<\/p>\n<p>5. Menez-vous des actions de m\u00e9diation scientifique aupr\u00e8s du grand public en dehors de la F\u00eate de la science ? Si oui, sous quelle forme ?<\/p>\n<p>Je suis membre du service public, convaincu de la n\u00e9cessit\u00e9 de rendre accessible mon activit\u00e9 de neurologue et de chercheur, pour le public. Je me rends donc disponible volontiers lorsqu\u2019on me demande des interventions, dans la mesure o\u00f9 je pense pouvoir contribuer honn\u00eatement, c\u2019est-\u00e0-dire touchant \u00e0 mon domaine de connaissance (c\u2019est le principe d\u2019expertitude\u2026 <a href=\"https:\/\/www.echosciences-grenoble.fr\/communautes\/atout-cerveau\/articles\/un-score-d-expertitude-reconnaitre-l-expert-du-pseudo-expert\" target=\"_blank\" rel=\"nofollow noopener\">voir mon article r\u00e9cent dans Echosciences<\/a>\ufeff \ud83d\ude0a). J\u2019ai aussi \u00e9crit des livres de vulgarisation touchant au cerveau et \u00e0 la neurologie.<\/p>\n<p>\ud83e\udde0 Question bonus :\u00a0Si vous deviez repr\u00e9senter l\u2019intelligence avec un objet ou une image, que choisiriez-vous ?<\/p>\n<p>Sans h\u00e9siter, le livre. D\u00e8s qu\u2019on ouvre un livre, qu\u2019il soit de fiction ou pas, nous entrons dans le monde int\u00e9rieur de l\u2019auteur et c\u2019est comme si nous p\u00e9n\u00e9trions dans une cath\u00e9drale mentale : nous pouvons \u00e9prouver de l\u2019empathie pour les personnages d\u2019un r\u00e9cit, comprendre des points de vue qui nous seraient sinon \u00e0 jamais \u00e9tranger, d\u00e9couvrir des id\u00e9es fascinantes, des vies extraordinaires, vivre des moments inoubliables.  Le livre n\u2019est pas seulement le moyen de se connecter au monde d\u2019autrui, c\u2019est aussi un formidable mobilisateur de notre intelligence : comprendre, d\u00e9couvrir, \u00e9prouver, r\u00e9fl\u00e9chir\u2026 Il faut suivre le conseil de <a href=\"https:\/\/fr.wikipedia.org\/wiki\/Michel_Desmurget\" target=\"_blank\" rel=\"nofollow noopener\">Michel Desmurget<\/a>\ufeff, \u00ab\u00a0Lisons et faisons lire autour de nous !\u00a0\u00bb<\/p>\n<p>Pour en savoir plus :\u00a0<a href=\"https:\/\/www.echosciences-grenoble.fr\/communautes\/fete-de-la-science-en-isere\/dossiers\/5-questions-a-pour-la-fete-de-la-science-2025-en-isere\" target=\"_blank\" rel=\"nofollow noopener\">d\u00e9couvrez le reste de la s\u00e9rie dans ce dossier<\/a><\/p>\n","protected":false},"excerpt":{"rendered":"\u00c0 travers cette s\u00e9rie, nous mettons en lumi\u00e8re les chercheurs et chercheuses qui participent \u00e0 la F\u00eate de&hellip;\n","protected":false},"author":2,"featured_media":366689,"comment_status":"","ping_status":"","sticky":false,"template":"","format":"standard","meta":{"footnotes":""},"categories":[9566],"tags":[1111,11,2430,1777,674,1011,27,2731,12,25],"class_list":{"0":"post-366688","1":"post","2":"type-post","3":"status-publish","4":"format-standard","5":"has-post-thumbnail","7":"category-grenoble","8":"tag-actu","9":"tag-actualites","10":"tag-auvergne-rhone-alpes","11":"tag-eu","12":"tag-europe","13":"tag-fr","14":"tag-france","15":"tag-grenoble","16":"tag-news","17":"tag-republique-francaise"},"share_on_mastodon":{"url":"https:\/\/pubeurope.com\/@fr\/115148272586142248","error":""},"_links":{"self":[{"href":"https:\/\/www.europesays.com\/fr\/wp-json\/wp\/v2\/posts\/366688","targetHints":{"allow":["GET"]}}],"collection":[{"href":"https:\/\/www.europesays.com\/fr\/wp-json\/wp\/v2\/posts"}],"about":[{"href":"https:\/\/www.europesays.com\/fr\/wp-json\/wp\/v2\/types\/post"}],"author":[{"embeddable":true,"href":"https:\/\/www.europesays.com\/fr\/wp-json\/wp\/v2\/users\/2"}],"replies":[{"embeddable":true,"href":"https:\/\/www.europesays.com\/fr\/wp-json\/wp\/v2\/comments?post=366688"}],"version-history":[{"count":0,"href":"https:\/\/www.europesays.com\/fr\/wp-json\/wp\/v2\/posts\/366688\/revisions"}],"wp:featuredmedia":[{"embeddable":true,"href":"https:\/\/www.europesays.com\/fr\/wp-json\/wp\/v2\/media\/366689"}],"wp:attachment":[{"href":"https:\/\/www.europesays.com\/fr\/wp-json\/wp\/v2\/media?parent=366688"}],"wp:term":[{"taxonomy":"category","embeddable":true,"href":"https:\/\/www.europesays.com\/fr\/wp-json\/wp\/v2\/categories?post=366688"},{"taxonomy":"post_tag","embeddable":true,"href":"https:\/\/www.europesays.com\/fr\/wp-json\/wp\/v2\/tags?post=366688"}],"curies":[{"name":"wp","href":"https:\/\/api.w.org\/{rel}","templated":true}]}}