{"id":366690,"date":"2025-09-04T22:00:28","date_gmt":"2025-09-04T22:00:28","guid":{"rendered":"https:\/\/www.europesays.com\/fr\/366690\/"},"modified":"2025-09-04T22:00:28","modified_gmt":"2025-09-04T22:00:28","slug":"la-baignade-interdite-aux-etangs-dapigne-pres-de-rennes-voici-pourquoi","status":"publish","type":"post","link":"https:\/\/www.europesays.com\/fr\/366690\/","title":{"rendered":"La baignade interdite aux \u00e9tangs d\u2019Apign\u00e9 pr\u00e8s de Rennes : voici pourquoi"},"content":{"rendered":"<p>Les \u00e9tangs d\u2019Apign\u00e9 sont pass\u00e9s \u00e0 travers les gouttes tout l\u2019\u00e9t\u00e9. Mais depuis ce jeudi 4 septembre, <a href=\"https:\/\/www.letelegramme.fr\/ille-et-vilaine\/des-bacteries-detectees-dans-leau-deux-etangs-dille-et-vilaine-interdits-a-la-baignade-6860026.php\" target=\"_blank\" rel=\"nofollow noopener\">la baignade y est interdite<\/a> sur d\u00e9cision de la Ville de Rennes par un arr\u00eat\u00e9 municipal.<\/p>\n<p>Cette mesure est prise en raison de la forte concentration de cyanobact\u00e9ries dans les eaux apr\u00e8s un contr\u00f4le r\u00e9alis\u00e9 le 1er septembre. \u00ab L\u2019interdiction de la baignade pourra \u00eatre lev\u00e9e d\u00e8s que la pr\u00e9sence en cyanobact\u00e9ries toxinog\u00e8nes exprim\u00e9e en biovolume sera inf\u00e9rieure \u00e0 1 mm3\/l ou d\u00e8s que la concentration en toxines sera inf\u00e9rieure aux valeurs guides sanitaires \u00bb, annonce la Ville. Les activit\u00e9s nautiques sont \u00e9galement concern\u00e9es.<\/p>\n<p>Un risque pour la sant\u00e9<\/p>\n<p>En cas de baignade, l\u2019Agence r\u00e9gionale de sant\u00e9 (ARS) pr\u00e9vient que \u00ab certaines cyanobact\u00e9ries peuvent produire des toxines dangereuses pour la sant\u00e9 humaine et animale. Lors de contact ou d\u2019ingestion accidentelle de l\u2019eau, les sympt\u00f4mes suivants peuvent survenir : troubles gastriques, diarrh\u00e9es, irritations, d\u00e9mangeaisons, conjonctivites, rougeurs, maux de t\u00eate, vertiges, alt\u00e9rations des sensations \u00bb.<\/p>\n","protected":false},"excerpt":{"rendered":"Les \u00e9tangs d\u2019Apign\u00e9 sont pass\u00e9s \u00e0 travers les gouttes tout l\u2019\u00e9t\u00e9. Mais depuis ce jeudi 4 septembre, la&hellip;\n","protected":false},"author":2,"featured_media":366691,"comment_status":"","ping_status":"","sticky":false,"template":"","format":"standard","meta":{"footnotes":""},"categories":[2821],"tags":[1111,11,829,1777,674,1011,27,848,12,584,25],"class_list":{"0":"post-366690","1":"post","2":"type-post","3":"status-publish","4":"format-standard","5":"has-post-thumbnail","7":"category-rennes","8":"tag-actu","9":"tag-actualites","10":"tag-bretagne","11":"tag-eu","12":"tag-europe","13":"tag-fr","14":"tag-france","15":"tag-ille-et-vilaine","16":"tag-news","17":"tag-rennes","18":"tag-republique-francaise"},"share_on_mastodon":{"url":"https:\/\/pubeurope.com\/@fr\/115148280489021405","error":""},"_links":{"self":[{"href":"https:\/\/www.europesays.com\/fr\/wp-json\/wp\/v2\/posts\/366690","targetHints":{"allow":["GET"]}}],"collection":[{"href":"https:\/\/www.europesays.com\/fr\/wp-json\/wp\/v2\/posts"}],"about":[{"href":"https:\/\/www.europesays.com\/fr\/wp-json\/wp\/v2\/types\/post"}],"author":[{"embeddable":true,"href":"https:\/\/www.europesays.com\/fr\/wp-json\/wp\/v2\/users\/2"}],"replies":[{"embeddable":true,"href":"https:\/\/www.europesays.com\/fr\/wp-json\/wp\/v2\/comments?post=366690"}],"version-history":[{"count":0,"href":"https:\/\/www.europesays.com\/fr\/wp-json\/wp\/v2\/posts\/366690\/revisions"}],"wp:featuredmedia":[{"embeddable":true,"href":"https:\/\/www.europesays.com\/fr\/wp-json\/wp\/v2\/media\/366691"}],"wp:attachment":[{"href":"https:\/\/www.europesays.com\/fr\/wp-json\/wp\/v2\/media?parent=366690"}],"wp:term":[{"taxonomy":"category","embeddable":true,"href":"https:\/\/www.europesays.com\/fr\/wp-json\/wp\/v2\/categories?post=366690"},{"taxonomy":"post_tag","embeddable":true,"href":"https:\/\/www.europesays.com\/fr\/wp-json\/wp\/v2\/tags?post=366690"}],"curies":[{"name":"wp","href":"https:\/\/api.w.org\/{rel}","templated":true}]}}