{"id":366692,"date":"2025-09-04T22:01:11","date_gmt":"2025-09-04T22:01:11","guid":{"rendered":"https:\/\/www.europesays.com\/fr\/366692\/"},"modified":"2025-09-04T22:01:11","modified_gmt":"2025-09-04T22:01:11","slug":"intervention-des-pompiers-et-du-raid","status":"publish","type":"post","link":"https:\/\/www.europesays.com\/fr\/366692\/","title":{"rendered":"intervention des pompiers et du Raid"},"content":{"rendered":"<p>Des riverains de la rue des Cigognes \u00e0 Ostwald ont alert\u00e9 les secours de la pr\u00e9sence d\u2019un quinquag\u00e9naire mena\u00e7ant de se d\u00e9fenestrer ce jeudi 4\u00a0septembre \u00e0 16\u00a0h. Les sapeurs-pompiers et la police se sont rendus sur place. Malgr\u00e9 leur engagement, l\u2019homme a refus\u00e9 de se rendre. Le Raid a alors \u00e9t\u00e9 engag\u00e9 et l\u2019a finalement ma\u00eetris\u00e9 vers 18\u00a0h\u00a030. Le quinquag\u00e9naire a \u00e9t\u00e9 transport\u00e9 au CHU de Hautepierre.<\/p>\n","protected":false},"excerpt":{"rendered":"Des riverains de la rue des Cigognes \u00e0 Ostwald ont alert\u00e9 les secours de la pr\u00e9sence d\u2019un quinquag\u00e9naire&hellip;\n","protected":false},"author":2,"featured_media":366693,"comment_status":"","ping_status":"","sticky":false,"template":"","format":"standard","meta":{"footnotes":""},"categories":[2820],"tags":[119,1111,11,2389,2649,2880,1777,674,274,107,1011,27,775,1310,12,6611,25,640,3089],"class_list":{"0":"post-366692","1":"post","2":"type-post","3":"status-publish","4":"format-standard","5":"has-post-thumbnail","7":"category-strasbourg","8":"tag-accident","9":"tag-actu","10":"tag-actualites","11":"tag-alsace","12":"tag-bas-rhin","13":"tag-edition-strasbourg","14":"tag-eu","15":"tag-europe","16":"tag-faits-divers-justice","17":"tag-fil-info","18":"tag-fr","19":"tag-france","20":"tag-grand-est","21":"tag-incendie","22":"tag-news","23":"tag-ostwald","24":"tag-republique-francaise","25":"tag-strasbourg","26":"tag-strasbourg-sud"},"share_on_mastodon":{"url":"https:\/\/pubeurope.com\/@fr\/115148284418558624","error":""},"_links":{"self":[{"href":"https:\/\/www.europesays.com\/fr\/wp-json\/wp\/v2\/posts\/366692","targetHints":{"allow":["GET"]}}],"collection":[{"href":"https:\/\/www.europesays.com\/fr\/wp-json\/wp\/v2\/posts"}],"about":[{"href":"https:\/\/www.europesays.com\/fr\/wp-json\/wp\/v2\/types\/post"}],"author":[{"embeddable":true,"href":"https:\/\/www.europesays.com\/fr\/wp-json\/wp\/v2\/users\/2"}],"replies":[{"embeddable":true,"href":"https:\/\/www.europesays.com\/fr\/wp-json\/wp\/v2\/comments?post=366692"}],"version-history":[{"count":0,"href":"https:\/\/www.europesays.com\/fr\/wp-json\/wp\/v2\/posts\/366692\/revisions"}],"wp:featuredmedia":[{"embeddable":true,"href":"https:\/\/www.europesays.com\/fr\/wp-json\/wp\/v2\/media\/366693"}],"wp:attachment":[{"href":"https:\/\/www.europesays.com\/fr\/wp-json\/wp\/v2\/media?parent=366692"}],"wp:term":[{"taxonomy":"category","embeddable":true,"href":"https:\/\/www.europesays.com\/fr\/wp-json\/wp\/v2\/categories?post=366692"},{"taxonomy":"post_tag","embeddable":true,"href":"https:\/\/www.europesays.com\/fr\/wp-json\/wp\/v2\/tags?post=366692"}],"curies":[{"name":"wp","href":"https:\/\/api.w.org\/{rel}","templated":true}]}}