{"id":36670,"date":"2025-04-19T14:15:11","date_gmt":"2025-04-19T14:15:11","guid":{"rendered":"https:\/\/www.europesays.com\/fr\/36670\/"},"modified":"2025-04-19T14:15:11","modified_gmt":"2025-04-19T14:15:11","slug":"50-universitaires-reclament-la-demission-de-la-presidente-qui-a-lache-fabrice-balanche","status":"publish","type":"post","link":"https:\/\/www.europesays.com\/fr\/36670\/","title":{"rendered":"50 universitaires r\u00e9clament la d\u00e9mission de la pr\u00e9sidente qui a l\u00e2ch\u00e9 Fabrice Balanche"},"content":{"rendered":"<p>Universit\u00e9 Lyon 2 : 50 universitaires r\u00e9clament la d\u00e9mission de la pr\u00e9sidente qui a l\u00e2ch\u00e9 Fabrice Balanche &#8211; DR<\/p>\n<p itemprop=\"description\"><strong>Isabelle von Bueltzingsloewen a pris le parti de se d\u00e9solidariser de Fabrice Balanche cette semaine.<\/strong><\/p>\n<p>En r\u00e9plique, 50 universitaires signent une tribune publi\u00e9e par <a href=\"https:\/\/www.lefigaro.fr\/vox\/societe\/nous-demandons-la-demission-de-la-presidente-de-lyon-ii-la-tribune-de-50-universitaires-en-soutien-a-fabrice-balanche-20250418\" target=\"_blank\" rel=\"nofollow noopener\">le Figaro<\/a> dans laquelle ils r\u00e9clament la d\u00e9mission de la pr\u00e9sidente de l&rsquo;universit\u00e9 Lyon 2, nomm\u00e9e il y a moins d&rsquo;un an.<\/p>\n<p>Dans ce texte initi\u00e9 par Xavier-Laurent Salvador et notamment sign\u00e9 par les anciens ministres Luc Ferry et Jean-Michel Blanquer, Isabelle von Bueltzingsloewen est critiqu\u00e9e pour son \u00ab\u00a0extr\u00eame prudence\u00a0\u00bb dans son premier soutien au ma\u00eetre de conf\u00e9rences dont le cours avait \u00e9t\u00e9 interrompu par des \u00e9tudiants le 1er avril dernier sur le campus de Bron, et pour sa \u00ab\u00a0complaisance gla\u00e7ante\u00a0\u00bb avec les jeunes qualifi\u00e9s d'\u00a0\u00bbislamogauchistes\u00a0\u00bb par Fabrice Balanche.<\/p>\n<p>\u00ab\u00a0Rupture morale\u00a0\u00bb, \u00ab\u00a0acte d&rsquo;indignit\u00e9\u00a0\u00bb, les auteurs de la tribune ne manquent pas de qualificatifs pour d\u00e9signer la d\u00e9cision de la pr\u00e9sidente de Lyon 2 de \u00ab\u00a0remettre en question sa (celle de Fabrice Balanche ndlr) l\u00e9gitimit\u00e9 scientifique en contestant publiquement sa libert\u00e9 acad\u00e9mique\u00a0\u00bb.<\/p>\n<p>\u00ab\u00a0La pr\u00e9sidente de l\u2019Universit\u00e9 Lyon-2 ne peut pas rester en fonction apr\u00e8s un tel reniement des principes fondamentaux de la R\u00e9publique universitaire. Nous demandons sa d\u00e9mission\u00a0\u00bb, concluent les universitaires signataires.<\/p>\n<p>Pour rappel, Isabelle von Bueltzingsloewen avait notamment d\u00e9clar\u00e9 dans une interview \u00e0 Tribune de Lyon \u00ab\u00a0ne pas avoir \u00e9t\u00e9 \u00e9tonn\u00e9e\u00a0\u00bb que l&rsquo;enseignant soit pris pour cible, compte-tenu de \u00ab\u00a0ses positionnements sur Gaza\u00a0\u00bb.<\/p>\n","protected":false},"excerpt":{"rendered":"Universit\u00e9 Lyon 2 : 50 universitaires r\u00e9clament la d\u00e9mission de la pr\u00e9sidente qui a l\u00e2ch\u00e9 Fabrice Balanche &#8211;&hellip;\n","protected":false},"author":2,"featured_media":36671,"comment_status":"","ping_status":"","sticky":false,"template":"","format":"standard","meta":{"footnotes":""},"categories":[4],"tags":[1111,11,2813,2190,1109,251,1112,2811,118,1011,27,1922,1110,1114,2428,2810,12,241,316,25,2812,517,800],"class_list":{"0":"post-36670","1":"post","2":"type-post","3":"status-publish","4":"format-standard","5":"has-post-thumbnail","7":"category-france","8":"tag-actu","9":"tag-actualites","10":"tag-article","11":"tag-asvel","12":"tag-breves","13":"tag-culture","14":"tag-depeches","15":"tag-economique","16":"tag-faits-divers","17":"tag-fr","18":"tag-france","19":"tag-info","20":"tag-informations","21":"tag-infos","22":"tag-lyon","23":"tag-lyonmag","24":"tag-news","25":"tag-ol","26":"tag-politique","27":"tag-republique-francaise","28":"tag-sociale","29":"tag-sport","30":"tag-transports"},"share_on_mastodon":{"url":"https:\/\/pubeurope.com\/@fr\/114365053323962673","error":""},"_links":{"self":[{"href":"https:\/\/www.europesays.com\/fr\/wp-json\/wp\/v2\/posts\/36670","targetHints":{"allow":["GET"]}}],"collection":[{"href":"https:\/\/www.europesays.com\/fr\/wp-json\/wp\/v2\/posts"}],"about":[{"href":"https:\/\/www.europesays.com\/fr\/wp-json\/wp\/v2\/types\/post"}],"author":[{"embeddable":true,"href":"https:\/\/www.europesays.com\/fr\/wp-json\/wp\/v2\/users\/2"}],"replies":[{"embeddable":true,"href":"https:\/\/www.europesays.com\/fr\/wp-json\/wp\/v2\/comments?post=36670"}],"version-history":[{"count":0,"href":"https:\/\/www.europesays.com\/fr\/wp-json\/wp\/v2\/posts\/36670\/revisions"}],"wp:featuredmedia":[{"embeddable":true,"href":"https:\/\/www.europesays.com\/fr\/wp-json\/wp\/v2\/media\/36671"}],"wp:attachment":[{"href":"https:\/\/www.europesays.com\/fr\/wp-json\/wp\/v2\/media?parent=36670"}],"wp:term":[{"taxonomy":"category","embeddable":true,"href":"https:\/\/www.europesays.com\/fr\/wp-json\/wp\/v2\/categories?post=36670"},{"taxonomy":"post_tag","embeddable":true,"href":"https:\/\/www.europesays.com\/fr\/wp-json\/wp\/v2\/tags?post=36670"}],"curies":[{"name":"wp","href":"https:\/\/api.w.org\/{rel}","templated":true}]}}