{"id":366700,"date":"2025-09-04T22:09:22","date_gmt":"2025-09-04T22:09:22","guid":{"rendered":"https:\/\/www.europesays.com\/fr\/366700\/"},"modified":"2025-09-04T22:09:22","modified_gmt":"2025-09-04T22:09:22","slug":"que-faire-a-nantes-et-alentours-la-25e-balade-des-ateliers-de-chantenay-sainte-anne-a-nantes-big-city-nantes","status":"publish","type":"post","link":"https:\/\/www.europesays.com\/fr\/366700\/","title":{"rendered":"Que faire \u00e0 Nantes et alentours ? \u2013 La 25e Balade des Ateliers de Chantenay Sainte-Anne \u00e0 Nantes \u2013 Big City Nantes"},"content":{"rendered":"<p><img loading=\"lazy\" width=\"527\" height=\"264\" src=\"https:\/\/www.europesays.com\/fr\/wp-content\/uploads\/2025\/09\/La-balade-des-ateliers-de-Chantenay-2025-527x264.png\" class=\"attachment-csco-thumbnail-uncropped size-csco-thumbnail-uncropped wp-post-image\" alt=\"La balade des ateliers de Chantenay 2025\" decoding=\"async\"   data-pagespeed-url-hash=\"761911702\" onload=\"pagespeed.CriticalImages.checkImageForCriticality(this);\"\/>\t<img loading=\"lazy\" width=\"1044\" height=\"522\" src=\"https:\/\/www.europesays.com\/fr\/wp-content\/uploads\/2025\/09\/La-balade-des-ateliers-de-Chantenay-2025-1044x522.png\" class=\"attachment-csco-large-uncropped size-csco-large-uncropped wp-post-image\" alt=\"La balade des ateliers de Chantenay 2025\" decoding=\"async\"   data-pagespeed-url-hash=\"129705270\" onload=\"pagespeed.CriticalImages.checkImageForCriticality(this);\"\/>\t<\/p>\n<p>\nLa balade des ateliers de Chantenay 2025\t<\/p>\n<p><strong>La balade des ateliers de Chantenay \u2013 Sainte-Anne revient les 26, 27 et 28 septembre 2025 de 11h \u00e0 20h !<\/strong> Au programme, c\u2019est 4<strong>7 lieux ouverts et plus de 100 artistes et cr\u00e9ateurs \u00e0 d\u00e9couvrir :<\/strong> peintres, photographes, c\u00e9ramistes, stylistes, sculpteurs, bijoutiers\u2026 et m\u00eame des auteurs nantais en d\u00e9dicace. Entre la butte Sainte-Anne et Chantenay, laisse-toi porter par un parcours riche en d\u00e9couvertes artistiques. Concerts, d\u00e9mos, d\u00e9gustations, concours et d\u00e9ambulation botanique viendront rythmer le week-end.<\/p>\n","protected":false},"excerpt":{"rendered":"La balade des ateliers de Chantenay 2025 La balade des ateliers de Chantenay \u2013 Sainte-Anne revient les 26,&hellip;\n","protected":false},"author":2,"featured_media":366701,"comment_status":"","ping_status":"","sticky":false,"template":"","format":"standard","meta":{"footnotes":""},"categories":[2818],"tags":[1111,11,1777,674,1011,27,766,12,2636,25],"class_list":{"0":"post-366700","1":"post","2":"type-post","3":"status-publish","4":"format-standard","5":"has-post-thumbnail","7":"category-nantes","8":"tag-actu","9":"tag-actualites","10":"tag-eu","11":"tag-europe","12":"tag-fr","13":"tag-france","14":"tag-nantes","15":"tag-news","16":"tag-pays-de-la-loire","17":"tag-republique-francaise"},"share_on_mastodon":{"url":"https:\/\/pubeurope.com\/@fr\/115148316374711882","error":""},"_links":{"self":[{"href":"https:\/\/www.europesays.com\/fr\/wp-json\/wp\/v2\/posts\/366700","targetHints":{"allow":["GET"]}}],"collection":[{"href":"https:\/\/www.europesays.com\/fr\/wp-json\/wp\/v2\/posts"}],"about":[{"href":"https:\/\/www.europesays.com\/fr\/wp-json\/wp\/v2\/types\/post"}],"author":[{"embeddable":true,"href":"https:\/\/www.europesays.com\/fr\/wp-json\/wp\/v2\/users\/2"}],"replies":[{"embeddable":true,"href":"https:\/\/www.europesays.com\/fr\/wp-json\/wp\/v2\/comments?post=366700"}],"version-history":[{"count":0,"href":"https:\/\/www.europesays.com\/fr\/wp-json\/wp\/v2\/posts\/366700\/revisions"}],"wp:featuredmedia":[{"embeddable":true,"href":"https:\/\/www.europesays.com\/fr\/wp-json\/wp\/v2\/media\/366701"}],"wp:attachment":[{"href":"https:\/\/www.europesays.com\/fr\/wp-json\/wp\/v2\/media?parent=366700"}],"wp:term":[{"taxonomy":"category","embeddable":true,"href":"https:\/\/www.europesays.com\/fr\/wp-json\/wp\/v2\/categories?post=366700"},{"taxonomy":"post_tag","embeddable":true,"href":"https:\/\/www.europesays.com\/fr\/wp-json\/wp\/v2\/tags?post=366700"}],"curies":[{"name":"wp","href":"https:\/\/api.w.org\/{rel}","templated":true}]}}