{"id":366702,"date":"2025-09-04T22:10:13","date_gmt":"2025-09-04T22:10:13","guid":{"rendered":"https:\/\/www.europesays.com\/fr\/366702\/"},"modified":"2025-09-04T22:10:13","modified_gmt":"2025-09-04T22:10:13","slug":"un-nouveau-rendez-vous-du-3-au-5-octobre","status":"publish","type":"post","link":"https:\/\/www.europesays.com\/fr\/366702\/","title":{"rendered":"un nouveau rendez-vous du 3 au 5 octobre"},"content":{"rendered":"<p>Premi\u00e8re \u00e9dition et ambitions affirm\u00e9es\u00a0: Green Paradize Festival se tiendra les 3, 4 et 5 octobre 2025 au parc de Mussonville \u00e0 B\u00e8gles. Imagin\u00e9 par Base Productions, l\u2019\u00e9v\u00e9nement se veut \u00e0 la fois \u00e9clectique et local, avec des t\u00eates d\u2019affiche reconnues et des artistes de la sc\u00e8ne bordelaise. Objectif annonc\u00e9\u00a0: devenir un rep\u00e8re de la rentr\u00e9e m\u00e9tropolitaine si le public r\u00e9pond pr\u00e9sent.<\/p>\n<p>\n                      Un lancement tr\u00e8s b\u00e9glais<\/p>\n<p>Jeudi 4 septembre, le rendez-vous est donn\u00e9 au PIP, brasserie artisanale 100\u00a0% bio de la rue Ferdinand-Buisson. Dans ce d\u00e9cor simple et convivial, l\u2019\u00e9quipe de <strong>Base Productions<\/strong>, Philippe, Guillaume et Aur\u00e9lien, pr\u00e9sente les grandes lignes du nouveau festival. Guillaume Prince prend la parole et rappelle l\u2019intention\u00a0: inscrire un \u00e9v\u00e9nement de musiques actuelles au c\u0153ur de la m\u00e9tropole, \u00e0 un pas de la Garonne, dans un \u00e9crin de verdure. Le ton est pos\u00e9\u00a0: neutralit\u00e9, sobri\u00e9t\u00e9 et pragmatisme. Selon l\u2019\u00e9quipe, Green Paradize ne cherche pas \u00e0 surench\u00e9rir mais \u00e0 proposer un format clair, lisible et accessible, avec une attention port\u00e9e \u00e0 l\u2019empreinte environnementale et \u00e0 la circulation des artistes.<\/p>\n<dl class=\"spip_document_39531 spip_documents spip_documents_center\">\n<dt><img loading=\"lazy\" decoding=\"async\" src=\"https:\/\/www.europesays.com\/fr\/wp-content\/uploads\/2025\/09\/_r2v0010-2-63b36.jpg\" width=\"983\" height=\"656\" alt=\"\"\/><\/dt>\n<dt class=\"spip_doc_titre\" style=\"width:350px;\"><strong>Pr\u00e9sentation du Green Paradize Festival<\/strong><\/dt>\n<dd class=\"spip_doc_descriptif\" style=\"width:350px;\">Maison PIP \u00e0 B\u00e8gles\n<\/dd>\n<\/dl>\n<p>Un \u201cpetit fr\u00e8re\u201d toulousain\u2026 et une grande id\u00e9e<\/p>\n<p>Le festival revendique sa filiation avec le <strong>Pink Paradize Festival<\/strong> (Toulouse) dont il est le \u00ab\u00a0petit fr\u00e8re\u00a0\u00bb. Les deux \u00e9v\u00e9nements se tiennent simultan\u00e9ment afin de mutualiser les d\u00e9placements des groupes et r\u00e9duire l\u2019impact environnemental. Concr\u00e8tement, certains artistes jouent le vendredi \u00e0 Toulouse \/ le samedi \u00e0 Bordeaux et inversement. Cette rotation, expliquent les organisateurs, permet d\u2019optimiser les trajets et d\u2019\u00e9viter les allers-retours inutiles. Elle s\u2019inscrit dans une logique simple\u00a0: faire mieux circuler la musique sans multiplier les kilom\u00e8tres, tout en assurant des plateaux coh\u00e9rents des deux c\u00f4t\u00e9s de la Garonne et de la Garonne\u2026 toulousaine.<\/p>\n<p>Une programmation \u00e9clectique et locale<\/p>\n<p>La premi\u00e8re affiche annonce la couleur\u00a0: The Blaze, Mezerg, Odezenne, Kompromat, Deluxe, K\u00e9ziah Jones, Ko Ko Mo, Altin G\u00fcn, Zoufris Maracas et une Sc\u00e8ne Locale d\u00e9di\u00e9e. Le choix assume un \u00e9clectisme o\u00f9 \u00e9lectro, rap et funk se croisent sans hi\u00e9rarchie.<\/p>\n<p>C\u00f4t\u00e9 artistes du cru, la pr\u00e9sence de <strong>Mezerg<\/strong> et <strong>Odezenne<\/strong> mat\u00e9rialise l\u2019ancrage girondin. Le premier s\u2019est impos\u00e9 par son approche singuli\u00e8re de l\u2019\u00e9lectro, le second est un groupe bordelais qui a su percer bien au-del\u00e0 de la sc\u00e8ne locale, incarnant cette capacit\u00e9 de la m\u00e9tropole \u00e0 g\u00e9n\u00e9rer des trajectoires devenues nationales. En face, une t\u00eate d\u2019affiche internationale comme <strong>K\u00e9ziah Jones<\/strong> donne l\u2019horizon, rappelle l\u2019ouverture et inscrit Green Paradize dans un espace de circulation plus vaste. Entre ces p\u00f4les, des noms qui cultivent leur force sc\u00e9nique, <strong>The Blaze<\/strong>, <strong>Kompromat<\/strong>, <strong>Deluxe<\/strong>, <strong>Ko Ko Mo<\/strong>, <strong>Altin G\u00fcn<\/strong>, <strong>Zoufris Maracas<\/strong>, composent un plateau pens\u00e9 pour le plein air, la d\u00e9ambulation et les rencontres de styles.<\/p>\n<p>L\u2019intitul\u00e9 \u201cSc\u00e8ne Locale\u201d servira de tremplin aux talents du territoire, une mani\u00e8re de donner une place lisible au vivier m\u00e9tropolitain, dans la continuit\u00e9 de l\u2019esprit de ce nouveau rendez-vous.<\/p>\n<p>Le pari m\u00e9tropolitain<\/p>\n<p>Le parc de Mussonville, pr\u00eat\u00e9 par la mairie de B\u00e8gles, devient le terrain de jeu de cette premi\u00e8re \u00e9dition. Selon Base Productions, ce choix de site r\u00e9pond \u00e0 une double logique\u00a0: proximit\u00e9 et lisibilit\u00e9. Le public girondin conna\u00eet le parc, l\u2019acc\u00e8s est simple, et le cadre favorise une exp\u00e9rience guid\u00e9e par la musique plus que par l\u2019accumulation de dispositifs. En filigrane, l\u2019ambition est assum\u00e9e\u00a0: si le succ\u00e8s est au rendez-vous, <strong>Green Paradize <\/strong> a vocation \u00e0 s\u2019installer durablement dans le calendrier de rentr\u00e9e. L\u2019id\u00e9e n\u2019est pas d\u2019ajouter un \u00e9v\u00e9nement de plus, mais de stabiliser un point d\u2019ancrage automnal, identifi\u00e9, \u00e0 taille humaine, qui parle autant aux aficionados d\u2019\u00e9lectro qu\u2019aux amateurs de rap et de funk.<\/p>\n<p><strong>Dimanche gratuit, esprit open air<\/strong><\/p>\n<p>Dernier signal fort\u00a0: le dimanche est gratuit. La journ\u00e9e est confi\u00e9e \u00e0 <strong>Bordeaux Open Air<\/strong> sous la forme d\u2019une carte blanche. Cette d\u00e9clinaison prolonge l\u2019intention de partage et d\u2019ouverture, avec un format dominical pens\u00e9 pour \u00e9largir le public et inviter les curieux \u00e0 d\u00e9couvrir l\u2019\u00e9v\u00e9nement. L\u00e0 encore, l\u2019articulation avec le tissu local est au c\u0153ur du projet\u00a0: s\u2019appuyer sur un acteur identifi\u00e9 de la m\u00e9tropole pour signer un final en plein air qui reste accessible.<\/p>\n<p>Affiche et identit\u00e9 visuelle<\/p>\n<p>Pour porter cette premi\u00e8re, l\u2019affiche est sign\u00e9e par le duo de street artistes allemand <strong>Yeye Weller<\/strong>. Choix graphique net, identit\u00e9 imm\u00e9diatement reconnaissable\u00a0: l\u2019image pose un cadre, un ton, et s\u2019inscrit dans une culture visuelle populaire, en phase avec l\u2019humeur d\u2019un festival de rentr\u00e9e. L\u2019ensemble consolide la lisibilit\u00e9 de Green Paradize\u00a0: un nom, un lieu, des dates, des partis pris simples et assum\u00e9s.<\/p>\n<dl class=\"spip_document_39533 spip_documents spip_documents_center\">\n<dt><img loading=\"lazy\" decoding=\"async\" src=\"https:\/\/www.europesays.com\/fr\/wp-content\/uploads\/2025\/09\/instapost-final-1-grande-2-7a908.jpg\" width=\"768\" height=\"960\" alt=\"\"\/><\/dt>\n<dt class=\"spip_doc_titre\" style=\"width:350px;\"><strong>Affiche du Green Paradize Festival<\/strong><\/dt>\n<dd class=\"spip_doc_descriptif\" style=\"width:350px;\">Affiche r\u00e9alis\u00e9e par le duo d\u2019artistes YEYE Weller\n<\/dd>\n<\/dl>\n<p>Une place \u00e0 trouver, une place \u00e0 tenir<\/p>\n<p>Dans la cartographie culturelle de la m\u00e9tropole bordelaise, octobre est souvent un temps de reprise, de curiosit\u00e9 et de calibrage. Green Paradize arrive avec une proposition claire\u00a0: un format resserr\u00e9 (trois jours), un ancrage b\u00e9glais, une programmation m\u00ealant \u00e9lectro, rap et funk, une attention \u00e0 l\u2019empreinte des tourn\u00e9es gr\u00e2ce au dialogue avec Pink Paradize, et un dimanche gratuit pour ouvrir les portes en grand. Reste la part du public, ce regard qui d\u00e9cide, et la capacit\u00e9, pour cette premi\u00e8re, \u00e0 tenir ensemble hospitalit\u00e9 locale et ambitions m\u00e9tropolitaines. L\u2019automne dira si la promesse devient rendez-vous\u00a0; pour l\u2019heure, la trajectoire est trac\u00e9e.<\/p>\n","protected":false},"excerpt":{"rendered":"Premi\u00e8re \u00e9dition et ambitions affirm\u00e9es\u00a0: Green Paradize Festival se tiendra les 3, 4 et 5 octobre 2025 au&hellip;\n","protected":false},"author":2,"featured_media":366703,"comment_status":"","ping_status":"","sticky":false,"template":"","format":"standard","meta":{"footnotes":""},"categories":[2817],"tags":[1111,11,1997,1777,674,1011,27,12,2219,25],"class_list":{"0":"post-366702","1":"post","2":"type-post","3":"status-publish","4":"format-standard","5":"has-post-thumbnail","7":"category-bordeaux","8":"tag-actu","9":"tag-actualites","10":"tag-bordeaux","11":"tag-eu","12":"tag-europe","13":"tag-fr","14":"tag-france","15":"tag-news","16":"tag-nouvelle-aquitaine","17":"tag-republique-francaise"},"share_on_mastodon":{"url":"https:\/\/pubeurope.com\/@fr\/115148319943329938","error":""},"_links":{"self":[{"href":"https:\/\/www.europesays.com\/fr\/wp-json\/wp\/v2\/posts\/366702","targetHints":{"allow":["GET"]}}],"collection":[{"href":"https:\/\/www.europesays.com\/fr\/wp-json\/wp\/v2\/posts"}],"about":[{"href":"https:\/\/www.europesays.com\/fr\/wp-json\/wp\/v2\/types\/post"}],"author":[{"embeddable":true,"href":"https:\/\/www.europesays.com\/fr\/wp-json\/wp\/v2\/users\/2"}],"replies":[{"embeddable":true,"href":"https:\/\/www.europesays.com\/fr\/wp-json\/wp\/v2\/comments?post=366702"}],"version-history":[{"count":0,"href":"https:\/\/www.europesays.com\/fr\/wp-json\/wp\/v2\/posts\/366702\/revisions"}],"wp:featuredmedia":[{"embeddable":true,"href":"https:\/\/www.europesays.com\/fr\/wp-json\/wp\/v2\/media\/366703"}],"wp:attachment":[{"href":"https:\/\/www.europesays.com\/fr\/wp-json\/wp\/v2\/media?parent=366702"}],"wp:term":[{"taxonomy":"category","embeddable":true,"href":"https:\/\/www.europesays.com\/fr\/wp-json\/wp\/v2\/categories?post=366702"},{"taxonomy":"post_tag","embeddable":true,"href":"https:\/\/www.europesays.com\/fr\/wp-json\/wp\/v2\/tags?post=366702"}],"curies":[{"name":"wp","href":"https:\/\/api.w.org\/{rel}","templated":true}]}}