{"id":366704,"date":"2025-09-04T22:11:11","date_gmt":"2025-09-04T22:11:11","guid":{"rendered":"https:\/\/www.europesays.com\/fr\/366704\/"},"modified":"2025-09-04T22:11:11","modified_gmt":"2025-09-04T22:11:11","slug":"nous-recusons-les-allegations-dincompletude-repond-lagence-gpso-apres-un-avis-negatif-a-la-demande-dautorisation-environnementale","status":"publish","type":"post","link":"https:\/\/www.europesays.com\/fr\/366704\/","title":{"rendered":"\u00ab\u00a0Nous r\u00e9cusons les all\u00e9gations d\u2019incompl\u00e9tude\u00a0\u00bb r\u00e9pond l\u2019Agence GPSO apr\u00e8s un avis n\u00e9gatif \u00e0 la demande d\u2019autorisation environnementale"},"content":{"rendered":"<p>Apr\u00e8s l\u2019avis n\u00e9gatif de la Commission locale de l\u2019eau (CLE) du Sch\u00e9ma d\u2019am\u00e9nagement et de gestion des eaux (Sage) du Ciron, consult\u00e9e dans le cadre de la demande d\u2019autorisation environnementale portant sur les investigations pr\u00e9alables au projet de LGV Bordeaux-Toulouse, le ma\u00eetre d\u2019ouvrage Agence GPSO r\u00e9agit.<\/p>\n<p>\u00c0 la manette du chantier de la Ligne nouvelle du Sud-Ouest (LNSO, ex-GPSO), l\u2019Agence GPSO souligne d\u2019abord un avis \u00ab\u00a0assez nuanc\u00e9\u00a0\u00bb du Sage Ciron puisqu\u2019il \u00ab\u00a0ne pointe pas formellement de non-conformit\u00e9 \u00e0 la r\u00e9glementation\u00a0\u00bb. Une forme de satisfaction <a href=\"https:\/\/www.sudouest.fr\/economie\/lgv\/lgv-bordeaux-toulouse-on-nous-empeche-de-bosser-correctement-les-techniciens-du-ciron-face-a-une-montagne-de-dossiers-25325602.php\" target=\"_blank\" rel=\"follow nofollow noopener\">\u00e9tant donn\u00e9 l\u2019ampleur du dossier<\/a>, de plus de 20\u00a0000\u00a0pages\u00a0: \u00ab\u00a0Son volume est li\u00e9 au lin\u00e9aire important de plus de 200\u00a0km de cette LGV et r\u00e9pond \u00e0 l\u2019objectif d\u2019\u00eatre le plus exhaustif possible dans l\u2019information pr\u00e9sent\u00e9e au public\u00a0\u00bb.<\/p>\n<p>\u00ab\u00a0D\u00e9marche en cours\u00a0\u00bb<\/p>\n<p>Le Sage Ciron, dont l\u2019avis n\u2019est que consultatif, avait cependant estim\u00e9 le dossier incomplet, s\u2019interrogeant sur \u00ab\u00a0l\u2019empressement dont a fait preuve\u00a0\u00bb le p\u00e9titionnaire. \u00ab\u00a0Nous r\u00e9cusons les all\u00e9gations d\u2019incompl\u00e9tude\u00a0\u00bb, r\u00e9torque l\u2019Agence GPSO qui rapporte que \u00ab\u00a0les services de l\u2019\u00c9tat ont formellement jug\u00e9 que ce dossier \u00e9tait \u00a0\u00bbcomplet et r\u00e9gulier\u2019\u2019 \u00bb. <\/p>\n<p>Autre point de d\u00e9saccord, l\u2019absence de s\u00e9curisation suffisante du foncier destin\u00e9 aux mesures de compensation point\u00e9e par le Sage. \u00ab\u00a0Il s\u2019agit d\u2019une d\u00e9marche en cours, il est tout \u00e0 fait normal \u00e0 ce stade du projet qu\u2019elle ne soit pas encore arriv\u00e9e \u00e0 son terme\u00a0\u00bb, estime le porteur du projet.<\/p>\n<p>Enfin, quand l\u2019avis du Sage Ciron qualifie d\u2019impossible la v\u00e9rification du respect de l\u2019\u00e9quivalence fonctionnelle, soit une compensation appropri\u00e9e en fonction du milieu et des esp\u00e8ces concern\u00e9s, \u00e0 cause d\u2019une divergence de m\u00e9thode de calcul, l\u2019Agence GPSO juge que \u00ab\u00a0la m\u00e9thode appliqu\u00e9e pr\u00e9voit bien un suivi de l\u2019application des mesures d\u2019\u00e9vitement annonc\u00e9es\u00a0\u00bb, ajoutant que \u00ab\u00a0le respect des engagements en mati\u00e8re environnementale est int\u00e9gr\u00e9 aux contrats pass\u00e9s avec nos entreprises\u00a0\u00bb.<\/p>\n<p>L\u2019Agence GPSO pr\u00e9cise cependant que le dossier de demande d\u2019autorisation environnementale qui sera soumis \u00e0 la d\u00e9cision du pr\u00e9fet comportera \u00ab\u00a0une pi\u00e8ce\u00a0\u00bb permettant de \u00ab\u00a0consolider l\u2019ensemble des avis rendus sur ce dossier\u00a0\u00bb, soit une prise en compte des diff\u00e9rents avis consultatifs.<\/p>\n","protected":false},"excerpt":{"rendered":"Apr\u00e8s l\u2019avis n\u00e9gatif de la Commission locale de l\u2019eau (CLE) du Sch\u00e9ma d\u2019am\u00e9nagement et de gestion des eaux&hellip;\n","protected":false},"author":2,"featured_media":366705,"comment_status":"","ping_status":"","sticky":false,"template":"","format":"standard","meta":{"footnotes":""},"categories":[2817],"tags":[1111,11,1997,1777,674,1011,27,12,2219,25],"class_list":{"0":"post-366704","1":"post","2":"type-post","3":"status-publish","4":"format-standard","5":"has-post-thumbnail","7":"category-bordeaux","8":"tag-actu","9":"tag-actualites","10":"tag-bordeaux","11":"tag-eu","12":"tag-europe","13":"tag-fr","14":"tag-france","15":"tag-news","16":"tag-nouvelle-aquitaine","17":"tag-republique-francaise"},"share_on_mastodon":{"url":"https:\/\/pubeurope.com\/@fr\/115148323836765237","error":""},"_links":{"self":[{"href":"https:\/\/www.europesays.com\/fr\/wp-json\/wp\/v2\/posts\/366704","targetHints":{"allow":["GET"]}}],"collection":[{"href":"https:\/\/www.europesays.com\/fr\/wp-json\/wp\/v2\/posts"}],"about":[{"href":"https:\/\/www.europesays.com\/fr\/wp-json\/wp\/v2\/types\/post"}],"author":[{"embeddable":true,"href":"https:\/\/www.europesays.com\/fr\/wp-json\/wp\/v2\/users\/2"}],"replies":[{"embeddable":true,"href":"https:\/\/www.europesays.com\/fr\/wp-json\/wp\/v2\/comments?post=366704"}],"version-history":[{"count":0,"href":"https:\/\/www.europesays.com\/fr\/wp-json\/wp\/v2\/posts\/366704\/revisions"}],"wp:featuredmedia":[{"embeddable":true,"href":"https:\/\/www.europesays.com\/fr\/wp-json\/wp\/v2\/media\/366705"}],"wp:attachment":[{"href":"https:\/\/www.europesays.com\/fr\/wp-json\/wp\/v2\/media?parent=366704"}],"wp:term":[{"taxonomy":"category","embeddable":true,"href":"https:\/\/www.europesays.com\/fr\/wp-json\/wp\/v2\/categories?post=366704"},{"taxonomy":"post_tag","embeddable":true,"href":"https:\/\/www.europesays.com\/fr\/wp-json\/wp\/v2\/tags?post=366704"}],"curies":[{"name":"wp","href":"https:\/\/api.w.org\/{rel}","templated":true}]}}