{"id":366706,"date":"2025-09-04T22:12:14","date_gmt":"2025-09-04T22:12:14","guid":{"rendered":"https:\/\/www.europesays.com\/fr\/366706\/"},"modified":"2025-09-04T22:12:14","modified_gmt":"2025-09-04T22:12:14","slug":"cest-un-stress-permanent-confie-sa-mere","status":"publish","type":"post","link":"https:\/\/www.europesays.com\/fr\/366706\/","title":{"rendered":"\u00ab\u00a0C&rsquo;est un stress permanent\u00a0\u00bb, confie sa m\u00e8re"},"content":{"rendered":"<p>            Par<br \/>\n        <strong><br \/>\n            <a href=\"https:\/\/actu.fr\/auteur\/lucie-2\" title=\"Consulter tous les articles de Lucie Fraisse\" rel=\"nofollow noopener\" target=\"_blank\">Lucie Fraisse<\/a><br \/>\n        <\/strong><\/p>\n<p>        Publi\u00e9 le<\/p>\n<p>            4 sept. 2025 \u00e0 18h46        <\/p>\n<p>C\u2019est l\u2019un des marronniers de la <b>rentr\u00e9e <\/b>\u2014 et\u00a0d\u2019ailleurs de toute la p\u00e9riode scolaire-\u2009: depuis plusieurs ann\u00e9es,<a href=\"https:\/\/actu.fr\/occitanie\/toulouse_31555\/toulouse-1-8-million-d-euros-depenses-pour-pallier-a-la-penurie-d-aesh-le-maire-va-envoyer-la-note-a-l-etat_63082525.html\" rel=\"nofollow noopener\" target=\"_blank\"> les \u00e9coles de Toulouse manquent cruellement d\u2019accompagnants d\u2019\u00e9l\u00e8ves en situation de handicap<\/a> (AESH). Dans les \u00e9tablissements scolaires, des enfants qui doivent b\u00e9n\u00e9ficier d\u2019un <strong>accompagnement sp\u00e9cifique<\/strong>, d\u00fbment notifi\u00e9 par la Maison d\u00e9partementale des personnes handicap\u00e9es (MDPH), se retrouvent priv\u00e9 de ce soutien qui leur est pourtant essentiel.<\/p>\n<p>Trois AESH quand il en faudrait sept dans l\u2019\u00e9cole<br \/>\n    <img   decoding=\"async\" loading=\"lazy\" src=\"https:\/\/www.europesays.com\/fr\/wp-content\/uploads\/2025\/09\/mobilisation-aesh-7-deniers-toulouself-960x640.jpg\" alt=\"Une mobilisation des parents d'\u00e9l\u00e8ves a \u00e9t\u00e9 organis\u00e9e devant l'\u00e9cole des Sept deniers, \u00e0 Toulouse, le jour de la rentr\u00e9e.\" width=\"960\" height=\"640\"\/><br \/>\n    Une mobilisation des parents d\u2019\u00e9l\u00e8ves a \u00e9t\u00e9 organis\u00e9e devant l\u2019\u00e9cole des Sept deniers, \u00e0 Toulouse, le jour de la rentr\u00e9e. (\u00a9actu.fr\/L.F.)<\/p>\n<p class=\" wall-content\">C\u2019est le cas de Jules, 11\u00a0ans. Scolaris\u00e9<strong> \u00e0 l\u2019\u00e9cole des Sept-deniers<\/strong>, il a fait sa rentr\u00e9e lundi 1er\u00a0septembre 2025, comme 39\u2009000\u00a0enfants dans la Ville rose. Une rentr\u00e9e qui ne s\u2019est pas d\u00e9roul\u00e9e exactement comme pr\u00e9vu pour le jeune gar\u00e7on.<\/p>\n<p class=\" wall-content\">Selon les parents d\u2019\u00e9l\u00e8ves \u00e9lus, au jour de la rentr\u00e9e, l\u2019\u00e9cole <a href=\"https:\/\/actu.fr\/occitanie\/toulouse_31555\/toulouse-avec-l-arrivee-du-metro-ce-quartier-va-accueillir-2-000-logements-ce-que-redoutent-les-habitants_62606962.html\" rel=\"nofollow noopener\" target=\"_blank\">des Sept deniers<\/a> n\u2019avait que trois AESH alors qu\u2019il en faudrait sept dans l\u2019\u00e9cole. Ce lundi matin, Jules en a fait les frais\u2009: il a pass\u00e9 sa premi\u00e8re journ\u00e9e dans sa classe de CM\u20092, <strong>sans l\u2019accompagnement sp\u00e9cifique auquel il a pourtant droit.<\/strong><\/p>\n<p>Vid\u00e9os : en ce moment sur ActuTrouble du spectre autistique<\/p>\n<p class=\" wall-content\">\u00ab\u2009Jules a un trouble du spectre autistique qui lui a \u00e9t\u00e9 diagnostiqu\u00e9 quand il avait quatre ans, raconte Martine, sa maman. Il a des<strong> troubles de l\u2019apprentissage<\/strong>, des difficult\u00e9s \u00e0 se concentrer, une dysgraphie, le fait d\u2019\u00eatre en groupe le fatigue beaucoup\u2026 La MDPH a notifi\u00e9 pour lui un accompagnement \u00e0 temps complet sur le temps scolaire, avec un AESH d\u00e9di\u00e9, depuis le CP.\u2009\u00bb<\/p>\n<p class=\" wall-content\">Un accompagnement qui permet notamment \u00e0 Jules de s\u2019apaiser, mais aussi de progresser. Mais depuis le CP, Jules n\u2019a jamais eu d\u2019AESH \u00e0 temps complet.<\/p>\n<p>Votre r\u00e9gion, votre actu !<\/p>\n<p>Recevez chaque jour les infos qui comptent pour vous.<\/p>\n<p>\t<a href=\"https:\/\/actu.fr\/newsletter\" class=\"ac-btn ac-btn--corner ac-btn--medium ac-btn--blue800\" rel=\"nofollow noopener\" target=\"_blank\">S&rsquo;incrire<\/a><br \/>\n\u00ab\u2009Ce n\u2019est pas le moment de le l\u00e2cher\u2009\u00bb<\/p>\n<p class=\" wall-content\">\u00ab\u2009Le pire, \u00e7a a \u00e9t\u00e9 en CE2\u2009: il n\u2019a <strong>pas eu d\u2019AESH pendant plusieurs mois<\/strong>. Il est quand m\u00eame pass\u00e9 en CM1, mais il a compl\u00e8tement d\u00e9croch\u00e9. Il a redoubl\u00e9 et l\u00e0, ils avaient un AESH pour trois et c\u2019\u00e9tait d\u00e9j\u00e0 pas mal\u2009: on l\u2019a vu progresser, il s\u2019est fait des copains, c\u2019\u00e9tait encourageant. Ce n\u2019est pas le moment de le l\u00e2cher.\u2009\u00bb<\/p>\n<p class=\" wall-content\">Forc\u00e9ment, Jules et sa famille ont \u00e9t\u00e9 d\u00e9\u00e7us quand ils ont appris, le jour de la rentr\u00e9e, que l\u2019\u00e9cole n\u2019aurait pas le nombre d\u2019AESH n\u00e9cessaire.<\/p>\n<p>Jules est \u00ab\u2009inquiet\u2009\u00bb<\/p>\n<p class=\" wall-content\">\u00ab\u2009Avoir un AESH, \u00e7a rassure Jules, souffle sa m\u00e8re. Donc l\u00e0, forc\u00e9ment, il est inquiet\u2009! Il m\u2019a demand\u00e9 s\u2019il allait \u00eatre sans AESH toute l\u2019ann\u00e9e. <strong>Pour nous, c\u2019est un stress permanent<\/strong>. J\u2019entends tr\u00e8s bien qu\u2019il y ait des enfants prioritaires parce qu\u2019ils sont plus petits ou qu\u2019ils peuvent \u00eatre dangereux pour eux-m\u00eames. Mais mon fils a aussi besoin d\u2019aide.\u2009\u00bb<\/p>\n<p>Un parcours du combattant<\/p>\n<p class=\" wall-content\">Sans bl\u00e2mer aucunement les enseignants, \u00ab\u2009pour eux c\u2019est aussi des efforts, d\u2019autant qu\u2019ils ont les autres enfants \u00e0 g\u00e9rer\u2009\u00bb, Martine se dit \u00ab\u2009d\u00e9munie\u2009\u00bb. \u00ab\u2009On a l\u2019impression de faire notre part, on ne laisse pas Jules \u00e0 la cantine, ni au Clae par exemple. Mais c\u2019est vrai que<strong> c\u2019est un parcours du combattant<\/strong>. Quand on a eu l\u2019accord de la MDPH pour que Jules ait une AESH on s\u2019est dit\u2009\u00bb super \u00ab. Mais derri\u00e8re, un autre parcours du combattant d\u00e9bute.\u2009\u00bb<\/p>\n<p class=\" wall-content\">Et le combat continue. Les parents de l\u2019\u00e9cole des Sept deniers entendent en effet lancer une proc\u00e9dure judiciaire pour obtenir les AESH manquants, tandis qu\u2019un courrier sera adress\u00e9 au rectorat et une p\u00e9tition lanc\u00e9e.<\/p>\n<p class=\" wall-content\">En cette rentr\u00e9e 2025, le recteur d\u2019acad\u00e9mie a annonc\u00e9 le recrutement de 64 nouveaux AESH en Haute-Garonne. Selon le syndicat FSU-SNUipp, <strong>il faudrait recruter 500\u00a0personnes<\/strong> pour faire face aux besoins.<\/p>\n<p class=\" wall-content\">Personnalisez votre actualit\u00e9 en ajoutant vos villes et m\u00e9dias en favori avec <a href=\"https:\/\/moncompte.actu.fr\" title=\"D\u00e9couvez Mon Actu\" rel=\"nofollow noopener\" data-trk=\"{&quot;cta&quot;:{&quot;action&quot;:&quot;https:\\\/\\\/moncompte.actu.fr&quot;,&quot;category&quot;:&quot;mon compte&quot;,&quot;from&quot;:&quot;article footer&quot;,&quot;name&quot;:&quot;Mon actu&quot;,&quot;type&quot;:&quot;cta&quot;}}\" target=\"_blank\">Mon Actu<\/a>.<\/p>\n","protected":false},"excerpt":{"rendered":"Par Lucie Fraisse Publi\u00e9 le 4 sept. 2025 \u00e0 18h46 C\u2019est l\u2019un des marronniers de la rentr\u00e9e \u2014&hellip;\n","protected":false},"author":2,"featured_media":366707,"comment_status":"","ping_status":"","sticky":false,"template":"","format":"standard","meta":{"footnotes":""},"categories":[2816],"tags":[1111,11,1777,674,1011,27,12,2680,25,104,2312],"class_list":{"0":"post-366706","1":"post","2":"type-post","3":"status-publish","4":"format-standard","5":"has-post-thumbnail","7":"category-toulouse","8":"tag-actu","9":"tag-actualites","10":"tag-eu","11":"tag-europe","12":"tag-fr","13":"tag-france","14":"tag-news","15":"tag-occitanie","16":"tag-republique-francaise","17":"tag-societe","18":"tag-toulouse"},"share_on_mastodon":{"url":"https:\/\/pubeurope.com\/@fr\/115148327744412398","error":""},"_links":{"self":[{"href":"https:\/\/www.europesays.com\/fr\/wp-json\/wp\/v2\/posts\/366706","targetHints":{"allow":["GET"]}}],"collection":[{"href":"https:\/\/www.europesays.com\/fr\/wp-json\/wp\/v2\/posts"}],"about":[{"href":"https:\/\/www.europesays.com\/fr\/wp-json\/wp\/v2\/types\/post"}],"author":[{"embeddable":true,"href":"https:\/\/www.europesays.com\/fr\/wp-json\/wp\/v2\/users\/2"}],"replies":[{"embeddable":true,"href":"https:\/\/www.europesays.com\/fr\/wp-json\/wp\/v2\/comments?post=366706"}],"version-history":[{"count":0,"href":"https:\/\/www.europesays.com\/fr\/wp-json\/wp\/v2\/posts\/366706\/revisions"}],"wp:featuredmedia":[{"embeddable":true,"href":"https:\/\/www.europesays.com\/fr\/wp-json\/wp\/v2\/media\/366707"}],"wp:attachment":[{"href":"https:\/\/www.europesays.com\/fr\/wp-json\/wp\/v2\/media?parent=366706"}],"wp:term":[{"taxonomy":"category","embeddable":true,"href":"https:\/\/www.europesays.com\/fr\/wp-json\/wp\/v2\/categories?post=366706"},{"taxonomy":"post_tag","embeddable":true,"href":"https:\/\/www.europesays.com\/fr\/wp-json\/wp\/v2\/tags?post=366706"}],"curies":[{"name":"wp","href":"https:\/\/api.w.org\/{rel}","templated":true}]}}