{"id":366708,"date":"2025-09-04T22:13:10","date_gmt":"2025-09-04T22:13:10","guid":{"rendered":"https:\/\/www.europesays.com\/fr\/366708\/"},"modified":"2025-09-04T22:13:10","modified_gmt":"2025-09-04T22:13:10","slug":"a-toulouse-les-heros-du-dimanche-fouleront-les-pas-des-champions-du-monde","status":"publish","type":"post","link":"https:\/\/www.europesays.com\/fr\/366708\/","title":{"rendered":"\u00c0 Toulouse, les h\u00e9ros du dimanche fouleront les pas des champions du monde"},"content":{"rendered":"<p style=\"text-align: justify;\"><strong>Aux Prairies des Filtres, amateurs et champions fouleront le m\u00eame sol. Le bruit des chaussures sur le bitume, la clameur du public et l\u2019intensit\u00e9 des regards viendront composer un d\u00e9cor unique. Pour la premi\u00e8re fois, la Grande Finale Supertri League accueillera \u00e0 Toulouse non seulement l\u2019\u00e9lite mondiale, mais aussi des triathl\u00e8tes amateurs, r\u00e9unis le temps d\u2019un week-end dans la Ville rose.<\/strong><\/p>\n<p style=\"text-align: justify;\">Le dimanche 5 octobre, place de la Dorade, les meilleurs triathl\u00e8tes de la plan\u00e8te s\u2019\u00e9lanceront pour conqu\u00e9rir un titre mondial. Leur objectif est de d\u00e9crocher le podium et inscrire leur nom dans l\u2019histoire de la discipline. Une qu\u00eate d\u2019excellence o\u00f9 chaque seconde comptera, \u00ab Toulouse a toujours offert une exp\u00e9rience de classe mondiale \u00bb, souligne Michael D\u2019hulst, PDG et co-fondateur de Supertri. \u00ab Choisir <a href=\"https:\/\/www.sportstrategies.com\/dupont-baille-et-le-cochonnet-toulouse-fete-la-rentree-avec-les-petanque-days\/\" rel=\"nofollow noopener\" target=\"_blank\">Toulouse<\/a> pour la Grande Finale \u00e9tait une d\u00e9cision naturelle. \u00bb<\/p>\n<p style=\"text-align: justify;\">Mais avant la qu\u00eate du titre mondial, un autre d\u00e9fi se jouera sur le m\u00eame parcours, celui des passionn\u00e9s anonymes. Le dimanche matin, les amateurs prendront le d\u00e9part du Toulouse Triathlon by Supertri. Trois formats leur seront propos\u00e9s : d\u00e9couverte (XS), sprint (S) et olympique (M). Leur enjeu ne sera pas un podium international mais un accomplissement personnel, franchir la distance et repousser leurs limites. \u00ab Cet \u00e9v\u00e9nement est une formidable opportunit\u00e9 de promouvoir le sport pour toutes et tous \u00bb, insiste Jean-Luc Moudenc, maire de Toulouse. L\u2019id\u00e9e de partager le m\u00eame week-end et le m\u00eame parcours que l\u2019\u00e9lite donne \u00e0 cette premi\u00e8re \u00e9dition une valeur symbolique forte.<\/p>\n<p style=\"text-align: justify;\">La veille, samedi 4 octobre, les Prairies des Filtres accueilleront d\u00e8s 13h00 des animations sportives et des rencontres avec les athl\u00e8tes. Un moment convivial, gratuit et ouvert \u00e0 tous, qui donnera le coup d\u2019envoi d\u2019un week-end plac\u00e9 sous le signe du triathlon.<\/p>\n<p style=\"text-align: justify;\">Tout au long du week-end, ateliers, animations et \u00e9preuves s\u2019encha\u00eeneront. Le m\u00eame bitume deviendra l\u2019ar\u00e8ne commune des champions et des passionn\u00e9s, un lieu o\u00f9 la fronti\u00e8re entre pros et amateurs s\u2019effacera dans l\u2019ambiance unique de la Ville rose.<\/p>\n<p style=\"text-align: justify;\">Deux lignes d\u2019arriv\u00e9e marqueront ce dimanche, celle des champions du monde, c\u00e9l\u00e9br\u00e9e sous les projecteurs, et celle des amateurs, v\u00e9cue comme une victoire intime. \u00c0 Toulouse, chaque ligne d\u2019arriv\u00e9e aura valeur de sommet, qu\u2019elle soit c\u00e9l\u00e9br\u00e9e dans la clameur ou v\u00e9cue dans le silence <a href=\"https:\/\/supertri.com\/\" rel=\"nofollow noopener\" target=\"_blank\">int\u00e9rieur<\/a>.\u00a0<\/p>\n<p>Plus d\u2019informations pratiques disponibles sur le site officiel : <a data-start=\"734\" data-end=\"813\" rel=\"noopener nofollow\" target=\"_new\" class=\"decorated-link\" href=\"https:\/\/supertri.com\/events\/toulouse-2025\/?utm_source=chatgpt.com\">supertri.com\/events\/toulouse-2025<\/a><\/p>\n","protected":false},"excerpt":{"rendered":"Aux Prairies des Filtres, amateurs et champions fouleront le m\u00eame sol. Le bruit des chaussures sur le bitume,&hellip;\n","protected":false},"author":2,"featured_media":366709,"comment_status":"","ping_status":"","sticky":false,"template":"","format":"standard","meta":{"footnotes":""},"categories":[2816],"tags":[1111,11,1777,674,1011,27,12,2680,25,2312],"class_list":{"0":"post-366708","1":"post","2":"type-post","3":"status-publish","4":"format-standard","5":"has-post-thumbnail","7":"category-toulouse","8":"tag-actu","9":"tag-actualites","10":"tag-eu","11":"tag-europe","12":"tag-fr","13":"tag-france","14":"tag-news","15":"tag-occitanie","16":"tag-republique-francaise","17":"tag-toulouse"},"share_on_mastodon":{"url":"https:\/\/pubeurope.com\/@fr\/115148331656302094","error":""},"_links":{"self":[{"href":"https:\/\/www.europesays.com\/fr\/wp-json\/wp\/v2\/posts\/366708","targetHints":{"allow":["GET"]}}],"collection":[{"href":"https:\/\/www.europesays.com\/fr\/wp-json\/wp\/v2\/posts"}],"about":[{"href":"https:\/\/www.europesays.com\/fr\/wp-json\/wp\/v2\/types\/post"}],"author":[{"embeddable":true,"href":"https:\/\/www.europesays.com\/fr\/wp-json\/wp\/v2\/users\/2"}],"replies":[{"embeddable":true,"href":"https:\/\/www.europesays.com\/fr\/wp-json\/wp\/v2\/comments?post=366708"}],"version-history":[{"count":0,"href":"https:\/\/www.europesays.com\/fr\/wp-json\/wp\/v2\/posts\/366708\/revisions"}],"wp:featuredmedia":[{"embeddable":true,"href":"https:\/\/www.europesays.com\/fr\/wp-json\/wp\/v2\/media\/366709"}],"wp:attachment":[{"href":"https:\/\/www.europesays.com\/fr\/wp-json\/wp\/v2\/media?parent=366708"}],"wp:term":[{"taxonomy":"category","embeddable":true,"href":"https:\/\/www.europesays.com\/fr\/wp-json\/wp\/v2\/categories?post=366708"},{"taxonomy":"post_tag","embeddable":true,"href":"https:\/\/www.europesays.com\/fr\/wp-json\/wp\/v2\/tags?post=366708"}],"curies":[{"name":"wp","href":"https:\/\/api.w.org\/{rel}","templated":true}]}}