{"id":366711,"date":"2025-09-04T22:15:13","date_gmt":"2025-09-04T22:15:13","guid":{"rendered":"https:\/\/www.europesays.com\/fr\/366711\/"},"modified":"2025-09-04T22:15:13","modified_gmt":"2025-09-04T22:15:13","slug":"braderie-2025-le-guide-express-pour-eviter-bouchons-et-galeres","status":"publish","type":"post","link":"https:\/\/www.europesays.com\/fr\/366711\/","title":{"rendered":"Braderie 2025\u00a0: le guide express pour \u00e9viter bouchons et gal\u00e8res"},"content":{"rendered":"<p><b>Le plus simple\u00a0: viens sans ta voiture<\/b>&#13;<\/p>\n<p>Le <b>p\u00e9rim\u00e8tre braderie<\/b> est pi\u00e9ton du <b>vendredi 5 \u00e0 19h<\/b> au <b>lundi 8 \u00e0 1h<\/b>. Les parkings du centre (Op\u00e9ra, Grand\u2019Place, Rihour, R\u00e9publique, Vieux-Lille, etc.) sont <b>ferm\u00e9s<\/b> sur ce cr\u00e9neau. Si tu conduis quand m\u00eame, vise les <b>parkings-relais<\/b> (4 Cantons, CHU-Eurasant\u00e9, Porte d\u2019Arras, Porte des Postes, Lomme Saint-Philibert, Les Pr\u00e9s\u2013Edgar Pisani, Pont de Neuville, Cerisaie\u2026 + P+R des gares d\u2019Armenti\u00e8res, Seclin, Don-Sainghin, La Bass\u00e9e). Ils restent ouverts en continu dans la nuit de samedi \u00e0 dimanche pour la plupart.<\/p>\n<p>&#13;<\/p>\n<blockquote class=\"instagram-media\" data-instgrm-permalink=\"https:\/\/www.instagram.com\/p\/DOEMeNMDSq2\/?utm_source=ig_embed&amp;utm_campaign=loading\" data-instgrm-version=\"14\" style=\"background: #FFF; border: 0; border-radius: 3px; box-shadow: 0 0 1px 0 rgba(0,0,0,0.5),0 1px 10px 0 rgba(0,0,0,0.15); margin: 1px; max-width: 540px; min-width: 326px; padding: 0; width: calc(100% - 2px);\"><p>&#13;<br \/>\n&#13;\n<\/p><\/blockquote>\n<p>&#13;<br \/>\n&#13;<br \/>\n<b>M\u00e9tro et tram\u00a0: non-stop tout le week-end<\/b>&#13;<\/p>\n<p><b>M\u00e9tro<\/b>\u00a0: dernier d\u00e9part prolong\u00e9 <b>vendredi 5 \u00e0 1h30<\/b> depuis Lille-Flandres. Puis <b>service continu de samedi 5h \u00e0 dimanche 0h30<\/b>.<br \/><b>Tram<\/b>\u00a0: circulation <b>non-stop du samedi matin au dimanche soir<\/b> avec renforts (cadences serr\u00e9es en journ\u00e9e, plus espac\u00e9es la nuit). Ach\u00e8te tes titres <b>avant<\/b> pour \u00e9viter la queue (bornes, e-boutique, appli Pass Pass).<\/p>\n<p>&#13;<br \/>\n<b>Bus\u00a0: d\u00e9viations au centre, renforts en p\u00e9riph\u00e9rie<\/b>&#13;<\/p>\n<p>Aucun bus dans le p\u00e9rim\u00e8tre. Plusieurs lignes sont <b>prolong\u00e9es la nuit<\/b> (L1, L5 toute la nuit de samedi \u00e0 dimanche\u00a0; d\u2019autres jusqu\u2019\u00e0 2h\/3h). Retiens que les lignes CITL, NVL, 9 et N1 sont <b>suspendues<\/b> ce week-end.<\/p>\n<p>&#13;<\/p>\n<blockquote class=\"instagram-media\" data-instgrm-permalink=\"https:\/\/www.instagram.com\/p\/DN9-KoFDfBO\/?utm_source=ig_embed&amp;utm_campaign=loading\" data-instgrm-version=\"14\" style=\"background: #FFF; border: 0; border-radius: 3px; box-shadow: 0 0 1px 0 rgba(0,0,0,0.5),0 1px 10px 0 rgba(0,0,0,0.15); margin: 1px; max-width: 540px; min-width: 326px; padding: 0; width: calc(100% - 2px);\"><p>&#13;<br \/>\n&#13;\n<\/p><\/blockquote>\n<p>&#13;<br \/>\n&#13;<br \/>\n<b>TER et avion\u00a0: bons plans d\u2019acc\u00e8s<\/b>&#13;<\/p>\n<p><b>TER<\/b>\u00a0: 54 d\u00e9parts suppl\u00e9mentaires et <b>billets sp\u00e9ciaux entre 2\u20ac et 20\u20ac<\/b> au d\u00e9part des gares des Hauts-de-France (quantit\u00e9s limit\u00e9es, trajet\/date\/heure fix\u00e9s).<br \/><b>A\u00e9roport Lesquin<\/b>\u00a0: navette vers les gares (AR 9\u20ac), arr\u00eat d\u00e9plac\u00e9 <b>boulevard de Leeds<\/b> pendant la braderie.<\/p>\n<p>&#13;<br \/>\n<b>V\u00e9los\u00a0: oui, mais\u2026<\/b>&#13;<\/p>\n<p>Tu peux rouler \u00e0 v\u00e9lo, mais <a href=\"https:\/\/www.lebonbon.fr\/lille\/news\/1er-aout-abonnes-ilevia-pedaler-gratuitement-lille\/\" rel=\"nofollow noopener\" target=\"_blank\"><b>35 stations V\u2019Lille<\/b><\/a> \u00e0 l\u2019int\u00e9rieur du p\u00e9rim\u00e8tre sont <b>ferm\u00e9es<\/b> du jeudi matin au lundi 10h. Anticipe pour attacher\/relouer \u00e0 l\u2019ext\u00e9rieur.<\/p>\n<p>&#13;<br \/>\n<b>Safe Places &amp; astuce s\u00e9r\u00e9nit\u00e9<\/b>&#13;<\/p>\n<p>Il\u00e9via d\u00e9ploie des <b>zones refuges \u201cSafe Places\u201d<\/b> avant portillons \u00e0 <b><a href=\"https:\/\/www.lebonbon.fr\/lille\/wtf\/gare-lille-flandres-amour-crush\/\" rel=\"nofollow noopener\" target=\"_blank\">Gare Lille-Flandres<\/a>, R\u00e9publique-Beaux-Arts et Rihour<\/b> (samedi 7h \u2192 dimanche 18h)\u00a0: \u00e9coute et prise en charge en cas d\u2019ins\u00e9curit\u00e9\/harc\u00e8lement. Et pour gagner du temps\u00a0: <b>prends un Pass 1 jour (5,50\u20ac) ou 2 jours (9,80\u20ac)<\/b> et valide une fois, tu es libre tout le week-end (m\u00e9tro, tram, bus, TER m\u00e9tropolitains).<\/p>\n<p>&#13;<\/p>\n<p>Bon <a href=\"https:\/\/www.lebonbon.fr\/lille\/bons-plans\/braderie-lille-2025-guide-ultime-plus-grand-vide-grenier-europe\/\" rel=\"nofollow noopener\" target=\"_blank\">chinage,<\/a> bonnes moules-frites\u2026 et bonnes jambes\u00a0!<\/p>\n<p><script async src=\"\/\/www.instagram.com\/embed.js\"><\/script><\/p>\n","protected":false},"excerpt":{"rendered":"Le plus simple\u00a0: viens sans ta voiture&#13; Le p\u00e9rim\u00e8tre braderie est pi\u00e9ton du vendredi 5 \u00e0 19h au&hellip;\n","protected":false},"author":2,"featured_media":366712,"comment_status":"","ping_status":"","sticky":false,"template":"","format":"standard","meta":{"footnotes":""},"categories":[2815],"tags":[1111,11,1777,674,1011,27,811,1307,12,25],"class_list":{"0":"post-366711","1":"post","2":"type-post","3":"status-publish","4":"format-standard","5":"has-post-thumbnail","7":"category-lille","8":"tag-actu","9":"tag-actualites","10":"tag-eu","11":"tag-europe","12":"tag-fr","13":"tag-france","14":"tag-hauts-de-france","15":"tag-lille","16":"tag-news","17":"tag-republique-francaise"},"share_on_mastodon":{"url":"https:\/\/pubeurope.com\/@fr\/115148339530060273","error":""},"_links":{"self":[{"href":"https:\/\/www.europesays.com\/fr\/wp-json\/wp\/v2\/posts\/366711","targetHints":{"allow":["GET"]}}],"collection":[{"href":"https:\/\/www.europesays.com\/fr\/wp-json\/wp\/v2\/posts"}],"about":[{"href":"https:\/\/www.europesays.com\/fr\/wp-json\/wp\/v2\/types\/post"}],"author":[{"embeddable":true,"href":"https:\/\/www.europesays.com\/fr\/wp-json\/wp\/v2\/users\/2"}],"replies":[{"embeddable":true,"href":"https:\/\/www.europesays.com\/fr\/wp-json\/wp\/v2\/comments?post=366711"}],"version-history":[{"count":0,"href":"https:\/\/www.europesays.com\/fr\/wp-json\/wp\/v2\/posts\/366711\/revisions"}],"wp:featuredmedia":[{"embeddable":true,"href":"https:\/\/www.europesays.com\/fr\/wp-json\/wp\/v2\/media\/366712"}],"wp:attachment":[{"href":"https:\/\/www.europesays.com\/fr\/wp-json\/wp\/v2\/media?parent=366711"}],"wp:term":[{"taxonomy":"category","embeddable":true,"href":"https:\/\/www.europesays.com\/fr\/wp-json\/wp\/v2\/categories?post=366711"},{"taxonomy":"post_tag","embeddable":true,"href":"https:\/\/www.europesays.com\/fr\/wp-json\/wp\/v2\/tags?post=366711"}],"curies":[{"name":"wp","href":"https:\/\/api.w.org\/{rel}","templated":true}]}}