{"id":366713,"date":"2025-09-04T22:16:11","date_gmt":"2025-09-04T22:16:11","guid":{"rendered":"https:\/\/www.europesays.com\/fr\/366713\/"},"modified":"2025-09-04T22:16:11","modified_gmt":"2025-09-04T22:16:11","slug":"grand-bruit-a-marseille-un-show-rap-unique","status":"publish","type":"post","link":"https:\/\/www.europesays.com\/fr\/366713\/","title":{"rendered":"Grand Bruit \u00e0 Marseille, un show rap unique"},"content":{"rendered":"<p>Cr\u00e9\u00e9 et port\u00e9 par la rappeuse bretonne activiste Pumpkin, Grand Bruit est un show rap unique en son genre o\u00f9 chaque artiste a sa place. Compos\u00e9e de Nooj, Shadeblauck, Supa, Hvrley Qveen, Double C et Fee aux micros et Maclarnaque aux platines, cette cr\u00e9ation est taill\u00e9e sur mesure autour d\u2019un gang d\u2019artistes singuliers et singuli\u00e8res de la bouillonnante sc\u00e8ne hip-hop nantaise. L\u2019id\u00e9e\u00a0? Faire changer les regards et bousculer les codes le temps d\u2019un spectacle. Car oui, l\u2019union fait la force.<\/p>\n<p><strong>Pumpkin, pourquoi avoir cr\u00e9\u00e9 Grand Bruit\u00a0?<\/strong>&#13;\n<\/p>\n<p>C\u2019est une cr\u00e9ation, un projet qui a pour but la <a href=\"https:\/\/www.laprovence.com\/videos\/le-festival-hip-hop-non-stop-a-mis-le-feu-la-plaine-vendredi-soir\/1726320441208\" target=\"_blank\" rel=\"noopener\">mise en lumi\u00e8re d\u2019artistes rap<\/a> en voie de professionnalisation de la r\u00e9gion nantaise. En solo, ils n\u2019auraient pas acc\u00e8s \u00e0 toutes ces sc\u00e8nes. C\u2019est difficile, le march\u00e9 est satur\u00e9.<\/p>\n<p><strong>Qui sont ces artistes\u00a0?<\/strong>&#13;\n<\/p>\n<p>Il y a une DJ et six rappeur.euse.s. Il n\u2019y a pas que des femmes, il y a aussi des personnes non binaires et hommes trans.<\/p>\n<p><strong>Qu\u2019est ce qui fait la particularit\u00e9 de votre projet\u00a0?<\/strong>&#13;\n<\/p>\n<p>J\u2019ai \u00e9crit cette cr\u00e9ation autour des artistes que j\u2019ai s\u00e9lectionn\u00e9s, et non l\u2019inverse. Car j\u2019ai eu envie de travailler avec chacun d\u2019eux, de les mettre en valeur, et raconter quelque chose de sinc\u00e8re et d\u2019honn\u00eate. Mais ce qu\u2019on a de pl&#8230;<\/p>\n","protected":false},"excerpt":{"rendered":"Cr\u00e9\u00e9 et port\u00e9 par la rappeuse bretonne activiste Pumpkin, Grand Bruit est un show rap unique en son&hellip;\n","protected":false},"author":2,"featured_media":366714,"comment_status":"","ping_status":"","sticky":false,"template":"","format":"standard","meta":{"footnotes":""},"categories":[2814],"tags":[17,1111,11,5262,251,1777,674,7482,1011,27,2515,884,12889,12,5241,316,5396,882,25],"class_list":{"0":"post-366713","1":"post","2":"type-post","3":"status-publish","4":"format-standard","5":"has-post-thumbnail","7":"category-marseille","8":"tag-17","9":"tag-actu","10":"tag-actualites","11":"tag-assez","12":"tag-culture","13":"tag-eu","14":"tag-europe","15":"tag-fort","16":"tag-fr","17":"tag-france","18":"tag-grand","19":"tag-marseille","20":"tag-message","21":"tag-news","22":"tag-on","23":"tag-politique","24":"tag-porte","25":"tag-provence-alpes-cote-dazur","26":"tag-republique-francaise"},"share_on_mastodon":{"url":"https:\/\/pubeurope.com\/@fr\/115148343459523100","error":""},"_links":{"self":[{"href":"https:\/\/www.europesays.com\/fr\/wp-json\/wp\/v2\/posts\/366713","targetHints":{"allow":["GET"]}}],"collection":[{"href":"https:\/\/www.europesays.com\/fr\/wp-json\/wp\/v2\/posts"}],"about":[{"href":"https:\/\/www.europesays.com\/fr\/wp-json\/wp\/v2\/types\/post"}],"author":[{"embeddable":true,"href":"https:\/\/www.europesays.com\/fr\/wp-json\/wp\/v2\/users\/2"}],"replies":[{"embeddable":true,"href":"https:\/\/www.europesays.com\/fr\/wp-json\/wp\/v2\/comments?post=366713"}],"version-history":[{"count":0,"href":"https:\/\/www.europesays.com\/fr\/wp-json\/wp\/v2\/posts\/366713\/revisions"}],"wp:featuredmedia":[{"embeddable":true,"href":"https:\/\/www.europesays.com\/fr\/wp-json\/wp\/v2\/media\/366714"}],"wp:attachment":[{"href":"https:\/\/www.europesays.com\/fr\/wp-json\/wp\/v2\/media?parent=366713"}],"wp:term":[{"taxonomy":"category","embeddable":true,"href":"https:\/\/www.europesays.com\/fr\/wp-json\/wp\/v2\/categories?post=366713"},{"taxonomy":"post_tag","embeddable":true,"href":"https:\/\/www.europesays.com\/fr\/wp-json\/wp\/v2\/tags?post=366713"}],"curies":[{"name":"wp","href":"https:\/\/api.w.org\/{rel}","templated":true}]}}